{"id":42821,"date":"2023-06-06T14:30:56","date_gmt":"2023-06-06T11:30:56","guid":{"rendered":"https:\/\/emlaktuel.com\/?p=42821"},"modified":"2023-06-06T14:30:56","modified_gmt":"2023-06-06T11:30:56","slug":"zeraydan-buyuleyici-bir-proje-daha-zeray-miracle-garden","status":"publish","type":"post","link":"https:\/\/emlaktuel.com\/?p=42821","title":{"rendered":"Zeray&#8217;dan b\u00fcy\u00fcleyici bir proje daha Zeray Miracle Garden"},"content":{"rendered":"<p>ZERAY\u2019DAN B\u00dcY\u00dcLEY\u0130C\u0130 B\u0130R PROJE DAHA<br \/>\nZERAY MIRACLE GARDEN<\/p>\n<p>Geli\u015ftirdi\u011fi projeler ile ulusal ve uluslararas\u0131 gayrimenkul sekt\u00f6r\u00fcnde ses getiren projelere imza atan&nbsp;Zeray, T\u00fcrk ekonomisinin amiral gemisi e\u015fsiz lokasyon olarak tan\u0131mlad\u0131\u011f\u0131 Kocaeli\u2019ndeki projelerine bir yenisini daha ekliyor.<br \/>\n\u201cKocaeli\u2019nin vizyonunu da simgeliyoruz.\u201d diyen Zeray\u2019\u0131n sat\u0131\u015fa sundu\u011fu son projesi Zeray Miracle Garden, do\u011faya dokunan muhte\u015fem konumu, peyzaj\u0131yla \u00f6n plana \u00e7\u0131kan az katl\u0131 \u00f6zg\u00fcn mimarisi ve sosyal alanlar\u0131 ile yine b\u00f6lgede fark olu\u015fturacak.<br \/>\n17.510 metrekare alan \u00fczerine in\u015fa edilecek ve 256 \u00fcniteden olu\u015fan Zeray Miracle Garden lansmana \u00f6zel avantajlarla g\u00f6r\u00fcc\u00fcye \u00e7\u0131kt\u0131. \u0130\u00e7 mimarisi \u00f6zel olarak ele al\u0131nan projede yer alan kapal\u0131 havuz, fitness, hamam, sauna, buhar odas\u0131 gibi fonksiyonlar sayesinde Miracle Garden, t\u00fcm ya\u015famsal olanaklar\u0131 kendi i\u00e7inde sa\u011flayabilen, mahremiyet ve g\u00fcvenli\u011fi \u00fcst d\u00fczeyde tutan \u00f6zel bir proje olarak fark yarat\u0131yor. \u015eehrin kalbinde, b\u00fcy\u00fcleyici bir ya\u015fam vaadi ile hayata ge\u00e7irilen Miracle Garden, orman\u0131n ortas\u0131nda reng\u00e2renk peyzaj alanlar\u0131, \u015felaleleri, y\u00fcr\u00fcy\u00fc\u015f ve bisiklet yollar\u0131yla, benzersiz dinlenme ve keyif alanlar\u0131 da sunuyor. Pek \u00e7ok ayr\u0131cal\u0131\u011f\u0131n yer ald\u0131\u011f\u0131 projede a\u00e7\u0131k hava spor alanlar\u0131n\u0131n yan\u0131 s\u0131ra her detay\u0131 \u00f6zenle d\u00fc\u015f\u00fcn\u00fclm\u00fc\u015f sosyal alanlarda, dileyenler yeni bir hobiyi deneyimlerken, dileyenler tutkular\u0131n\u0131 sevdikleri ile birlikte ya\u015fama \u015fans\u0131n\u0131 buluyor.<br \/>\nZeray A.\u015e. pazarlamadan sorumlu Genel M\u00fcd\u00fcr Yard\u0131mc\u0131s\u0131 Ayt\u00fcl Ayhan, Miracle Garden projesine ili\u015fkin yapt\u0131\u011f\u0131 de\u011ferlendirmede, bug\u00fcne kadar geli\u015ftirdikleri projelerle hem binlerce aileyi ev sahibi yapt\u0131klar\u0131n\u0131, hem de projelerin bulundu\u011fu b\u00f6lgelerin \u00e7ehresini ihya ederek nitelikli birer ya\u015fam merkezi haline gelmelerine destek olduklar\u0131n\u0131 vurgulayarak \u015funlar\u0131 dile getirdi: \u201cBa\u015fiskele, Kocaeli\u2019nin y\u0131ld\u0131z\u0131 parlayan ve her ge\u00e7en g\u00fcn de\u011feri katlanarak artan bir lokasyonu olarak \u00f6n plana \u00e7\u0131k\u0131yor. Yeni projemiz Miracle Garden, \u00fclkemizin g\u00f6z bebe\u011fi olan Kocaeli\u2019mizin bu g\u00f6zde il\u00e7esinde tabiat ile i\u00e7 i\u00e7e bir konumda bulunuyor. Zeray Miracle Garden, \u015fehirden uzakla\u015fmadan do\u011fan\u0131n yan\u0131 ba\u015f\u0131nda ya\u015famak isteyenlerin tercihi olacak. Projemiz, sakinlerinin ihtiya\u00e7 duydu\u011fu b\u00fct\u00fcn ayr\u0131nt\u0131lara cevap vermesinin yan\u0131nda vadetti\u011fi y\u00fcksek prim potansiyeli ile de yat\u0131r\u0131mc\u0131lar\u0131 cezbedecektir. Bug\u00fcne kadar hayata ge\u00e7irdi\u011fimiz t\u00fcm projeler, gelece\u011fe miras b\u0131rakaca\u011f\u0131m\u0131z projelerin teminat\u0131d\u0131r. \u0130nan\u0131yoruz ki Zeray Miracle Garden\u2019da Kocaeli\u2019nin simge konsept projeleri aras\u0131ndaki yerini alacakt\u0131r.<br \/>\nDairelerin Balkonlar\u0131ndan Orman Kokusu Hissedilecek<br \/>\nZeray Miracle Garden\u2019da bloklar aras\u0131nda b\u0131rak\u0131lan geni\u015f a\u00e7\u0131kl\u0131klar, \u00e7evredeki orman\u0131n ve ye\u015filin proje ile b\u00fct\u00fcnle\u015fmesini ve dairelerin do\u011fal g\u00fcn \u0131\u015f\u0131\u011f\u0131ndan faydalanmalar\u0131na imk\u00e2n tan\u0131yor.<br \/>\nZeray Miracle Garden\u2019da, ihtiyaca y\u00f6nelik birbirinden farkl\u0131 tiplerde, 1+1 \u2019den 4+1 \u2019e 256 konut bulunacak. 61 ile 220 metrekare aral\u0131\u011f\u0131nda uzanan farkl\u0131 se\u00e7eneklerin yer ald\u0131\u011f\u0131 projede fiyatlar 2.014.595 TL den ba\u015fl\u0131yor.<\/p>\n<p>ZERAY M\u0130RACLE GARDEN PROJE K\u00dcNYES\u0130<br \/>\nProje \u0130smi:&nbsp; Zeray Miracle Garden<br \/>\nY\u00fcklenici:&nbsp; Zeray \u0130n\u015faat<br \/>\nLokasyon:&nbsp; Ba\u015fiskele<br \/>\nArsa B\u00fcy\u00fckl\u00fc\u011f\u00fc:&nbsp; 17.510 m\u00b2<br \/>\n\u00dcnite Say\u0131s\u0131:&nbsp; 256<br \/>\nKonut Tipleri:&nbsp; 1+1 \u2013 4+1 aral\u0131\u011f\u0131nda, bah\u00e7e dubleks , ara kat , \u00e7at\u0131 dubleks daireler<br \/>\nTeslim Tarihi:&nbsp;30.12.2025<\/p>\n","protected":false},"excerpt":{"rendered":"<p>ZERAY\u2019DAN B\u00dcY\u00dcLEY\u0130C\u0130 B\u0130R PROJE DAHA ZERAY MIRACLE GARDEN Geli\u015ftirdi\u011fi projeler ile ulusal ve uluslararas\u0131 gayrimenkul sekt\u00f6r\u00fcnde ses getiren projelere imza atan&nbsp;Zeray, T\u00fcrk ekonomisinin amiral gemisi e\u015fsiz lokasyon olarak tan\u0131mlad\u0131\u011f\u0131 Kocaeli\u2019ndeki projelerine bir yenisini daha ekliyor. \u201cKocaeli\u2019nin vizyonunu da simgeliyoruz.\u201d diyen Zeray\u2019\u0131n sat\u0131\u015fa sundu\u011fu son projesi Zeray Miracle Garden, do\u011faya dokunan muhte\u015fem konumu, peyzaj\u0131yla \u00f6n plana [&hellip;]<\/p>\n","protected":false},"author":1,"featured_media":42822,"comment_status":"open","ping_status":"open","sticky":false,"template":"","format":"standard","meta":{"ngg_post_thumbnail":0},"categories":[221,5388],"tags":[17130],"_links":{"self":[{"href":"https:\/\/emlaktuel.com\/index.php?rest_route=\/wp\/v2\/posts\/42821"}],"collection":[{"href":"https:\/\/emlaktuel.com\/index.php?rest_route=\/wp\/v2\/posts"}],"about":[{"href":"https:\/\/emlaktuel.com\/index.php?rest_route=\/wp\/v2\/types\/post"}],"author":[{"embeddable":true,"href":"https:\/\/emlaktuel.com\/index.php?rest_route=\/wp\/v2\/users\/1"}],"replies":[{"embeddable":true,"href":"https:\/\/emlaktuel.com\/index.php?rest_route=%2Fwp%2Fv2%2Fcomments&post=42821"}],"version-history":[{"count":1,"href":"https:\/\/emlaktuel.com\/index.php?rest_route=\/wp\/v2\/posts\/42821\/revisions"}],"predecessor-version":[{"id":42823,"href":"https:\/\/emlaktuel.com\/index.php?rest_route=\/wp\/v2\/posts\/42821\/revisions\/42823"}],"wp:featuredmedia":[{"embeddable":true,"href":"https:\/\/emlaktuel.com\/index.php?rest_route=\/wp\/v2\/media\/42822"}],"wp:attachment":[{"href":"https:\/\/emlaktuel.com\/index.php?rest_route=%2Fwp%2Fv2%2Fmedia&parent=42821"}],"wp:term":[{"taxonomy":"category","embeddable":true,"href":"https:\/\/emlaktuel.com\/index.php?rest_route=%2Fwp%2Fv2%2Fcategories&post=42821"},{"taxonomy":"post_tag","embeddable":true,"href":"https:\/\/emlaktuel.com\/index.php?rest_route=%2Fwp%2Fv2%2Ftags&post=42821"}],"curies":[{"name":"wp","href":"https:\/\/api.w.org\/{rel}","templated":true}]}}