{"id":42682,"date":"2023-04-27T14:01:49","date_gmt":"2023-04-27T11:01:49","guid":{"rendered":"https:\/\/emlaktuel.com\/?p=42682"},"modified":"2023-04-27T14:01:49","modified_gmt":"2023-04-27T11:01:49","slug":"konut-satislarinda-bir-onceki-yila-oranla-artis-%12040","status":"publish","type":"post","link":"https:\/\/emlaktuel.com\/?p=42682","title":{"rendered":"Konut Sat\u0131\u015flar\u0131nda Bir \u00d6nceki Y\u0131la Oranla Art\u0131\u015f, %120,40\u00a0"},"content":{"rendered":"<p><strong><u>REIDIN sat\u0131l\u0131k ve kiral\u0131k konut fiyatlar\u0131 raporu\u2026<\/u><\/strong><\/p>\n<p><strong>Konut Sat\u0131\u015flar\u0131nda Bir \u00d6nceki Y\u0131la Oranla Art\u0131\u015f, %120,40.<\/strong><\/p>\n<p><strong>Lider gayrimenkul veri analiti\u011fi \u015firketi REIDIN\u2019in Tu\u0308rkiye genelinde yapt\u0131\u011f\u0131 sat\u0131l\u0131k ve kiral\u0131k konut fiyatlar\u0131 raporu yay\u0131nland\u0131. Rapora g\u00f6re 2023 Mart ay\u0131nda bir o\u0308nceki aya go\u0308re konut sat\u0131\u015flar\u0131nda %5,49, gec\u0327en y\u0131l\u0131n ayn\u0131 do\u0308nemine go\u0308re %120,40 art\u0131\u015f oldu\u011fu belirtiliyor. &nbsp;Kiral\u0131k konut fiyatlar\u0131 baz\u0131nda ise 2023 Mart ay\u0131nda bir o\u0308nceki aya go\u0308re % 8,99, gec\u0327en y\u0131l\u0131n ayn\u0131 do\u0308nemine go\u0308re ise %144,85 art\u0131\u015f<\/strong><strong>&nbsp;<\/strong><strong>oldu\u011fu g\u00f6zleniyor.<\/strong><\/p>\n<p>&nbsp;<\/p>\n<p>2007 y\u0131l\u0131ndan buyana geli\u015fmekte olan piyasalara odakl\u0131, lider bir gayrimenkul veri analiti\u011fi \u015firketi olarak hizmet veren, T\u00fcrkiye ve Birle\u015fik Arap Emirlikleri i\u00e7in elde edilmesi zor verilere dayal\u0131 gayrimenkul fiyat endeksleri \u00fcreten REIDIN, T\u00fcrkiye genelinde sat\u0131l\u0131k ve kiral\u0131k konut fiyatlar\u0131 raporunu yay\u0131nlad\u0131. Raporda, 2023 Mart ay\u0131 ile bir \u00f6nceki y\u0131l\u0131n Mart ay\u0131na ait sat\u0131l\u0131k ve kiral\u0131k konut fiyatlar\u0131 kar\u015f\u0131la\u015ft\u0131r\u0131ld\u0131.&nbsp;<\/p>\n<p>&nbsp;<\/p>\n<p>Raporda sermaye kazanc\u0131 ve bru\u0308t kira getirisinden olus\u0327an toplam getiriye bak\u0131ld\u0131\u011f\u0131nda 2023 Mart ay\u0131nda u\u0308lke genelinde ayl\u0131k bazda %5,89, y\u0131ll\u0131k bazda ise %130,15 s\u0327eklinde ger\u00e7ekle\u015fti\u011fi g\u00f6r\u00fcl\u00fcyor. &nbsp; Amortisman su\u0308resi u\u0308lke du\u0308zeyinde 20,9 y\u0131l olarak o\u0308lc\u0327u\u0308ld\u00fc\u011f\u00fcnde konut yat\u0131r\u0131m\u0131n\u0131n y\u0131ll\u0131k bru\u0308t getiri oran\u0131n\u0131n ise % 4,9 oldu\u011fu kaydediliyor.&nbsp;<\/p>\n<p>&nbsp;<\/p>\n<p><strong>Konut Sat\u0131\u015f fiyatlar\u0131n\u0131n en c\u0327ok yu\u0308kseldig\u0306i s\u0327ehir: Bitlis, En d\u00fc\u015f\u00fck oldu\u011fu \u015fehir: \u00c7ank\u0131r\u0131<\/strong><\/p>\n<p>&nbsp;<\/p>\n<p>Fiyatlar\u0131n en y\u00fcksek ve en d\u00fc\u015f\u00fck oldu\u011fu illere &nbsp;de yer verilen ara\u015ft\u0131rmada; 2023 Mart ay\u0131nda Bitlis&#8217;te metrekare bas\u0327\u0131na konut sat\u0131s\u0327 fiyatlar\u0131n\u0131n %12,91 art\u0131s\u0327 go\u0308sterdi\u011fi ve Bitlis\u2019in sat\u0131s\u0327 fiyatlar\u0131n\u0131n en c\u0327ok yu\u0308kseldig\u0306i s\u0327ehir oldu\u011fu g\u00f6zleniyor. &nbsp;\u00c7ank\u0131r\u0131&#8217;n\u0131n da metrekare bas\u0327\u0131na konut sat\u0131s\u0327 fiyatlar\u0131n\u0131n % 2,86 &nbsp;azal\u0131\u015f ile sat\u0131s\u0327 fiyatlar\u0131n\u0131n en c\u0327ok d\u00fc\u015f\u00fck oldu\u011fu s\u0327ehir oldu\u011fu belirtiliyor. &nbsp;<\/p>\n<p>&nbsp;<\/p>\n<p>Kira art\u0131\u015f oranlar\u0131na bak\u0131l\u0131\u011f\u0131nda; 2023 Mart ay\u0131nda Karaman\u2019da metrekare bas\u0327\u0131na konut kira deg\u0306erleri %24,58 art\u0131s\u0327 go\u0308stererek kiralar\u0131n en c\u0327ok yu\u0308kseldig\u0306i s\u0327ehir oldu\u011fu belirtiliyor. Hakkari de metrekare bas\u0327\u0131na konut kira deg\u0306erleri %3,42 azal\u0131\u015f ile &nbsp;kiralar\u0131n en c\u0327ok du\u0308s\u0327t\u00fc\u011f\u00fc \u015fehir olarak g\u00f6steriliyor. &nbsp;<\/p>\n<p>&nbsp;<\/p>\n<p><strong>Deprem b\u00f6lgesinde konut fiyatlar\u0131&nbsp;<\/strong><\/p>\n<p>Raporda depremden etkilenen 11 \u015fehirdeki konut fiyatlar\u0131 ile ilgili de de\u011ferlendirme yer al\u0131yor. 11 il nezdinde 2023 Mart ay\u0131nda \u015eubat ay\u0131na go\u0308re sat\u0131l\u0131k konut fiyatlar\u0131 incelendi\u011finde ortalama %4,66, kiral\u0131k konut fiyatlar\u0131nda ortalama %8,91 oran\u0131nda art\u0131\u015f g\u00f6zleniyor. 2023 \u015eubat ay\u0131nda Ocak ay\u0131na go\u0308re sat\u0131l\u0131k konut fiyatlar\u0131nda g\u00f6zlenen&nbsp;ortalama de\u011fi\u015fim&nbsp;%4,46, kiral\u0131k konut fiyatlar\u0131nda ise ortalama %4,81 art\u0131\u015f oldu\u011fu da belirtiliyor.&nbsp;<\/p>\n<p>&nbsp;<\/p>\n<p><strong>\u00dc\u00e7 B\u00fcy\u00fck \u0130lde Konut Sat\u0131\u015f ve Kira Oranlar\u0131&nbsp;<\/strong><\/p>\n<p>Ankara, \u0130stanbul ve \u0130zmir illerine y\u00f6nelik yap\u0131lan incelemeler do\u011frultusunda &nbsp;sat\u0131l\u0131k konut fiyatlar\u0131 2023 Mart ay\u0131nda S\u0327ubat ay\u0131na g\u00f6re s\u0131ras\u0131yla Ankara\u2019da ortalama %7,73, \u0130stanbul\u2019da %5.00 ve \u0130zmir\u2019de % 5,51 d\u00fczeyinde art\u0131\u015f g\u00f6sterirken, kiral\u0131k konut fiyatlar\u0131nda bu ortalamada &nbsp;Ankara\u2019da %17,81, \u0130stanbul\u2019da %5,33 ve &nbsp;\u0130zmir\u2019de %8,87 art\u0131\u015f g\u00f6zleniyor. &nbsp;<\/p>\n<p>&nbsp;<\/p>\n<p>Ankara, \u0130stanbul ve \u0130zmir i\u00e7in 2023 S\u0327ubat ay\u0131nda Ocak ay\u0131na go\u0308re sat\u0131l\u0131k konut fiyatlar\u0131na bak\u0131ld\u0131\u011f\u0131nda g\u00f6zlenen&nbsp;ortalama de\u011fi\u015fim&nbsp;ise s\u0131ras\u0131yla %5,07, %4,82ve&nbsp;<em>%<\/em>6,04 iken, kiral\u0131k konut fiyatlar\u0131nda bu s\u0131ralamada ortalama %8,99, %5,14 ve % 6,39art\u0131\u015f oldu\u011fu belirtiliyor. &nbsp;2023 Mart ay\u0131nda konut sat\u0131\u015f de\u011feri en fazla art\u0131\u015f g\u00f6steren ilk 5 \u0130stanbul il\u00e7esi \u00c7atalca, Adalar, Ba\u011fc\u0131lar, \u00c7ekmek\u00f6y ve Silivri olurken, konut kira de\u011ferinde en \u00e7ok y\u00fckseli\u015f g\u00f6r\u00fcnen ilk be\u015f il\u00e7enin; \u00c7atalca, \u00dcmraniye, Ba\u015fak\u015fehir, Sancaktepe ve Gaziosmanpa\u015fa oldu\u011fu belirtiliyor.<\/p>\n<p>&nbsp;<\/p>\n<p><strong>REIDIN CEO\u2019su Mustafa Vardar<\/strong>&nbsp;konut sat\u0131\u015flar\u0131n\u0131n \u00f6nemine ve bu konudaki resmi rakamlara de\u011findi:&nbsp;<em>\u201cT\u00dc\u0130K Konut Sat\u0131\u015f Say\u0131s\u0131 \u0130statistikleri\u2019ne g\u00f6re T\u00fcrkiye genelinde Mart ay\u0131nda toplam 105,476 adet konut sat\u0131ld\u0131\u011f\u0131n\u0131 g\u00f6r\u00fcyoruz. Toplam konut sat\u0131\u015f say\u0131s\u0131nda 2023 Mart ay\u0131nda bir o\u0308nceki aya go\u0308re %31,79, gec\u0327en y\u0131l\u0131n ayn\u0131 do\u0308nemine go\u0308re de %21,4azal\u0131\u015f s\u00f6z konusu. Depremden etkilenen 11 ilde Mart ay\u0131nda sat\u0131lan konut say\u0131s\u0131 toplam\u0131 9443 iken, ortalamas\u0131 858 adet. \u015eubat ay\u0131nda toplam say\u0131 5132, ortalama ise 467 adet konut idi. \u00dclke genelinde farkl\u0131 varl\u0131k s\u0131n\u0131flar\u0131n\u0131n yat\u0131r\u0131m getirileri incelendi\u011finde 2023 Mart ay\u0131nda en y\u00fcksek ayl\u0131k nominal getiriye sahip kalem 5.89% ile konut olurken, s\u0131ralamay\u0131 %3,77ile k\u00fcl\u00e7e alt\u0131n ve %3,72 ile BIST-100 izliyor. Y\u0131ll\u0131k nominal getirilerde ise BIST-100 %144,45 ile en y\u00fcksek getiriye sahip yat\u0131r\u0131m arac\u0131 olarak ilk s\u0131rada yer al\u0131rken konut %130,15 ile ikinci, Devlet \u0130\u00e7 Bor\u00e7lanma Senetleri(DIBS) ise %53,36 ile \u00fc\u00e7\u00fcnc\u00fc s\u0131rada bulunuyor. 2023 y\u0131l\u0131 2. \u00e7eyrekte, gec\u0327en c\u0327eyrek do\u0308nemine go\u0308re REIDIN Gayrimenkul Sekto\u0308ru\u0308 Gu\u0308ven Endeksi \u2018ne g\u00f6re %24,0 azal\u0131s\u0327 g\u00f6stererek %85,1). REIDIN Gayrimenkul Sekto\u0308ru\u0308 Fiyat Beklenti Endeksi ise ayn\u0131 d\u00f6nem i\u00e7in %11,7 azal\u0131s\u0327 g\u00f6stererek &nbsp;%141,4 olarak \u00f6l\u00e7\u00fclm\u00fc\u015ft\u00fcr.<\/em><\/p>\n","protected":false},"excerpt":{"rendered":"<p>REIDIN sat\u0131l\u0131k ve kiral\u0131k konut fiyatlar\u0131 raporu\u2026 Konut Sat\u0131\u015flar\u0131nda Bir \u00d6nceki Y\u0131la Oranla Art\u0131\u015f, %120,40. Lider gayrimenkul veri analiti\u011fi \u015firketi REIDIN\u2019in Tu\u0308rkiye genelinde yapt\u0131\u011f\u0131 sat\u0131l\u0131k ve kiral\u0131k konut fiyatlar\u0131 raporu yay\u0131nland\u0131. Rapora g\u00f6re 2023 Mart ay\u0131nda bir o\u0308nceki aya go\u0308re konut sat\u0131\u015flar\u0131nda %5,49, gec\u0327en y\u0131l\u0131n ayn\u0131 do\u0308nemine go\u0308re %120,40 art\u0131\u015f oldu\u011fu belirtiliyor. &nbsp;Kiral\u0131k konut fiyatlar\u0131 [&hellip;]<\/p>\n","protected":false},"author":1,"featured_media":42683,"comment_status":"open","ping_status":"open","sticky":false,"template":"","format":"standard","meta":{"ngg_post_thumbnail":0},"categories":[5388],"tags":[],"_links":{"self":[{"href":"https:\/\/emlaktuel.com\/index.php?rest_route=\/wp\/v2\/posts\/42682"}],"collection":[{"href":"https:\/\/emlaktuel.com\/index.php?rest_route=\/wp\/v2\/posts"}],"about":[{"href":"https:\/\/emlaktuel.com\/index.php?rest_route=\/wp\/v2\/types\/post"}],"author":[{"embeddable":true,"href":"https:\/\/emlaktuel.com\/index.php?rest_route=\/wp\/v2\/users\/1"}],"replies":[{"embeddable":true,"href":"https:\/\/emlaktuel.com\/index.php?rest_route=%2Fwp%2Fv2%2Fcomments&post=42682"}],"version-history":[{"count":1,"href":"https:\/\/emlaktuel.com\/index.php?rest_route=\/wp\/v2\/posts\/42682\/revisions"}],"predecessor-version":[{"id":42684,"href":"https:\/\/emlaktuel.com\/index.php?rest_route=\/wp\/v2\/posts\/42682\/revisions\/42684"}],"wp:featuredmedia":[{"embeddable":true,"href":"https:\/\/emlaktuel.com\/index.php?rest_route=\/wp\/v2\/media\/42683"}],"wp:attachment":[{"href":"https:\/\/emlaktuel.com\/index.php?rest_route=%2Fwp%2Fv2%2Fmedia&parent=42682"}],"wp:term":[{"taxonomy":"category","embeddable":true,"href":"https:\/\/emlaktuel.com\/index.php?rest_route=%2Fwp%2Fv2%2Fcategories&post=42682"},{"taxonomy":"post_tag","embeddable":true,"href":"https:\/\/emlaktuel.com\/index.php?rest_route=%2Fwp%2Fv2%2Ftags&post=42682"}],"curies":[{"name":"wp","href":"https:\/\/api.w.org\/{rel}","templated":true}]}}