{"id":42663,"date":"2023-04-26T13:32:08","date_gmt":"2023-04-26T10:32:08","guid":{"rendered":"https:\/\/emlaktuel.com\/?p=42663"},"modified":"2023-04-26T13:32:08","modified_gmt":"2023-04-26T10:32:08","slug":"bakan-murat-kurumun-katilimiyla-uskudarda-kentsel-donusum-tapulari-teslim-ediliyor","status":"publish","type":"post","link":"https:\/\/emlaktuel.com\/?p=42663","title":{"rendered":"Bakan Murat Kurum&#8217;un kat\u0131l\u0131m\u0131yla \u00dcsk\u00fcdar&#8217;da kentsel d\u00f6n\u00fc\u015f\u00fcm tapular\u0131 teslim ediliyor"},"content":{"rendered":"<p><strong>\u00dcsk\u00fcdar\u2019da \u201cB\u00fcy\u00fck D\u00f6n\u00fc\u015f\u00fcm\u201d slogan\u0131yla h\u0131z kesmeden y\u00fcr\u00fct\u00fclen ve depreme dayan\u0131ks\u0131z binalar\u0131n rol ald\u0131\u011f\u0131 kentsel d\u00f6n\u00fc\u015f\u00fcm faaliyetleri t\u00fcm h\u0131z\u0131yla s\u00fcr\u00fcyor. Bu kapsamda Kirazl\u0131tepe\u2019de geli\u015ftirilen ve k\u0131sa s\u00fcrede tamamlanan projenin tapular\u0131 sahiplerine teslim edilecek. Ayn\u0131 anda&nbsp;<\/strong><strong>Mehmet Akif Ersoy Mahallesi\u2019nde ger\u00e7ekle\u015ftirilecek kentsel d\u00f6n\u00fc\u015f\u00fcm projesinin ise temeli at\u0131lacak.&nbsp;<\/strong><\/p>\n<p><strong>\u00c7evre, \u015eehircilik ve \u0130klim De\u011fi\u015fikli\u011fi Bakan\u0131 Murat Kurum<\/strong>&nbsp;ile&nbsp;<strong>\u00dcsk\u00fcdar Belediye Ba\u015fkan\u0131 Hilmi T\u00fcrkmen<\/strong>\u2019in kat\u0131l\u0131m\u0131yla,&nbsp;<strong>27 Nisan Per\u015fembe&nbsp;<\/strong>g\u00fcn\u00fc<strong>, saat 13.00\u2019<\/strong>te<strong>&nbsp;\u00dcsk\u00fcdar&nbsp;<\/strong><strong>Bo\u011fazi\u00e7i Ya\u015fam Merkezi<\/strong>\u2019nde<strong>&nbsp;<\/strong>ger\u00e7ekle\u015fecek teslim ve temel atma t\u00f6reninde, sizleri de aram\u0131zda g\u00f6rmekten mutluluk duyar\u0131z.<\/p>\n<p><strong>TAR\u0130H:&nbsp;<\/strong>27 N\u0130SAN PER\u015eEMBE<\/p>\n<p><strong>SAAT:&nbsp;<\/strong>13.00<\/p>\n<p><strong>YER:&nbsp;<\/strong>BO\u011eAZ\u0130\u00c7\u0130 YA\u015eAM MERKEZ\u0130&nbsp;<\/p>\n<p><strong>(Kirazl\u0131tepe, F\u0131st\u0131kl\u0131 Bay\u0131r Sk. No:70 \u00dcsk\u00fcdar\/\u0130stanbul)<\/strong><\/p>\n","protected":false},"excerpt":{"rendered":"<p>\u00dcsk\u00fcdar\u2019da \u201cB\u00fcy\u00fck D\u00f6n\u00fc\u015f\u00fcm\u201d slogan\u0131yla h\u0131z kesmeden y\u00fcr\u00fct\u00fclen ve depreme dayan\u0131ks\u0131z binalar\u0131n rol ald\u0131\u011f\u0131 kentsel d\u00f6n\u00fc\u015f\u00fcm faaliyetleri t\u00fcm h\u0131z\u0131yla s\u00fcr\u00fcyor. Bu kapsamda Kirazl\u0131tepe\u2019de geli\u015ftirilen ve k\u0131sa s\u00fcrede tamamlanan projenin tapular\u0131 sahiplerine teslim edilecek. Ayn\u0131 anda&nbsp;Mehmet Akif Ersoy Mahallesi\u2019nde ger\u00e7ekle\u015ftirilecek kentsel d\u00f6n\u00fc\u015f\u00fcm projesinin ise temeli at\u0131lacak.&nbsp; \u00c7evre, \u015eehircilik ve \u0130klim De\u011fi\u015fikli\u011fi Bakan\u0131 Murat Kurum&nbsp;ile&nbsp;\u00dcsk\u00fcdar Belediye Ba\u015fkan\u0131 Hilmi [&hellip;]<\/p>\n","protected":false},"author":1,"featured_media":23910,"comment_status":"open","ping_status":"open","sticky":false,"template":"","format":"standard","meta":{"ngg_post_thumbnail":0},"categories":[5388],"tags":[12821,88,9246],"_links":{"self":[{"href":"https:\/\/emlaktuel.com\/index.php?rest_route=\/wp\/v2\/posts\/42663"}],"collection":[{"href":"https:\/\/emlaktuel.com\/index.php?rest_route=\/wp\/v2\/posts"}],"about":[{"href":"https:\/\/emlaktuel.com\/index.php?rest_route=\/wp\/v2\/types\/post"}],"author":[{"embeddable":true,"href":"https:\/\/emlaktuel.com\/index.php?rest_route=\/wp\/v2\/users\/1"}],"replies":[{"embeddable":true,"href":"https:\/\/emlaktuel.com\/index.php?rest_route=%2Fwp%2Fv2%2Fcomments&post=42663"}],"version-history":[{"count":1,"href":"https:\/\/emlaktuel.com\/index.php?rest_route=\/wp\/v2\/posts\/42663\/revisions"}],"predecessor-version":[{"id":42664,"href":"https:\/\/emlaktuel.com\/index.php?rest_route=\/wp\/v2\/posts\/42663\/revisions\/42664"}],"wp:featuredmedia":[{"embeddable":true,"href":"https:\/\/emlaktuel.com\/index.php?rest_route=\/wp\/v2\/media\/23910"}],"wp:attachment":[{"href":"https:\/\/emlaktuel.com\/index.php?rest_route=%2Fwp%2Fv2%2Fmedia&parent=42663"}],"wp:term":[{"taxonomy":"category","embeddable":true,"href":"https:\/\/emlaktuel.com\/index.php?rest_route=%2Fwp%2Fv2%2Fcategories&post=42663"},{"taxonomy":"post_tag","embeddable":true,"href":"https:\/\/emlaktuel.com\/index.php?rest_route=%2Fwp%2Fv2%2Ftags&post=42663"}],"curies":[{"name":"wp","href":"https:\/\/api.w.org\/{rel}","templated":true}]}}