{"id":42633,"date":"2023-04-17T12:39:02","date_gmt":"2023-04-17T09:39:02","guid":{"rendered":"https:\/\/emlaktuel.com\/?p=42633"},"modified":"2023-04-17T12:39:02","modified_gmt":"2023-04-17T09:39:02","slug":"bakan-kurum-afet-konutlarimiz-hizla-yukseliyor","status":"publish","type":"post","link":"https:\/\/emlaktuel.com\/?p=42633","title":{"rendered":"\u201cBakan Kurum: Afet konutlar\u0131m\u0131z h\u0131zla y\u00fckseliyor\u201d"},"content":{"rendered":"<p><strong>\u201cBakan Kurum: Afet konutlar\u0131m\u0131z h\u0131zla y\u00fckseliyor\u201d<\/strong><\/p>\n<p><strong>\u00c7evre, \u015eehircilik ve \u0130klim De\u011fi\u015fikli\u011fi Bakanl\u0131\u011f\u0131, ya\u015fanan depremlerin ard\u0131ndan 11 ilde ge\u00e7ici ya\u015fam alanlar\u0131n\u0131n kurulumuna ve e\u015f zamanl\u0131 olarak da kal\u0131c\u0131 konutlar\u0131n yap\u0131m\u0131na h\u0131z kesmeden devam ediyor. Bakan Kurum, &#8220;46. g\u00fcnde ilk temelleri att\u0131k. 365. g\u00fcnde vatanda\u015flar\u0131m\u0131za teslim edece\u011fiz &#8221; dedi.<\/strong><\/p>\n<p>\u00c7evre, \u015eehircilik ve \u0130klim De\u011fi\u015fikli\u011fi Bakanl\u0131\u011f\u0131, ya\u015fanan depremlerin ard\u0131ndan 11 ilde meydana gelen y\u0131k\u0131mlar\u0131n yaralar\u0131n\u0131 sarmak i\u00e7in ge\u00e7ici ya\u015fam alanlar\u0131n\u0131n kurulumuna ve e\u015f zamanl\u0131 olarak da kal\u0131c\u0131 konutlar\u0131n yap\u0131m\u0131na h\u0131z kesmeden devam ediyor.<\/p>\n<p>Bakan Murat Kurum, resm\u00ee sosyal medya hesab\u0131ndan Kahramanmara\u015f merkezli depremlerin b\u00fcy\u00fck y\u0131k\u0131ma u\u011fratt\u0131\u011f\u0131 Gaziantep\u2019in \u0130slahiye il\u00e7esindeki Toplu Konu \u0130daresi Ba\u015fkanl\u0131\u011f\u0131 (TOK\u0130) taraf\u0131ndan ba\u015flat\u0131lan kal\u0131c\u0131 konutlar\u0131n h\u0131zla y\u00fckseldi\u011fini anlatan bir video yay\u0131mlad\u0131.<\/p>\n<p>Videoda, Gaziantep\u2019in \u0130slahiye il\u00e7esinde 3 bin 421 adet konutun ihale edildi\u011fi ve bu konutlardan 2 bin 306\u2019s\u0131n\u0131n yap\u0131m\u0131na h\u0131zl\u0131 bir \u015fekilde ba\u015flan\u0131ld\u0131\u011f\u0131 anlat\u0131ld\u0131. \u0130l\u00e7ede 17 bloktan ve 399 daireden olu\u015fan projelerin zemin art\u0131 4 katl\u0131 ilk blo\u011funda t\u00fcnel kal\u0131p \u00e7al\u0131\u015fmas\u0131 kazma vurulduktan 40 g\u00fcn sonra tamamland\u0131. Tamamlanan blokta, ah\u015fap i\u015fleri ve i\u00e7 tesisat \u00e7al\u0131\u015fmas\u0131na ba\u015flan\u0131yor. Di\u011fer bloklardaki temel ve uygulama i\u015flemleri aral\u0131ks\u0131z devam ediyor.<\/p>\n<p><strong>\u201cM\u00fchendis ve mimarlar\u0131n gece g\u00fcnd\u00fcz demeden var g\u00fcc\u00fcyle y\u00fcr\u00fctt\u00fc\u011f\u00fc in\u015fa s\u00fcreci sonunda, depremzede vatanda\u015flara g\u00fcvenli, sa\u011fl\u0131kl\u0131 bir ya\u015fam sunulmas\u0131 hedefleniyor\u201d<\/strong><\/p>\n<p>Bakanl\u0131k a\u00e7\u0131klamas\u0131nda, di\u011fer iki blokta ise toplam 2 kat\u0131n \u00e7\u0131k\u0131ld\u0131\u011f\u0131 belirtilirken binalar\u0131n deprem y\u00f6netmeli\u011fine, ilgili mevzuatlara uygun ve sa\u011flam \u015fehirler kurmak hedefiyle in\u015fa edildi\u011fi vurguland\u0131.<\/p>\n<p>A\u00e7\u0131klamada, \u201c11 ilde yeni \u015fehirler kurulurken yatay mimariye \u00f6nem veriliyor ve zemin art\u0131 4 kat\u0131 ge\u00e7meyecek \u015fekilde konutlar\u0131n yap\u0131m\u0131 hedefleniyor. Konutlar y\u00f6resel mimariye ve dokuya uygun olarak in\u015fa ediliyor. M\u00fchendis ve mimarlar\u0131n gece g\u00fcnd\u00fcz demeden var g\u00fcc\u00fcyle y\u00fcr\u00fctt\u00fc\u011f\u00fc in\u015fa s\u00fcreci sonunda, depremzede vatanda\u015flara g\u00fcvenli, sa\u011fl\u0131kl\u0131 bir ya\u015fam sunulmas\u0131 hedefleniyor.\u201d ifadelerine yer verildi.<\/p>\n","protected":false},"excerpt":{"rendered":"<p>\u201cBakan Kurum: Afet konutlar\u0131m\u0131z h\u0131zla y\u00fckseliyor\u201d \u00c7evre, \u015eehircilik ve \u0130klim De\u011fi\u015fikli\u011fi Bakanl\u0131\u011f\u0131, ya\u015fanan depremlerin ard\u0131ndan 11 ilde ge\u00e7ici ya\u015fam alanlar\u0131n\u0131n kurulumuna ve e\u015f zamanl\u0131 olarak da kal\u0131c\u0131 konutlar\u0131n yap\u0131m\u0131na h\u0131z kesmeden devam ediyor. Bakan Kurum, &#8220;46. g\u00fcnde ilk temelleri att\u0131k. 365. g\u00fcnde vatanda\u015flar\u0131m\u0131za teslim edece\u011fiz &#8221; dedi. \u00c7evre, \u015eehircilik ve \u0130klim De\u011fi\u015fikli\u011fi Bakanl\u0131\u011f\u0131, ya\u015fanan depremlerin [&hellip;]<\/p>\n","protected":false},"author":1,"featured_media":42118,"comment_status":"open","ping_status":"open","sticky":false,"template":"","format":"standard","meta":{"ngg_post_thumbnail":0},"categories":[5388],"tags":[17100,17099],"_links":{"self":[{"href":"https:\/\/emlaktuel.com\/index.php?rest_route=\/wp\/v2\/posts\/42633"}],"collection":[{"href":"https:\/\/emlaktuel.com\/index.php?rest_route=\/wp\/v2\/posts"}],"about":[{"href":"https:\/\/emlaktuel.com\/index.php?rest_route=\/wp\/v2\/types\/post"}],"author":[{"embeddable":true,"href":"https:\/\/emlaktuel.com\/index.php?rest_route=\/wp\/v2\/users\/1"}],"replies":[{"embeddable":true,"href":"https:\/\/emlaktuel.com\/index.php?rest_route=%2Fwp%2Fv2%2Fcomments&post=42633"}],"version-history":[{"count":1,"href":"https:\/\/emlaktuel.com\/index.php?rest_route=\/wp\/v2\/posts\/42633\/revisions"}],"predecessor-version":[{"id":42634,"href":"https:\/\/emlaktuel.com\/index.php?rest_route=\/wp\/v2\/posts\/42633\/revisions\/42634"}],"wp:featuredmedia":[{"embeddable":true,"href":"https:\/\/emlaktuel.com\/index.php?rest_route=\/wp\/v2\/media\/42118"}],"wp:attachment":[{"href":"https:\/\/emlaktuel.com\/index.php?rest_route=%2Fwp%2Fv2%2Fmedia&parent=42633"}],"wp:term":[{"taxonomy":"category","embeddable":true,"href":"https:\/\/emlaktuel.com\/index.php?rest_route=%2Fwp%2Fv2%2Fcategories&post=42633"},{"taxonomy":"post_tag","embeddable":true,"href":"https:\/\/emlaktuel.com\/index.php?rest_route=%2Fwp%2Fv2%2Ftags&post=42633"}],"curies":[{"name":"wp","href":"https:\/\/api.w.org\/{rel}","templated":true}]}}