{"id":42384,"date":"2023-02-28T10:45:06","date_gmt":"2023-02-28T07:45:06","guid":{"rendered":"https:\/\/emlaktuel.com\/?p=42384"},"modified":"2023-02-28T10:45:06","modified_gmt":"2023-02-28T07:45:06","slug":"cengiz-holding-adiyamana-prefabrik-kent-kuruyor","status":"publish","type":"post","link":"https:\/\/emlaktuel.com\/?p=42384","title":{"rendered":"Cengiz Holding Ad\u0131yaman\u2019a prefabrik kent kuruyor"},"content":{"rendered":"<p><strong><u>YA\u015eAM KENT\u0130 MARTIN \u0130K\u0130NC\u0130 YARISINDA TAMAMLANACAK<\/u><\/strong><\/p>\n<p><strong>Cengiz Holding Ad\u0131yaman\u2019a prefabrik kent kuruyor<\/strong><\/p>\n<p><strong>Deprem felaketi sonras\u0131nda b\u00f6lge halk\u0131 i\u00e7in seferber olan Cengiz Holding, Ad\u0131yaman\u2019da 1.250 ki\u015finin bar\u0131nma ihtiyac\u0131n\u0131 kar\u015f\u0131layacak prefabrik kent kuruyor. Afetzedelerin, \u00f6n\u00fcm\u00fczdeki haftadan itibaren a\u015famal\u0131 olarak yerle\u015fmeye ba\u015flayaca\u011f\u0131 yap\u0131lar, mart ay\u0131n\u0131n ikinci yar\u0131s\u0131nda tamamlanacak.&nbsp;<\/strong><\/p>\n<p>\u0130lki 6 \u015eubat\u2019ta sabaha kar\u015f\u0131 Kahramanmara\u015f merkezli olarak meydana gelen ve 10 kenti olumsuz etkileyen deprem nedeniyle yard\u0131m \u00e7al\u0131\u015fmalar\u0131 aral\u0131ks\u0131z devam ederken, Cengiz Holding bar\u0131nma ihtiyac\u0131 i\u00e7in Ad\u0131yaman\u2019da 1.250 ki\u015filik prefabrik kentin yap\u0131m\u0131na ba\u015flad\u0131. Mart ay\u0131n\u0131n ikinci yar\u0131s\u0131nda tamamlanmas\u0131 hedeflenen kentte, 100 konteyn\u0131r ve 120 prefabrik yap\u0131, sosyalle\u015fme alanlar\u0131, \u00e7ocuk oyun alanlar\u0131 ve yemekhane bulunacak.<\/p>\n<p><strong>YERLE\u015e\u0130M GELECEK HAFTA BA\u015eLIYOR<\/strong><\/p>\n<p>Ad\u0131yaman\u2019da 40 bin metrekarelik alana kurulan prefabrik kent, b\u00fcy\u00fckl\u00fckleri 21 metrekare ile 36 metrekare aras\u0131nda de\u011fi\u015fen yap\u0131lardan olu\u015facak. 1+1 daire formunda tasarlanan yap\u0131lar, i\u00e7inde banyo, tuvalet, mutfak da yer alacak \u015fekilde ihtiya\u00e7lar\u0131 kar\u015f\u0131layacak. \u00d6n\u00fcm\u00fczdeki haftadan itibaren afetzedelerin, a\u015famal\u0131 olarak yerle\u015fmeye ba\u015flayaca\u011f\u0131 yap\u0131lar, mart ay\u0131n\u0131n ikinci yar\u0131s\u0131nda tamamlanacak.<\/p>\n<p><strong>\u0130LK G\u00dcNDEN BER\u0130 SAHADA<\/strong><\/p>\n<p>Grup \u015firketleri Eti Bak\u0131r, Eti Al\u00fcminyum, Cengiz Enerji, Cengiz \u0130n\u015faat ve i\u015ftirakleri Kalehan Enerji, \u0130GA, Bo\u011fazi\u00e7i Elektrik Da\u011f\u0131t\u0131m (BEDA\u015e), \u00c7aml\u0131bel Elektrik Da\u011f\u0131t\u0131m (\u00c7EDA\u015e), Akdeniz Elektrik Da\u011f\u0131t\u0131m (AEDA\u015e) ve Meram Elektrik Da\u011f\u0131t\u0131m (MEDA\u015e) ile depremin ilk g\u00fcn\u00fcnden bu yana maden i\u015fletmelerinde \u00e7al\u0131\u015fan uzman ekipleri ve i\u015f makineleriyle arama kurtarma \u00e7al\u0131\u015fmalar\u0131na destek olan Cengiz Holding, i\u00e7inde AFAD\u2019\u0131n a\u00e7\u0131klad\u0131\u011f\u0131 ihtiya\u00e7 malzemelerinin yer ald\u0131\u011f\u0131 90 TIR\u2019\u0131 deprem b\u00f6lgesine ula\u015ft\u0131rd\u0131. Depremin ilk haftas\u0131ndan itibaren Gaziantep, Ad\u0131yaman, Malatya ve Kahramanmara\u015f\u2019taki 5 biner ki\u015filik yemek \u00e7ad\u0131rlar\u0131nda her g\u00fcn toplam 20.000 ki\u015fiye s\u0131cak yemek servisi yapan \u015firket, \u0130slahiye ve Hatay\u2019a ise 2 ekmek fabrikas\u0131 deste\u011fi sa\u011flad\u0131. AFAD ve AHBAP\u2019a toplamda 3 milyar liral\u0131k nakdi destekte bulunan Cengiz Holding, makine sat\u0131n alarak kendi dikmeye ba\u015flad\u0131\u011f\u0131 \u00e7ad\u0131rlarla da ge\u00e7ici bar\u0131nma ihtiyac\u0131na \u00e7\u00f6z\u00fcm \u00fcretmeye \u00e7al\u0131\u015f\u0131yor.<\/p>\n","protected":false},"excerpt":{"rendered":"<p>YA\u015eAM KENT\u0130 MARTIN \u0130K\u0130NC\u0130 YARISINDA TAMAMLANACAK Cengiz Holding Ad\u0131yaman\u2019a prefabrik kent kuruyor Deprem felaketi sonras\u0131nda b\u00f6lge halk\u0131 i\u00e7in seferber olan Cengiz Holding, Ad\u0131yaman\u2019da 1.250 ki\u015finin bar\u0131nma ihtiyac\u0131n\u0131 kar\u015f\u0131layacak prefabrik kent kuruyor. Afetzedelerin, \u00f6n\u00fcm\u00fczdeki haftadan itibaren a\u015famal\u0131 olarak yerle\u015fmeye ba\u015flayaca\u011f\u0131 yap\u0131lar, mart ay\u0131n\u0131n ikinci yar\u0131s\u0131nda tamamlanacak.&nbsp; \u0130lki 6 \u015eubat\u2019ta sabaha kar\u015f\u0131 Kahramanmara\u015f merkezli olarak meydana gelen [&hellip;]<\/p>\n","protected":false},"author":1,"featured_media":42385,"comment_status":"open","ping_status":"open","sticky":false,"template":"","format":"standard","meta":{"ngg_post_thumbnail":0},"categories":[5388],"tags":[17054,12722,16960],"_links":{"self":[{"href":"https:\/\/emlaktuel.com\/index.php?rest_route=\/wp\/v2\/posts\/42384"}],"collection":[{"href":"https:\/\/emlaktuel.com\/index.php?rest_route=\/wp\/v2\/posts"}],"about":[{"href":"https:\/\/emlaktuel.com\/index.php?rest_route=\/wp\/v2\/types\/post"}],"author":[{"embeddable":true,"href":"https:\/\/emlaktuel.com\/index.php?rest_route=\/wp\/v2\/users\/1"}],"replies":[{"embeddable":true,"href":"https:\/\/emlaktuel.com\/index.php?rest_route=%2Fwp%2Fv2%2Fcomments&post=42384"}],"version-history":[{"count":1,"href":"https:\/\/emlaktuel.com\/index.php?rest_route=\/wp\/v2\/posts\/42384\/revisions"}],"predecessor-version":[{"id":42386,"href":"https:\/\/emlaktuel.com\/index.php?rest_route=\/wp\/v2\/posts\/42384\/revisions\/42386"}],"wp:featuredmedia":[{"embeddable":true,"href":"https:\/\/emlaktuel.com\/index.php?rest_route=\/wp\/v2\/media\/42385"}],"wp:attachment":[{"href":"https:\/\/emlaktuel.com\/index.php?rest_route=%2Fwp%2Fv2%2Fmedia&parent=42384"}],"wp:term":[{"taxonomy":"category","embeddable":true,"href":"https:\/\/emlaktuel.com\/index.php?rest_route=%2Fwp%2Fv2%2Fcategories&post=42384"},{"taxonomy":"post_tag","embeddable":true,"href":"https:\/\/emlaktuel.com\/index.php?rest_route=%2Fwp%2Fv2%2Ftags&post=42384"}],"curies":[{"name":"wp","href":"https:\/\/api.w.org\/{rel}","templated":true}]}}