{"id":4232,"date":"2016-08-12T14:34:31","date_gmt":"2016-08-12T11:34:31","guid":{"rendered":"http:\/\/emlaktuel.com\/?p=4232"},"modified":"2018-07-05T14:33:14","modified_gmt":"2018-07-05T11:33:14","slug":"zekeriyakoy-koyde-yillik-yuzde-3-oranla-kredi-imkani","status":"publish","type":"post","link":"https:\/\/emlaktuel.com\/?p=4232","title":{"rendered":"Zekeriyak\u00f6y K\u00f6y&#8217;de y\u0131ll\u0131k y\u00fczde 3 oranla kredi imkan\u0131!"},"content":{"rendered":"<h1 class=\"news-detail-title selectionShareable\">Siyahkalem taraf\u0131ndan Zekeriyak\u00f6y\u2019de hayata ge\u00e7irilen K\u00d6Y de, \u00fclkenin gelece\u011fine ve ekonomiye olan g\u00fcveninin g\u00f6stergesi olarak konut sahibi olmak isteyenler i\u00e7in \u00e7ok \u00f6zel bir kampanyaya imza at\u0131yor.<\/h1>\n<div class=\"soc2 nmobilw\"><\/div>\n<div>\n<p>Siyahkalem taraf\u0131ndan Zekeriyak\u00f6y\u2019de hayata ge\u00e7irilen K\u00d6Y de, \u00a0\u00fclkenin gelece\u011fine ve ekonomiye olan g\u00fcveninin g\u00f6stergesi olarak \u00a0konut sahibi olmak isteyenler i\u00e7in \u00e7ok \u00f6zel bir kampanyaya imza at\u0131yor.<\/p>\n<p>Emlak Konut g\u00fcvencesiyle hayata ge\u00e7irilen K\u00d6Y\u2019de konut sahibi olmak isteyenler, bankalarda \u015fu anda ge\u00e7erli olan ayl\u0131k %1,10 seviyesindeki oranlara ra\u011fmen, enflasyonun % 5 alt\u0131nda, y\u0131ll\u0131k %3 oranla kredi kullanabiliyor; Bu kapsamda K\u00d6Y\u2019de anla\u015fmal\u0131 bankalar arac\u0131l\u0131\u011f\u0131yla m\u00fc\u015fterilere ortalama 60 ay vade i\u00e7in % 0,25 ve 120 ay i\u00e7in %0,63\u2019l\u00fck oranlarla kredi imkan\u0131 sunuluyor.<\/p>\n<p>Siyahkalem CFO\u2019su \u0130brahim Kahraman, \u201c31 A\u011fustos\u2019a kadar ge\u00e7erli olan kampanyam\u0131zla T\u00fcrkiye\u2019de bir ilki ger\u00e7ekle\u015ftiriyoruz. 60 ay vade i\u00e7in y\u0131ll\u0131k %3 sabit oranla K\u00d6Y projesinden ev sahibi olmak m\u00fcmk\u00fcn. T\u00fcrkiye\u2019de son a\u00e7\u0131klanan y\u0131ll\u0131k T\u00dcFE oran\u0131n\u0131n %8,79 oldu\u011fu d\u00fc\u015f\u00fcn\u00fcld\u00fc\u011f\u00fcnde, y\u0131ll\u0131k enflasyonun yakla\u015f\u0131k % 5 alt\u0131nda, kredi imkan\u0131 sunuyoruz. Hatta bankalar\u0131n ortalama ayl\u0131k %1,10; y\u0131ll\u0131k %13,2 olan oranlar\u0131yla mukayese edildi\u011finde, y\u0131ll\u0131k %10 gibi avantaj sa\u011flam\u0131\u015f oluyoruz. Bu avantaj\u0131 rakkamlarla ortaya koymak gerekirse; 100.000TL\u2019lik bir kredi de 60 ayda sa\u011flanan tasarruf miktar\u0131 toplamda 29.320TL kadard\u0131r\u201d dedi<\/p>\n<p>A\u011fustos ay\u0131 sonunda hizmete a\u00e7\u0131lacak 3. K\u00f6pr\u00fc ve k\u00f6pr\u00fc ba\u011flant\u0131 yollar\u0131 nedeniyle \u0130stanbul\u2019un en fazla de\u011ferlenen b\u00f6lgelerinden Zekeriyak\u00f6y\u2019de yer alan K\u00d6Y\u2019\u00fcn sat\u0131\u015f fiyatlar\u0131, \u00fcnite tipine ve konumuna g\u00f6re metrekaresi 7.000 TL ile 10.000 TL aras\u0131nda de\u011fi\u015fiyor.<\/p>\n<h2>K\u00d6Y\u2019e \u00f6zel vade ve \u00f6deme avantaj\u0131<\/h2>\n<p><b>Piyasa oran\u0131 % 1.10 ile taksit (TL)\/K\u00d6Y\u2019e \u00f6zel taksit (TL)\/Toplam geri \u00f6demedeki avantaj(TL)<\/b><\/p>\n<p><b>250.000 TL kredi i\u00e7in <\/b><\/p>\n<p>60 ay\/K\u00d6Y\u2019e \u00f6zel \u00a0%0.25 \u00a0 \u00a0 \u00a0 \u00a0 \u00a0 \u00a0 \u00a05.714 \/4.492 \/\u00a073.320<\/p>\n<p>120 ay\/ K\u00d6Y\u2019e \u00f6zel %0,63 \u00a0 \u00a0 \u00a0 \u00a0 \u00a0 \u00a0 \u00a03.762 \/\u00a02.975 \/\u00a094.440<\/p>\n<p><b>500.000 TL kredi i\u00e7in<\/b><\/p>\n<p>60 ay\/K\u00d6Y\u2019e \u00f6zel %0.25 \u00a0 \u00a0 \u00a0 \u00a011.428 \/\u00a08.984 \/\u00a0146.640<\/p>\n<p>120 ay\/K\u00d6Y\u2019e \u00f6zel %0. 63 \u00a0 \u00a0 \u00a0 \u00a07.524 \/\u00a05.950 \/\u00a088.880<\/p>\n<p><b>1.000.000 TL kredi i\u00e7in <\/b><\/p>\n<p>60 ay\/ K\u00d6Y\u2019e \u00f6zel %0.25 \u00a0 \u00a0 \u00a022.856 \/\u00a017.968 \/\u00a0293.280<\/p>\n<p>120 ay\/ K\u00d6Y\u2019e \u00f6zel %0.63 \u00a0 \u00a0 \u00a015.048 \/\u00a011.900 \/\u00a0377.760<\/p>\n<p>Web: www.koy.com.tr<\/p>\n<\/div>\n","protected":false},"excerpt":{"rendered":"<p>Siyahkalem taraf\u0131ndan Zekeriyak\u00f6y\u2019de hayata ge\u00e7irilen K\u00d6Y de, \u00fclkenin gelece\u011fine ve ekonomiye olan g\u00fcveninin g\u00f6stergesi olarak konut sahibi olmak isteyenler i\u00e7in \u00e7ok \u00f6zel bir kampanyaya imza at\u0131yor. Siyahkalem taraf\u0131ndan Zekeriyak\u00f6y\u2019de hayata ge\u00e7irilen K\u00d6Y de, \u00a0\u00fclkenin gelece\u011fine ve ekonomiye olan g\u00fcveninin g\u00f6stergesi olarak \u00a0konut sahibi olmak isteyenler i\u00e7in \u00e7ok \u00f6zel bir kampanyaya imza at\u0131yor. Emlak Konut g\u00fcvencesiyle [&hellip;]<\/p>\n","protected":false},"author":1,"featured_media":4233,"comment_status":"open","ping_status":"open","sticky":false,"template":"","format":"standard","meta":{"ngg_post_thumbnail":0},"categories":[219],"tags":[11088,80,11100,277,11314,11153,11510,11256,2850],"_links":{"self":[{"href":"https:\/\/emlaktuel.com\/index.php?rest_route=\/wp\/v2\/posts\/4232"}],"collection":[{"href":"https:\/\/emlaktuel.com\/index.php?rest_route=\/wp\/v2\/posts"}],"about":[{"href":"https:\/\/emlaktuel.com\/index.php?rest_route=\/wp\/v2\/types\/post"}],"author":[{"embeddable":true,"href":"https:\/\/emlaktuel.com\/index.php?rest_route=\/wp\/v2\/users\/1"}],"replies":[{"embeddable":true,"href":"https:\/\/emlaktuel.com\/index.php?rest_route=%2Fwp%2Fv2%2Fcomments&post=4232"}],"version-history":[{"count":1,"href":"https:\/\/emlaktuel.com\/index.php?rest_route=\/wp\/v2\/posts\/4232\/revisions"}],"predecessor-version":[{"id":4234,"href":"https:\/\/emlaktuel.com\/index.php?rest_route=\/wp\/v2\/posts\/4232\/revisions\/4234"}],"wp:featuredmedia":[{"embeddable":true,"href":"https:\/\/emlaktuel.com\/index.php?rest_route=\/wp\/v2\/media\/4233"}],"wp:attachment":[{"href":"https:\/\/emlaktuel.com\/index.php?rest_route=%2Fwp%2Fv2%2Fmedia&parent=4232"}],"wp:term":[{"taxonomy":"category","embeddable":true,"href":"https:\/\/emlaktuel.com\/index.php?rest_route=%2Fwp%2Fv2%2Fcategories&post=4232"},{"taxonomy":"post_tag","embeddable":true,"href":"https:\/\/emlaktuel.com\/index.php?rest_route=%2Fwp%2Fv2%2Ftags&post=4232"}],"curies":[{"name":"wp","href":"https:\/\/api.w.org\/{rel}","templated":true}]}}