{"id":42310,"date":"2023-02-17T10:49:47","date_gmt":"2023-02-17T07:49:47","guid":{"rendered":"https:\/\/emlaktuel.com\/?p=42310"},"modified":"2023-02-17T10:49:47","modified_gmt":"2023-02-17T07:49:47","slug":"2023-ocak-ayinda-konut-satisi-yuzde-106-artti-kac-konut-satildi","status":"publish","type":"post","link":"https:\/\/emlaktuel.com\/?p=42310","title":{"rendered":"2023 Ocak ay\u0131nda konut sat\u0131\u015f\u0131 y\u00fczde 10,6 artt\u0131, ka\u00e7 konut sat\u0131ld\u0131?"},"content":{"rendered":"<div class=\"content-text\">\n<p>T\u00fcrkiye \u0130statistik Kurumu&#8217;nun a\u00e7\u0131klad\u0131\u011f\u0131 rakamlara g\u00f6re, T\u00fcrkiye&#8217;de konut sat\u0131\u015flar\u0131 2023 Ocak ay\u0131nda bir \u00f6nceki senenin ayn\u0131 ay\u0131na g\u00f6re y\u00fczde 10,6 art\u0131\u015f g\u00f6stererek 97 bin 708 sat\u0131\u015f oldu. Konut sat\u0131\u015flar\u0131nda \u0130stanbul 17 bin 415 konut sat\u0131\u015f\u0131 ve y\u00fczde 17,8 oran ile 1. s\u0131rada yer ald\u0131. Sat\u0131\u015f say\u0131lar\u0131na g\u00f6re mega kent \u0130stanbul&#8217;u 8 bin 808 konut sat\u0131\u015f\u0131 ve y\u00fczde 9,0 pay ile Ankara, 5 bin 572 konut sat\u0131\u015f\u0131 ve y\u00fczde 5,7 pay ile Antalya takip etti. Konut sat\u0131\u015f say\u0131s\u0131n\u0131n en az oldu\u011fu \u015fehirler s\u0131ras\u0131yla 23 konut ile Hakkari, 24 konut ile Ardahan ve 42 konut ile Tunceli oldu.<\/p>\n<h2>\u0130potekli konut sat\u0131\u015flar\u0131 toplam 16 bin 203 oldu<\/h2>\n<p>&nbsp;T\u00fcrkiye&#8217;de ipotekli konut sat\u0131\u015flar\u0131 2023 Ocak ay\u0131nda bir \u00f6nceki y\u0131l\u0131n ayn\u0131 ay\u0131na g\u00f6re y\u00fczde 10,9 azal\u0131\u015f g\u00f6stererek 16 bin 203 oldu. Toplam konut sat\u0131\u015flar\u0131 i\u00e7inde ipotekli sat\u0131\u015flar\u0131n pay\u0131 y\u00fczde 16,6 \u015feklinde ger\u00e7ekle\u015fti. Ocak ay\u0131ndaki ipotekli sat\u0131\u015flar\u0131n 4 bin 260&#8217;\u0131 ilk el sat\u0131\u015f \u015feklinde ger\u00e7ekle\u015fti.<\/p>\n<h2>Di\u011fer sat\u0131\u015f t\u00fcrlerine g\u00f6re 81 bin 505 konut el de\u011fi\u015ftirdi<\/h2>\n<p>T\u00fcrkiye&#8217;de di\u011fer konut sat\u0131\u015flar\u0131 2023 Ocak ay\u0131nda bir \u00f6nceki senenin ayn\u0131 ay\u0131na g\u00f6re y\u00fczde 16,2 artt\u0131 ve 81 bin 505 oldu. Toplam konut sat\u0131\u015flar\u0131 i\u00e7inde di\u011fer sat\u0131\u015flar\u0131n pay\u0131 y\u00fczde 83,4 \u015feklinde ger\u00e7ekle\u015fti.<\/p>\n<h2>S\u0131f\u0131r konut sat\u0131\u015f say\u0131s\u0131 27 bin 532 olarak ger\u00e7ekle\u015fti<\/h2>\n<p>T\u00fcrkiye&#8217;de ilk el konut sat\u0131\u015f say\u0131s\u0131, 2023 Ocak ay\u0131nda&nbsp; bir \u00f6nceki y\u0131l\u0131n ayn\u0131 ay\u0131na g\u00f6re y\u00fczde 1,2 artt\u0131 ve 27 bin 532 oldu. Toplam konut sat\u0131\u015flar\u0131 i\u00e7inde ilk el konut sat\u0131\u015f\u0131n\u0131n pay\u0131 y\u00fczde 28,2 oldu.<\/p>\n<\/div>\n<div class=\"haberdevam ortala\">&nbsp;<\/div>\n","protected":false},"excerpt":{"rendered":"<p>T\u00fcrkiye \u0130statistik Kurumu&#8217;nun a\u00e7\u0131klad\u0131\u011f\u0131 rakamlara g\u00f6re, T\u00fcrkiye&#8217;de konut sat\u0131\u015flar\u0131 2023 Ocak ay\u0131nda bir \u00f6nceki senenin ayn\u0131 ay\u0131na g\u00f6re y\u00fczde 10,6 art\u0131\u015f g\u00f6stererek 97 bin 708 sat\u0131\u015f oldu. Konut sat\u0131\u015flar\u0131nda \u0130stanbul 17 bin 415 konut sat\u0131\u015f\u0131 ve y\u00fczde 17,8 oran ile 1. s\u0131rada yer ald\u0131. Sat\u0131\u015f say\u0131lar\u0131na g\u00f6re mega kent \u0130stanbul&#8217;u 8 bin 808 konut sat\u0131\u015f\u0131 [&hellip;]<\/p>\n","protected":false},"author":1,"featured_media":26671,"comment_status":"open","ping_status":"open","sticky":false,"template":"","format":"standard","meta":{"ngg_post_thumbnail":0},"categories":[5388],"tags":[17017],"_links":{"self":[{"href":"https:\/\/emlaktuel.com\/index.php?rest_route=\/wp\/v2\/posts\/42310"}],"collection":[{"href":"https:\/\/emlaktuel.com\/index.php?rest_route=\/wp\/v2\/posts"}],"about":[{"href":"https:\/\/emlaktuel.com\/index.php?rest_route=\/wp\/v2\/types\/post"}],"author":[{"embeddable":true,"href":"https:\/\/emlaktuel.com\/index.php?rest_route=\/wp\/v2\/users\/1"}],"replies":[{"embeddable":true,"href":"https:\/\/emlaktuel.com\/index.php?rest_route=%2Fwp%2Fv2%2Fcomments&post=42310"}],"version-history":[{"count":1,"href":"https:\/\/emlaktuel.com\/index.php?rest_route=\/wp\/v2\/posts\/42310\/revisions"}],"predecessor-version":[{"id":42311,"href":"https:\/\/emlaktuel.com\/index.php?rest_route=\/wp\/v2\/posts\/42310\/revisions\/42311"}],"wp:featuredmedia":[{"embeddable":true,"href":"https:\/\/emlaktuel.com\/index.php?rest_route=\/wp\/v2\/media\/26671"}],"wp:attachment":[{"href":"https:\/\/emlaktuel.com\/index.php?rest_route=%2Fwp%2Fv2%2Fmedia&parent=42310"}],"wp:term":[{"taxonomy":"category","embeddable":true,"href":"https:\/\/emlaktuel.com\/index.php?rest_route=%2Fwp%2Fv2%2Fcategories&post=42310"},{"taxonomy":"post_tag","embeddable":true,"href":"https:\/\/emlaktuel.com\/index.php?rest_route=%2Fwp%2Fv2%2Ftags&post=42310"}],"curies":[{"name":"wp","href":"https:\/\/api.w.org\/{rel}","templated":true}]}}