{"id":42247,"date":"2023-02-15T11:59:34","date_gmt":"2023-02-15T08:59:34","guid":{"rendered":"https:\/\/emlaktuel.com\/?p=42247"},"modified":"2023-02-15T11:59:34","modified_gmt":"2023-02-15T08:59:34","slug":"deprem-sonrasi-mersinde-vicdansiz-ev-sahileri-ev-kiralarina-zam-yapti","status":"publish","type":"post","link":"https:\/\/emlaktuel.com\/?p=42247","title":{"rendered":"Deprem sonras\u0131 Mersin&#8217;de vicdans\u0131z ev sahileri ev kiralar\u0131na zam yapt\u0131"},"content":{"rendered":"<div class=\"post-content\">\n<p>6 \u015eubat 2023 tarihinde ya\u015fanan Kahramanmara\u015f depremi T\u00fcrkiye&#8217;de b\u00fcy\u00fck bir felakete sebep olurken ard\u0131 ard\u0131na ya\u015fanan 2 b\u00fcy\u00fck depremle 10 ilimiz b\u00fcy\u00fck bir hasar ald\u0131. Ya\u015fanan ac\u0131 depremin merkez \u00fcss\u00fc Kahramanmara\u015f ba\u015fta olmak \u00fczere Hatay, Diyarbak\u0131r, Osmaniye, \u015eanl\u0131urfa, Ad\u0131yaman, Malatya, Kilis ve Gaziantep&#8217;in i\u00e7inde yer ald\u0131\u011f\u0131 10 ilimizde b\u00fcy\u00fck y\u0131k\u0131mlar meydana geldi.&nbsp;<\/p>\n<p>\u00d6zellikle en fazla Kahramanmara\u015f, Hatay, Gaziantep, Malatya ve Ad\u0131yaman&#8217;da nerede ise sa\u011flam bir bina kalmam\u0131\u015fken vatanda\u015flar\u0131m\u0131z\u0131n b\u00fcy\u00fck bir b\u00f6l\u00fcm\u00fc de b\u00f6lgeden g\u00f6\u00e7 etmek durumrunda kalam\u0131\u015ft\u0131. Depremden ka\u00e7an vatanda\u015flar\u0131n ilk gittikleri en yak\u0131n \u015fehirlerden birisi olan Mersin ilimzde ne yaz\u0131k ki kiral\u0131k ve sat\u0131l\u0131k konut fiyatlar\u0131nda rekor zamlar ile fiyatlar \u00fc\u00e7e d\u00f6rde katland\u0131.&nbsp;<\/p>\n<h2><strong>Mersin&#8217;de 5 bin TL olan kira 12 bin TL&#8217;lere \u00e7\u0131kt\u0131!<\/strong><\/h2>\n<p>Son zamanlarda \u00fclkemiz illeri aras\u0131nda kiral\u0131k ve sat\u0131l\u0131k konut fiyatlar\u0131n\u0131n en fazla y\u00fckseldi\u011fi illerimizin aras\u0131nda yer alan Mersin ilimizde bu seferde \u00e7ok ac\u0131 ama deprem zamm\u0131 ya\u015fand\u0131. Depremden can\u0131n zor kurtaran vatanda\u015flar\u0131mz\u0131n s\u0131\u011f\u0131nd\u0131klar\u0131 \u015fehirde hem kiral\u0131k hem de sat\u0131l\u0131k konut fiyatlar\u0131na astronomik zamlar olurkeb bu konuya bir tepki de T\u00fcrkiye T\u00fcm Emlak M\u00fc\u015favirleri Federasyonu (TEMFED) Genel Ba\u015fkan Yard\u0131mc\u0131s\u0131 ve Mersin Emlak\u00e7\u0131lar Odas\u0131 Y\u00f6netim Kurulu Ba\u015fkan\u0131 Mehmet Sinan Canpolat&#8217;tan geldi.&nbsp;<\/p>\n<p>Canpolat yapm\u0131\u015f oldu\u011fu a\u00e7\u0131klamas\u0131nda <em>\u201cDepremi f\u0131rsata \u00e7eviren ev sahipleri,5 bin TL\u2019lik evi 12 bin TL\u2019ye, 1+1 evin kiralar\u0131n\u0131 ise 9 bin TL \u2018ye y\u00fckseltmektedir. Bu bir vicdans\u0131zl\u0131kt\u0131r. Buradan t\u00fcm ev sahiplerine sesleniyorum evlerinizi de\u011ferinin \u00fcst\u00fcnde kiraya vermeyin. Mersin Emlak\u00e7\u0131lar Odas\u0131 olarak \u00fcyelerimize ve meslekta\u015flar\u0131m\u0131za sesleniyorum, ahlakl\u0131 ve vicdanl\u0131 bir \u015fekilde fiyatlar\u0131 y\u00fckseltmeden evleri kiraya verin. Art niyetli ve y\u00fcksek fahi\u015fle kira fiyatlar\u0131 ile kar\u015f\u0131la\u015fan t\u00fcm depremzedeler kurumumuza \u015fik\u00e2yette bulunarak dilek\u00e7e versinler. Bizler de Ticaret Bakanl\u0131\u011f\u0131na Maliye Bakanl\u0131\u011f\u0131na gerekli adli mercilere su\u00e7 duyurusunda bulunaca\u011f\u0131z\u201d<\/em> diye konu\u015farak fahi\u015f fiyat art\u0131\u015f\u0131 yapan ev sahiplerini yetkili mercilere \u015fikayet edeceklerini duyurdu.&nbsp;<\/p>\n<\/div>\n<div id=\"adpro-6\" class=\"adpro desktop-ad mb-4 with-border\" data-page=\"495\" data-region=\"2174\" data-category=\"62c460e1b00e257d9a1575f4\" data-loaded=\"true\">&nbsp;<\/div>\n","protected":false},"excerpt":{"rendered":"<p>6 \u015eubat 2023 tarihinde ya\u015fanan Kahramanmara\u015f depremi T\u00fcrkiye&#8217;de b\u00fcy\u00fck bir felakete sebep olurken ard\u0131 ard\u0131na ya\u015fanan 2 b\u00fcy\u00fck depremle 10 ilimiz b\u00fcy\u00fck bir hasar ald\u0131. Ya\u015fanan ac\u0131 depremin merkez \u00fcss\u00fc Kahramanmara\u015f ba\u015fta olmak \u00fczere Hatay, Diyarbak\u0131r, Osmaniye, \u015eanl\u0131urfa, Ad\u0131yaman, Malatya, Kilis ve Gaziantep&#8217;in i\u00e7inde yer ald\u0131\u011f\u0131 10 ilimizde b\u00fcy\u00fck y\u0131k\u0131mlar meydana geldi.&nbsp; \u00d6zellikle en fazla [&hellip;]<\/p>\n","protected":false},"author":1,"featured_media":42248,"comment_status":"open","ping_status":"open","sticky":false,"template":"","format":"standard","meta":{"ngg_post_thumbnail":0},"categories":[5388],"tags":[16987,16985,16986],"_links":{"self":[{"href":"https:\/\/emlaktuel.com\/index.php?rest_route=\/wp\/v2\/posts\/42247"}],"collection":[{"href":"https:\/\/emlaktuel.com\/index.php?rest_route=\/wp\/v2\/posts"}],"about":[{"href":"https:\/\/emlaktuel.com\/index.php?rest_route=\/wp\/v2\/types\/post"}],"author":[{"embeddable":true,"href":"https:\/\/emlaktuel.com\/index.php?rest_route=\/wp\/v2\/users\/1"}],"replies":[{"embeddable":true,"href":"https:\/\/emlaktuel.com\/index.php?rest_route=%2Fwp%2Fv2%2Fcomments&post=42247"}],"version-history":[{"count":1,"href":"https:\/\/emlaktuel.com\/index.php?rest_route=\/wp\/v2\/posts\/42247\/revisions"}],"predecessor-version":[{"id":42249,"href":"https:\/\/emlaktuel.com\/index.php?rest_route=\/wp\/v2\/posts\/42247\/revisions\/42249"}],"wp:featuredmedia":[{"embeddable":true,"href":"https:\/\/emlaktuel.com\/index.php?rest_route=\/wp\/v2\/media\/42248"}],"wp:attachment":[{"href":"https:\/\/emlaktuel.com\/index.php?rest_route=%2Fwp%2Fv2%2Fmedia&parent=42247"}],"wp:term":[{"taxonomy":"category","embeddable":true,"href":"https:\/\/emlaktuel.com\/index.php?rest_route=%2Fwp%2Fv2%2Fcategories&post=42247"},{"taxonomy":"post_tag","embeddable":true,"href":"https:\/\/emlaktuel.com\/index.php?rest_route=%2Fwp%2Fv2%2Ftags&post=42247"}],"curies":[{"name":"wp","href":"https:\/\/api.w.org\/{rel}","templated":true}]}}