{"id":42243,"date":"2023-02-15T11:47:48","date_gmt":"2023-02-15T08:47:48","guid":{"rendered":"https:\/\/emlaktuel.com\/?p=42243"},"modified":"2023-02-15T11:47:48","modified_gmt":"2023-02-15T08:47:48","slug":"deprem-sonrasi-insaat-demiri-fiyatlari-dustu","status":"publish","type":"post","link":"https:\/\/emlaktuel.com\/?p=42243","title":{"rendered":"Deprem sonras\u0131 in\u015faat demiri fiyatlar\u0131 d\u00fc\u015ft\u00fc!"},"content":{"rendered":"<div class=\"post-content\">\n<p><strong>Deprem sonras\u0131 in\u015faat demiri fiyatlar\u0131 d\u00fc\u015ft\u00fc.<\/strong><\/p>\n<p>T\u00fcrkiye \u00e7ok ac\u0131 bir \u015fekilde geride b\u0131rakt\u0131\u011f\u0131 6 \u015fubat Pazartesi g\u00fcn\u00fcne Kahramanmara\u015f merkesli gelen ac\u0131 deprem haberi ile uyanm\u0131\u015f, ard\u0131 ard\u0131na ya\u015fad\u0131\u011f\u0131m\u0131z iki b\u00fcy\u00fck deprem adeta \u00fclkemizin ba\u015f\u0131na k\u00fc\u00e7\u00fck bir k\u0131yamet ya\u015fatm\u0131\u015ft\u0131.&nbsp;<\/p>\n<p>6 \u015fubat pazartesi sabah 04:17&#8217;de Kahramanmara\u015f&#8217;\u0131n Pazarc\u0131k merkezli 7.7 \u015fiddetinde ya\u015fanan deprem 10 \u015fehirimizde b\u00fcy\u00fck y\u0131k\u0131malara neden olurken ayn\u0131 g\u00fcn i\u00e7erisinde ya\u015fanan 7.6 \u015fiddetindeki ikinci b\u00fcy\u00fck depremle hasarl\u0131 olan binalarda y\u0131k\u0131lm\u0131\u015f ard\u0131ndan da can kay\u0131plar\u0131 \u00e7ok daha fazla artm\u0131\u015ft\u0131. Deprem Kahramanmara\u015f&#8217;\u0131n yan\u0131 s\u0131ra ayr\u0131ca Gaziantep, Diyarbak\u0131r, Hatay, Malatya, Osmaniye, Kilis, Adana, Ad\u0131yaman ve \u015eanl\u0131urfa&#8217;da da b\u00fcy\u00fck y\u0131k\u0131malara sebep olmu\u015ftu. Deprem t\u00fcm T\u00fcrkiye&#8217;yi derinden etkilerken demir fiyatlar\u0131 da depremden etkilendi.&nbsp;<\/p>\n<p><img loading=\"lazy\" class=\"alignnone size-full wp-image-42244\" src=\"https:\/\/emlaktuel.com\/wp-content\/uploads\/2023\/02\/ins\u0327aat-demiri-fiyat.jpg\" alt=\"\" width=\"700\" height=\"509\"><\/p>\n<h2><strong>Demir \u00e7elik \u00fcretimi depremle darbe ald\u0131&nbsp;<\/strong><\/h2>\n<p>T\u00fcrkiye ya\u015fad\u0131\u011f\u0131 bu \u00e7ok a\u011f\u0131r depremin \u015fokunu ya\u015famaya devam ederken depremle etkilenen b\u00f6lgelerin aras\u0131nda deprem \u00e7elik \u00fcretiminin kalbi olan \u0130skenderun&#8217;da etkiledi. \u0130skenderun Demir ve \u00c7elik A.\u015e. taraf\u0131ndan KAP \u00fczerinden yap\u0131lan a\u00e7\u0131klamada &#8220;Durum tespit \u00e7al\u0131\u015fmalar\u0131na devam edilmektedir. \u00c7al\u0131\u015fmalar tamamlan\u0131ncaya kadar \u00fcretime ara verilmi\u015f olup, konuya ili\u015fkin geli\u015fmeler ilerleyen g\u00fcnlerde kamuoyu ile payla\u015f\u0131lacakt\u0131r\u201d \u015feklinde ifadelerine yer verildi.&nbsp;<\/p>\n<h2><strong>15 \u015fubat 2023 in\u015faat demiri fiyatlar\u0131 1 ton in\u015faat demiri ka\u00e7 TL?<\/strong><\/h2>\n<p>Demir \u00e7elik \u00fcretiminde ya\u015fanan s\u0131k\u0131nt\u0131lar devam ederken \u0130skenderun b\u00f6lgesi T\u00fcrkiye&#8217;nin toplam demir \u00fcretiminin y\u00fczde 30 gibi \u00f6nemli bir b\u00f6l\u00fcm\u00fcn\u00fc tek ba\u015f\u0131na kar\u015f\u0131lad\u0131\u011f\u0131 a\u00e7\u0131kland\u0131. Piyasalar\u0131m\u0131zda moralsiz ve kayg\u0131l\u0131 bekleyi\u015fler devam ederken Ankara&#8217;da 8&#8217;lik in\u015faat demirinin ton fiyat\u0131n\u0131n 16 bin 500 liraya, \u0130stanbul&#8217;da 16 bin 550 liraya ve \u0130zmir&#8217;de de 16 bin 150 liraya geriledi\u011fi a\u00e7\u0131kland\u0131.&nbsp;<\/p>\n<p>\u0130skenderun&#8217;da demir \u00e7elik fiyatlar\u0131 sabit kal\u0131rken piyasalar\u0131n deprem hasar tespit \u00e7al\u0131\u015fmalar\u0131 sonucunda \u00fcretime ba\u015flanaca\u011f\u0131 tarihe g\u00f6re pozisyon almalar\u0131 beklenmekte. Y\u00fckselen dolar kurunun da demir fiyatlar\u0131n\u0131 yukar\u0131 y\u00f6nl\u00fc itebilece\u011fi beklenmekte.<\/p>\n<\/div>\n<div id=\"adpro-6\" class=\"adpro desktop-ad mb-4 with-border\" data-page=\"495\" data-region=\"2174\" data-category=\"62c460e1b00e257d9a1575f4\" data-loaded=\"true\">&nbsp;<\/div>\n","protected":false},"excerpt":{"rendered":"<p>Deprem sonras\u0131 in\u015faat demiri fiyatlar\u0131 d\u00fc\u015ft\u00fc. T\u00fcrkiye \u00e7ok ac\u0131 bir \u015fekilde geride b\u0131rakt\u0131\u011f\u0131 6 \u015fubat Pazartesi g\u00fcn\u00fcne Kahramanmara\u015f merkesli gelen ac\u0131 deprem haberi ile uyanm\u0131\u015f, ard\u0131 ard\u0131na ya\u015fad\u0131\u011f\u0131m\u0131z iki b\u00fcy\u00fck deprem adeta \u00fclkemizin ba\u015f\u0131na k\u00fc\u00e7\u00fck bir k\u0131yamet ya\u015fatm\u0131\u015ft\u0131.&nbsp; 6 \u015fubat pazartesi sabah 04:17&#8217;de Kahramanmara\u015f&#8217;\u0131n Pazarc\u0131k merkezli 7.7 \u015fiddetinde ya\u015fanan deprem 10 \u015fehirimizde b\u00fcy\u00fck y\u0131k\u0131malara neden [&hellip;]<\/p>\n","protected":false},"author":1,"featured_media":42245,"comment_status":"open","ping_status":"open","sticky":false,"template":"","format":"standard","meta":{"ngg_post_thumbnail":0},"categories":[97,5388],"tags":[14737,16984,16983,16916],"_links":{"self":[{"href":"https:\/\/emlaktuel.com\/index.php?rest_route=\/wp\/v2\/posts\/42243"}],"collection":[{"href":"https:\/\/emlaktuel.com\/index.php?rest_route=\/wp\/v2\/posts"}],"about":[{"href":"https:\/\/emlaktuel.com\/index.php?rest_route=\/wp\/v2\/types\/post"}],"author":[{"embeddable":true,"href":"https:\/\/emlaktuel.com\/index.php?rest_route=\/wp\/v2\/users\/1"}],"replies":[{"embeddable":true,"href":"https:\/\/emlaktuel.com\/index.php?rest_route=%2Fwp%2Fv2%2Fcomments&post=42243"}],"version-history":[{"count":1,"href":"https:\/\/emlaktuel.com\/index.php?rest_route=\/wp\/v2\/posts\/42243\/revisions"}],"predecessor-version":[{"id":42246,"href":"https:\/\/emlaktuel.com\/index.php?rest_route=\/wp\/v2\/posts\/42243\/revisions\/42246"}],"wp:featuredmedia":[{"embeddable":true,"href":"https:\/\/emlaktuel.com\/index.php?rest_route=\/wp\/v2\/media\/42245"}],"wp:attachment":[{"href":"https:\/\/emlaktuel.com\/index.php?rest_route=%2Fwp%2Fv2%2Fmedia&parent=42243"}],"wp:term":[{"taxonomy":"category","embeddable":true,"href":"https:\/\/emlaktuel.com\/index.php?rest_route=%2Fwp%2Fv2%2Fcategories&post=42243"},{"taxonomy":"post_tag","embeddable":true,"href":"https:\/\/emlaktuel.com\/index.php?rest_route=%2Fwp%2Fv2%2Ftags&post=42243"}],"curies":[{"name":"wp","href":"https:\/\/api.w.org\/{rel}","templated":true}]}}