{"id":42196,"date":"2023-02-13T11:22:11","date_gmt":"2023-02-13T08:22:11","guid":{"rendered":"https:\/\/emlaktuel.com\/?p=42196"},"modified":"2023-02-13T11:22:11","modified_gmt":"2023-02-13T08:22:11","slug":"iki-muteahhit-daha-kacarken-yakalandi","status":"publish","type":"post","link":"https:\/\/emlaktuel.com\/?p=42196","title":{"rendered":"\u0130ki m\u00fcteahhit daha ka\u00e7arken yakaland\u0131"},"content":{"rendered":"<p>T\u00fcrkiye tarihinin en b\u00fcy\u00fck deprem felaketi ile kar\u015f\u0131 kar\u015f\u0131ya. Kahramanmara\u015f Pazarc\u0131k il\u00e7esinde 7.7 ve Elbistan il\u00e7esinde 7.6 \u015fiddetinde ya\u015fanan depremlerin sonras\u0131nda Kahramanmara\u015f, Ad\u0131yaman, Adana, Gaziantep, Kilis, Osmaniye, \u015eanl\u0131urfa, Diyarbak\u0131r ve Hatay\u2019da 6 bin \u00fczerinde bina y\u0131k\u0131ld\u0131. Y\u0131k\u0131lan binalarda 30 bin vatanda\u015f\u0131m\u0131z hayat\u0131n\u0131 kaybederken 100 bine yak\u0131n vatanda\u015f da yaral\u0131 olarak enkazlardan \u00e7\u0131kar\u0131ld\u0131lar. Felaketin boyutunu artt\u0131ranlar ise b\u00f6lgede depreme dayan\u0131ks\u0131z bina yapan m\u00fcteahhitler.<\/p>\n<h2><strong>M\u00fcteahhitler y\u0131k\u0131lan binalar\u0131n\u0131n hesab\u0131n\u0131 verecek<\/strong><\/h2>\n<p>Y\u00fczy\u0131l\u0131n felaketi depremden etkilenen illerimizde konut projeleri in\u015fa eden ve bu binalar\u0131 yerle bir olan m\u00fcteaahhitlere y\u00f6nelik Adalet Bakanl\u0131\u011f\u0131 \u00e7al\u0131\u015fmalar ba\u015flatt\u0131. Deprem su\u00e7lar\u0131na ili\u015fkin bu illerde \u00f6zel bir b\u00fcro kuran Adalet Bakanl\u0131\u011f\u0131 bu b\u00fcroya da sadece bu konuyla ilgilenecek 145 savc\u0131 atad\u0131. Depremde y\u0131k\u0131lan binalar\u0131n m\u00fcteahhitlerine de operasyonlar ba\u015flad\u0131. Bir\u00e7ok m\u00fcteahhit g\u00f6zalt\u0131na al\u0131n\u0131rken aralar\u0131ndan baz\u0131lar\u0131 \u00e7\u0131kar\u0131ld\u0131klar\u0131 hakimlik\u00e7e tutukland\u0131lar. Ancak baz\u0131 m\u00fcteahhitler yurt d\u0131\u015f\u0131na ka\u00e7maya \u00e7al\u0131\u015f\u0131rken yakaland\u0131lar.<\/p>\n<div id=\"adpro-5\" class=\"adpro desktop-ad mb-4\" data-page=\"495\" data-region=\"2188\" data-category=\"62c460e1b00e257d9a1575f4\" data-loaded=\"true\">&nbsp;<\/div>\n","protected":false},"excerpt":{"rendered":"<p>T\u00fcrkiye tarihinin en b\u00fcy\u00fck deprem felaketi ile kar\u015f\u0131 kar\u015f\u0131ya. Kahramanmara\u015f Pazarc\u0131k il\u00e7esinde 7.7 ve Elbistan il\u00e7esinde 7.6 \u015fiddetinde ya\u015fanan depremlerin sonras\u0131nda Kahramanmara\u015f, Ad\u0131yaman, Adana, Gaziantep, Kilis, Osmaniye, \u015eanl\u0131urfa, Diyarbak\u0131r ve Hatay\u2019da 6 bin \u00fczerinde bina y\u0131k\u0131ld\u0131. Y\u0131k\u0131lan binalarda 30 bin vatanda\u015f\u0131m\u0131z hayat\u0131n\u0131 kaybederken 100 bine yak\u0131n vatanda\u015f da yaral\u0131 olarak enkazlardan \u00e7\u0131kar\u0131ld\u0131lar. Felaketin boyutunu artt\u0131ranlar [&hellip;]<\/p>\n","protected":false},"author":1,"featured_media":42152,"comment_status":"open","ping_status":"open","sticky":false,"template":"","format":"standard","meta":{"ngg_post_thumbnail":0},"categories":[5388],"tags":[9079,16966],"_links":{"self":[{"href":"https:\/\/emlaktuel.com\/index.php?rest_route=\/wp\/v2\/posts\/42196"}],"collection":[{"href":"https:\/\/emlaktuel.com\/index.php?rest_route=\/wp\/v2\/posts"}],"about":[{"href":"https:\/\/emlaktuel.com\/index.php?rest_route=\/wp\/v2\/types\/post"}],"author":[{"embeddable":true,"href":"https:\/\/emlaktuel.com\/index.php?rest_route=\/wp\/v2\/users\/1"}],"replies":[{"embeddable":true,"href":"https:\/\/emlaktuel.com\/index.php?rest_route=%2Fwp%2Fv2%2Fcomments&post=42196"}],"version-history":[{"count":1,"href":"https:\/\/emlaktuel.com\/index.php?rest_route=\/wp\/v2\/posts\/42196\/revisions"}],"predecessor-version":[{"id":42197,"href":"https:\/\/emlaktuel.com\/index.php?rest_route=\/wp\/v2\/posts\/42196\/revisions\/42197"}],"wp:featuredmedia":[{"embeddable":true,"href":"https:\/\/emlaktuel.com\/index.php?rest_route=\/wp\/v2\/media\/42152"}],"wp:attachment":[{"href":"https:\/\/emlaktuel.com\/index.php?rest_route=%2Fwp%2Fv2%2Fmedia&parent=42196"}],"wp:term":[{"taxonomy":"category","embeddable":true,"href":"https:\/\/emlaktuel.com\/index.php?rest_route=%2Fwp%2Fv2%2Fcategories&post=42196"},{"taxonomy":"post_tag","embeddable":true,"href":"https:\/\/emlaktuel.com\/index.php?rest_route=%2Fwp%2Fv2%2Ftags&post=42196"}],"curies":[{"name":"wp","href":"https:\/\/api.w.org\/{rel}","templated":true}]}}