{"id":42134,"date":"2023-02-11T12:07:28","date_gmt":"2023-02-11T09:07:28","guid":{"rendered":"https:\/\/emlaktuel.com\/?p=42134"},"modified":"2023-02-11T12:08:20","modified_gmt":"2023-02-11T09:08:20","slug":"deprem-bolgelerinde-8-581-cadir-kuruldu-kurulum-devam-ediyor","status":"publish","type":"post","link":"https:\/\/emlaktuel.com\/?p=42134","title":{"rendered":"Deprem b\u00f6lgelerinde 8.581 \u00e7ad\u0131r kuruldu, kurulum devam ediyor, ka\u00e7 \u00e7ad\u0131r kurulacak"},"content":{"rendered":"<div class=\"post-body my-3\">\n<div class=\"detay\">\u00c7evre, \u015eehircilik ve \u0130klim De\u011fi\u015fikli\u011fi Bakan\u0131 Murat Kurum, Kahramanmara\u015f merkezli meydana gelen 7.7 ve 7.6 b\u00fcy\u00fckl\u00fc\u011f\u00fcndeki iki b\u00fcy\u00fck depremin neden oldu\u011fu 10 ilimizdeki y\u0131k\u0131m\u0131n sonras\u0131nda \u00e7al\u0131\u015fmalar\u0131n da h\u0131zla devam etti\u011fini, arama kurtarma faaliyetleri de devam ederken bunun d\u0131\u015f\u0131nda da bar\u0131nma ihtiya\u00e7lar\u0131n\u0131n giderilmesi i\u00e7in ad\u0131mlar\u0131n at\u0131ld\u0131\u011f\u0131n\u0131 s\u00f6yledi.&nbsp;<\/div>\n<div class=\"detay\">Bakan Murat Kurum, deprem yaralar\u0131n\u0131n \u00e7ok h\u0131zl\u0131 bir \u015fekilde sar\u0131lmas\u0131 i\u00e7in \u00e7ok yo\u011fun bir \u00e7aban\u0131n harcand\u0131\u011f\u0131n\u0131 bu payla\u015f\u0131m\u0131 ile g\u00f6zler \u00f6n\u00fcne serdi.&nbsp; Ya\u015fad\u0131\u011f\u0131m\u0131z bu deprem afetinin yan\u0131s\u0131ra k\u0131\u015f\u0131n bu so\u011fuk hava \u015fartlar\u0131 ile de m\u00fccadele eden, g\u00fcnlerdir sokaklarda ya\u015fayan, evlerine giremeyen vatanda\u015flar\u0131m\u0131z i\u00e7in bar\u0131nma sorunlar\u0131na y\u00f6nelik \u00e7al\u0131\u015fmalar\u0131n Bakanl\u0131klar, AFAD ve yard\u0131m kurulu\u015flar\u0131 destekleri ile devam ediyor.<\/div>\n<div class=\"detay\">\n<h2>AFAD \u00e7ad\u0131r kurulumu devam ediyor<\/h2>\n<p>Deprem b\u00f6lgeleri i\u00e7in \u00f6zellikle bar\u0131nma ihtiya\u00e7lar\u0131n\u0131n daha h\u0131zl\u0131 bir \u015fekilde giderilmesi i\u00e7in AFAD \u00e7ad\u0131r\u0131 ve konteyner ev kurulumlar\u0131 b\u00fcy\u00fck bir h\u0131zla devam ediyor. Bakan Murat Kurum yapt\u0131\u011f\u0131 payla\u015f\u0131m\u0131nda, <em><strong>&#8220;Gaziantep merkezde Hasan Celal G\u00fczel Millet Bah\u00e7emizde, Nurda\u011f\u0131 ve Nizip il\u00e7elerimizde 8.581 \u00e7ad\u0131r kurduk, 7.500 adet \u00e7ad\u0131r da kuruluyor. <\/strong><\/em><em><strong>Vatanda\u015flar\u0131m\u0131z\u0131n bar\u0131nma sorunlar\u0131n\u0131 ivedilikle \u00e7\u00f6z\u00fcme kavu\u015fturuyoruz. <\/strong><\/em><strong>Jandarmam\u0131z helikopterlerle, Gaziantep&#8217;te mahalle ve k\u00f6ylerimize yard\u0131m g\u00f6t\u00fcrmeye devam ediyor.<\/strong><em><strong>&#8221;&nbsp;<\/strong><\/em>\u015feklinde konu\u015ftu.<\/p>\n<p>&nbsp;<\/p>\n<p>&nbsp;<\/p>\n<div class=\"bg-lightx d-block my-1\">\n<div class=\"row align-items-center\">&nbsp;<\/div>\n<\/div>\n<\/div>\n<\/div>\n<div class=\"heading my-3 d-print-none\">&nbsp;<\/div>\n","protected":false},"excerpt":{"rendered":"<p>\u00c7evre, \u015eehircilik ve \u0130klim De\u011fi\u015fikli\u011fi Bakan\u0131 Murat Kurum, Kahramanmara\u015f merkezli meydana gelen 7.7 ve 7.6 b\u00fcy\u00fckl\u00fc\u011f\u00fcndeki iki b\u00fcy\u00fck depremin neden oldu\u011fu 10 ilimizdeki y\u0131k\u0131m\u0131n sonras\u0131nda \u00e7al\u0131\u015fmalar\u0131n da h\u0131zla devam etti\u011fini, arama kurtarma faaliyetleri de devam ederken bunun d\u0131\u015f\u0131nda da bar\u0131nma ihtiya\u00e7lar\u0131n\u0131n giderilmesi i\u00e7in ad\u0131mlar\u0131n at\u0131ld\u0131\u011f\u0131n\u0131 s\u00f6yledi.&nbsp; Bakan Murat Kurum, deprem yaralar\u0131n\u0131n \u00e7ok h\u0131zl\u0131 bir \u015fekilde [&hellip;]<\/p>\n","protected":false},"author":1,"featured_media":42135,"comment_status":"open","ping_status":"open","sticky":false,"template":"","format":"standard","meta":{"ngg_post_thumbnail":0},"categories":[5388],"tags":[16929,16930],"_links":{"self":[{"href":"https:\/\/emlaktuel.com\/index.php?rest_route=\/wp\/v2\/posts\/42134"}],"collection":[{"href":"https:\/\/emlaktuel.com\/index.php?rest_route=\/wp\/v2\/posts"}],"about":[{"href":"https:\/\/emlaktuel.com\/index.php?rest_route=\/wp\/v2\/types\/post"}],"author":[{"embeddable":true,"href":"https:\/\/emlaktuel.com\/index.php?rest_route=\/wp\/v2\/users\/1"}],"replies":[{"embeddable":true,"href":"https:\/\/emlaktuel.com\/index.php?rest_route=%2Fwp%2Fv2%2Fcomments&post=42134"}],"version-history":[{"count":2,"href":"https:\/\/emlaktuel.com\/index.php?rest_route=\/wp\/v2\/posts\/42134\/revisions"}],"predecessor-version":[{"id":42137,"href":"https:\/\/emlaktuel.com\/index.php?rest_route=\/wp\/v2\/posts\/42134\/revisions\/42137"}],"wp:featuredmedia":[{"embeddable":true,"href":"https:\/\/emlaktuel.com\/index.php?rest_route=\/wp\/v2\/media\/42135"}],"wp:attachment":[{"href":"https:\/\/emlaktuel.com\/index.php?rest_route=%2Fwp%2Fv2%2Fmedia&parent=42134"}],"wp:term":[{"taxonomy":"category","embeddable":true,"href":"https:\/\/emlaktuel.com\/index.php?rest_route=%2Fwp%2Fv2%2Fcategories&post=42134"},{"taxonomy":"post_tag","embeddable":true,"href":"https:\/\/emlaktuel.com\/index.php?rest_route=%2Fwp%2Fv2%2Ftags&post=42134"}],"curies":[{"name":"wp","href":"https:\/\/api.w.org\/{rel}","templated":true}]}}