{"id":42131,"date":"2023-02-11T11:13:18","date_gmt":"2023-02-11T08:13:18","guid":{"rendered":"https:\/\/emlaktuel.com\/?p=42131"},"modified":"2023-02-11T11:13:18","modified_gmt":"2023-02-11T08:13:18","slug":"cumhurbaskani-erdogandan-depremzedelere-tasinma-ve-kira-yardimi-aciklamasi","status":"publish","type":"post","link":"https:\/\/emlaktuel.com\/?p=42131","title":{"rendered":"Cumhurba\u015fkan\u0131 Erdo\u011fan&#8217;dan depremzedelere ta\u015f\u0131nma ve kira yard\u0131m\u0131 a\u00e7\u0131klamas\u0131!"},"content":{"rendered":"<div class=\"post-content\">\n<p>Kahramanmara\u015f merkezli ya\u015fad\u0131\u011f\u0131m\u0131oz deprem toplamda 10 ilimizde b\u00fcy\u00fck y\u0131k\u0131ma neden olurken felaketin ard\u0131ndan b\u00f6lgede yaralar sar\u0131lmaya ba\u015fland\u0131. Arama kurtarma \u00e7al\u0131\u015fmalar\u0131na devam edilierken depremzedelere y\u00f6nelik yard\u0131mlar da \u015fekillenmeye ba\u015fland\u0131. Depremde y\u0131k\u0131lan konutlar\u0131n yerine in\u015fa edilecek binalar i\u00e7in de haz\u0131rl\u0131klar ba\u015flat\u0131ld\u0131. Cumhurba\u015fkan\u0131 Recep Tayyip Erdo\u011fan kamuoyuna a\u00e7\u0131klamada bulundu.<\/p>\n<h2><strong>Konutlar\u0131 yeniden in\u015faa edece\u011fiz!<\/strong><\/h2>\n<p>Ya\u015fad\u0131\u011f\u0131m\u0131z deprem afeti sebebiyle 10 ilimizde y\u0131k\u0131lan binalar\u0131n yeniden in\u015fas\u0131 hakk\u0131nda a\u00e7\u0131kalam yapan Cumhurba\u015fkan\u0131 Erdo\u011fan, <em>\u201cDeprem nedeniyle \u00e7ok can\u0131m\u0131z\u0131 kaybettik. Onlar\u0131 geri getiremeyiz ve bizim itikad\u0131m\u0131za g\u00f6re \u015fehit olmu\u015flard\u0131r. Y\u0131k\u0131lan bu binalar\u0131 ise 1 y\u0131l i\u00e7erisinde yeniden yapaca\u011f\u0131z. \u00c7evre, \u015eehircilik ve \u0130klim De\u011fi\u015fikli\u011fi Bakan\u0131 Murat Kurum\u2019a ve ilgili di\u011fer birimlere talimat verdim. H\u0131zl\u0131 bir \u015fekilde enkazlar kald\u0131r\u0131lacak ve sonras\u0131nda rezerv alanlar olu\u015fturulup y\u0131k\u0131lan binalar\u0131n yerine yenilerini depreme dayan\u0131kl\u0131 olacak \u015fekilde in\u015fa edece\u011fiz. Elimizdeki projeleri burada uygulayaca\u011f\u0131z. Zemin art\u0131 3-4 kat \u015feklinde vatanda\u015flar\u0131m\u0131z\u0131n evlerini in\u015fa edip 1 y\u0131l i\u00e7erisinde kendilerine teslim edece\u011fiz.\u201d<\/em> \u015feklinde konu\u015ftu<\/p>\n<h2><strong>1 sene kira yard\u0131m\u0131 yap\u0131lacak<\/strong><\/h2>\n<p>Depremde evleri y\u0131k\u0131lan vatanda\u015flar\u0131m\u0131za kira yard\u0131m\u0131 vereceklerini s\u00f6yleyen Cumhurba\u015fkan\u0131 recep Tayyip Erdo\u011fan, <em>\u201cBiz yeni konutlar\u0131 yapana kadar vatanda\u015flar\u0131m\u0131za \u00e7e\u015fitli se\u00e7enekler de sunaca\u011f\u0131z. \u00c7ad\u0131rlarda kalmak istemeyen vatanda\u015flar\u0131m\u0131z olabilir. Onlar bulunduklar\u0131 illerde veya istedikleri \u015fehre gidip ev kiralayabilecekler. 1 y\u0131l boyunca kira yard\u0131m\u0131n\u0131 devlet olarak biz verece\u011fiz. Bu vatanda\u015flar\u0131m\u0131z\u0131n bu s\u00fcre\u00e7te kira sorunlar\u0131 olmayacak ve bu yard\u0131m ile istedikleri ilde ev kiralayabilirler. 1 y\u0131l sonra ise konutlar\u0131n\u0131 teslim alacaklar.\u201d<\/em> dedi.<\/p>\n<h2><strong>Ta\u015f\u0131nma i\u00e7in yard\u0131m yap\u0131lacak&nbsp;<\/strong><\/h2>\n<p>Depremde zarar g\u00f6ren vatanda\u015flar\u0131m\u0131za ayr\u0131ca yard\u0131mlar\u0131n verilece\u011fini de belirten Cumhurba\u015fkan\u0131 Recep Tayyip&nbsp; Erdo\u011fan, <em>\u201cDaha \u00f6nce a\u00e7\u0131klam\u0131\u015ft\u0131m. Depremzede ailelerimizin her birine 10 Bin TL nakdi yard\u0131m yapaca\u011f\u0131z. Bununla da kalmayaca\u011f\u0131z 5 Bin TL de ta\u015f\u0131nma yard\u0131m\u0131 sa\u011flayaca\u011f\u0131z. B\u00f6ylece ailelerimiz k\u0131sa bir s\u00fcre i\u00e7erisinde 15 Bin TL nakit yard\u0131m\u0131 alabilecekler. T\u00fcm bunlar\u0131n haz\u0131rl\u0131klar\u0131 yap\u0131lm\u0131\u015ft\u0131r.\u201d<\/em> dedi.<\/p>\n<\/div>\n","protected":false},"excerpt":{"rendered":"<p>Kahramanmara\u015f merkezli ya\u015fad\u0131\u011f\u0131m\u0131oz deprem toplamda 10 ilimizde b\u00fcy\u00fck y\u0131k\u0131ma neden olurken felaketin ard\u0131ndan b\u00f6lgede yaralar sar\u0131lmaya ba\u015fland\u0131. Arama kurtarma \u00e7al\u0131\u015fmalar\u0131na devam edilierken depremzedelere y\u00f6nelik yard\u0131mlar da \u015fekillenmeye ba\u015fland\u0131. Depremde y\u0131k\u0131lan konutlar\u0131n yerine in\u015fa edilecek binalar i\u00e7in de haz\u0131rl\u0131klar ba\u015flat\u0131ld\u0131. Cumhurba\u015fkan\u0131 Recep Tayyip Erdo\u011fan kamuoyuna a\u00e7\u0131klamada bulundu. Konutlar\u0131 yeniden in\u015faa edece\u011fiz! Ya\u015fad\u0131\u011f\u0131m\u0131z deprem afeti sebebiyle 10 [&hellip;]<\/p>\n","protected":false},"author":1,"featured_media":3644,"comment_status":"open","ping_status":"open","sticky":false,"template":"","format":"standard","meta":{"ngg_post_thumbnail":0},"categories":[5388],"tags":[16927,16925,16926,16924,16928,89],"_links":{"self":[{"href":"https:\/\/emlaktuel.com\/index.php?rest_route=\/wp\/v2\/posts\/42131"}],"collection":[{"href":"https:\/\/emlaktuel.com\/index.php?rest_route=\/wp\/v2\/posts"}],"about":[{"href":"https:\/\/emlaktuel.com\/index.php?rest_route=\/wp\/v2\/types\/post"}],"author":[{"embeddable":true,"href":"https:\/\/emlaktuel.com\/index.php?rest_route=\/wp\/v2\/users\/1"}],"replies":[{"embeddable":true,"href":"https:\/\/emlaktuel.com\/index.php?rest_route=%2Fwp%2Fv2%2Fcomments&post=42131"}],"version-history":[{"count":1,"href":"https:\/\/emlaktuel.com\/index.php?rest_route=\/wp\/v2\/posts\/42131\/revisions"}],"predecessor-version":[{"id":42132,"href":"https:\/\/emlaktuel.com\/index.php?rest_route=\/wp\/v2\/posts\/42131\/revisions\/42132"}],"wp:featuredmedia":[{"embeddable":true,"href":"https:\/\/emlaktuel.com\/index.php?rest_route=\/wp\/v2\/media\/3644"}],"wp:attachment":[{"href":"https:\/\/emlaktuel.com\/index.php?rest_route=%2Fwp%2Fv2%2Fmedia&parent=42131"}],"wp:term":[{"taxonomy":"category","embeddable":true,"href":"https:\/\/emlaktuel.com\/index.php?rest_route=%2Fwp%2Fv2%2Fcategories&post=42131"},{"taxonomy":"post_tag","embeddable":true,"href":"https:\/\/emlaktuel.com\/index.php?rest_route=%2Fwp%2Fv2%2Ftags&post=42131"}],"curies":[{"name":"wp","href":"https:\/\/api.w.org\/{rel}","templated":true}]}}