{"id":42098,"date":"2023-02-09T19:17:01","date_gmt":"2023-02-09T16:17:01","guid":{"rendered":"https:\/\/emlaktuel.com\/?p=42098"},"modified":"2023-02-09T19:17:01","modified_gmt":"2023-02-09T16:17:01","slug":"musiaddan-depremden-etkilenen-10-il-icin-topyekun-seferberlik","status":"publish","type":"post","link":"https:\/\/emlaktuel.com\/?p=42098","title":{"rendered":"M\u00dcS\u0130AD&#8217;dan depremden etkilenen 10 il i\u00e7in topyek\u00fcn seferberlik"},"content":{"rendered":"<p><strong>Kahramanmara\u015f merkezli \u015fiddetli depremlerin ard\u0131ndan b\u00f6lgeye hareket eden M\u00dcS\u0130AD Genel Ba\u015fkan\u0131 Mahmut Asmal\u0131, M\u00dcS\u0130AD&#8217;\u0131n olu\u015fturdu\u011fu Kriz Masas\u0131 ile yaralar\u0131 sarmak i\u00e7in s\u00fcratle harekete ge\u00e7ti\u011fini s\u00f6yledi. Kahramanmara\u015f&#8217;ta konu\u015fan Ba\u015fkan Asmal\u0131, &#8220;G\u00fcn birlik olma, beraber olma g\u00fcn\u00fc&#8221; dedi.<\/strong><\/p>\n<p>M\u00fcstakil Sanayici ve \u0130\u015fadamlar\u0131 Derne\u011fi (M\u00dcS\u0130AD) Kahramanmara\u015f merkezli ve toplam 10 ilde b\u00fcy\u00fck bir y\u0131k\u0131ma neden olan \u015fiddetli depremler sonras\u0131 harekete ge\u00e7ti. Deprem sonras\u0131 h\u0131zl\u0131ca Kriz Masas\u0131 olu\u015fturan M\u00dcS\u0130AD, depremin ya\u015fand\u0131\u011f\u0131 ilk andan itibaren t\u00fcm imk\u00e2nlar\u0131n\u0131 seferber etti. Olu\u015fturulan Kriz Masas\u0131 ile afet b\u00f6lgesinden gelen bilgiler ve talepleri yurt i\u00e7i ve yurt d\u0131\u015f\u0131 \u015fubeleri de koordine ederek s\u00fcratle yerine getirmeye \u00e7al\u0131\u015fan M\u00dcS\u0130AD ekipleri, bir\u00e7ok b\u00f6lgeye temel ihtiya\u00e7 maddesi, g\u0131da yard\u0131m\u0131 ve arama kurtarma \u00e7al\u0131\u015fmalar\u0131nda kullan\u0131lmak \u00fczere i\u015f makinesi g\u00f6nderdi.<\/p>\n<p>Yurt i\u00e7indeki t\u00fcm \u015fubeleri depremden etkilenen 10 ille e\u015fle\u015ftirdiklerini belirten M\u00dcS\u0130AD Genel Ba\u015fkan\u0131 Mahmut Asmal\u0131, her ilden sorumlu acil yard\u0131m ekipleri olu\u015fturduklar\u0131n\u0131 belirtti. M\u00dcS\u0130AD Kriz Masas\u0131 koordinasyonunda depremden etkilenen vatanda\u015flar\u0131n ihtiya\u00e7lar\u0131 do\u011frultusunda M\u00dcS\u0130AD \u00fcyelerinin katk\u0131lar\u0131yla haz\u0131rlanan 2 binden fazla temel ihtiya\u00e7 ve g\u0131da maddesi ta\u015f\u0131yan 500\u2019den fazla t\u0131r, lojistik destek arac\u0131 ve i\u015f makinesinin b\u00f6lgeye sevk edildi\u011fini vurgulayan Ba\u015fkan Asmal\u0131, bu yard\u0131mlar\u0131n b\u00fcy\u00fck bir b\u00f6l\u00fcm\u00fcn\u00fcn afet b\u00f6lgesine ula\u015ft\u0131\u011f\u0131n\u0131 ve i\u015f makinelerinin arama kurtarma \u00e7al\u0131\u015fmalar\u0131na ba\u015flad\u0131\u011f\u0131n\u0131 s\u00f6yledi. Ba\u015fkan Asmal\u0131 ayr\u0131ca, 100 tane karavan\u0131n depremden etkilenen vatanda\u015flar\u0131n kullan\u0131m\u0131na sunuldu\u011funu ve \u00fcye firmalar taraf\u0131ndan haz\u0131rlanan prefabrik yap\u0131lar\u0131n da b\u00f6lgeye sevk edilece\u011fini bildirdi.<\/p>\n<p>Kahramanmara\u015f&#8217;ta de\u011ferlendirmelerde bulunan Ba\u015fkan Asmal\u0131, &#8220;Ola\u011fan\u00fcst\u00fc bir durumdan ge\u00e7iyoruz. \u00dclkemiz b\u00fcy\u00fck bir imtihan veriyor. M\u00dcS\u0130AD olarak b\u00f6yle elim bir hadiseye kay\u0131ts\u0131z kalamazd\u0131k. B\u00f6lge halk\u0131 i\u00e7in elimizden geleni yapmaya \u00e7al\u0131\u015f\u0131yoruz. G\u00fcn birlik olma g\u00fcn\u00fc, beraber olma g\u00fcn\u00fc&#8221; dedi.<\/p>\n<p>&nbsp;<\/p>\n<p>M\u00dcS\u0130AD Genel Ba\u015fkan\u0131 Mahmut Asmal\u0131, s\u00f6zlerini \u015f\u00f6yle s\u00fcrd\u00fcrd\u00fc:<\/p>\n<p>&#8220;Yurt i\u00e7i \u015fubelerimizle birlikte 10 ilimizi di\u011fer illerimizle e\u015fle\u015ftirdik. T\u00fcm birimlerimizle, Allah raz\u0131 olsun gerek g\u0131da yard\u0131m\u0131 gerek i\u015f makineleri gerekse di\u011fer yard\u0131mlar i\u00e7in seferber olmu\u015f durumday\u0131z. Kahramanmara\u015f&#8217;ta sahada geli\u015fmeleri yerinde takip ettik. Ola\u011fan\u00fcst\u00fc bir durumdan ge\u00e7iyoruz. \u00dclkemiz b\u00fcy\u00fck bir imtihan veriyor. M\u00dcS\u0130AD olarak b\u00f6yle elim bir hadiseye kay\u0131ts\u0131z kalamazd\u0131k. Genel Merkezimizde bir kriz ekibi olu\u015fturduk ve yurt i\u00e7i-yurt d\u0131\u015f\u0131 \u015fubelerimizle tam bir seferberlik ilan ettik. Kriz ekibimiz afet b\u00f6lgesinden gelen bilgileri ve talepleri t\u00fcm \u015fubelerimize ihtiya\u00e7lar do\u011frultusunda payla\u015ft\u0131r\u0131yor. \u0130n\u015fallah bu s\u00fcrecin \u00fcstesinden hep birlikte gelece\u011fiz. \u00c7ok zor bir durum. Giden kay\u0131plar\u0131 geri getiremeyiz ama en az\u0131ndan yaral\u0131lar\u0131m\u0131za, geride kalanlara zaman\u0131nda m\u00fcdahale ile dertlerine derman olabiliriz. En \u00f6nemlisi de b\u00fcy\u00fck bir travma ya\u015fayan b\u00f6lge halk\u0131 var. Ayn\u0131 zamanda burada so\u011fuk bir hava h\u00e2kim. Dolay\u0131s\u0131yla b\u00f6lge halk\u0131m\u0131z\u0131n yan\u0131nda olmam\u0131z laz\u0131m. Bizler de elimizden geleni yapmaya \u00e7al\u0131\u015f\u0131yoruz. Allah hepimizin yard\u0131mc\u0131s\u0131 olsun, milletimizi muhafaza etsin. G\u00fcn birlik olma g\u00fcn\u00fc, beraber olma g\u00fcn\u00fc.<\/p>\n","protected":false},"excerpt":{"rendered":"<p>Kahramanmara\u015f merkezli \u015fiddetli depremlerin ard\u0131ndan b\u00f6lgeye hareket eden M\u00dcS\u0130AD Genel Ba\u015fkan\u0131 Mahmut Asmal\u0131, M\u00dcS\u0130AD&#8217;\u0131n olu\u015fturdu\u011fu Kriz Masas\u0131 ile yaralar\u0131 sarmak i\u00e7in s\u00fcratle harekete ge\u00e7ti\u011fini s\u00f6yledi. Kahramanmara\u015f&#8217;ta konu\u015fan Ba\u015fkan Asmal\u0131, &#8220;G\u00fcn birlik olma, beraber olma g\u00fcn\u00fc&#8221; dedi. M\u00fcstakil Sanayici ve \u0130\u015fadamlar\u0131 Derne\u011fi (M\u00dcS\u0130AD) Kahramanmara\u015f merkezli ve toplam 10 ilde b\u00fcy\u00fck bir y\u0131k\u0131ma neden olan \u015fiddetli depremler [&hellip;]<\/p>\n","protected":false},"author":1,"featured_media":42099,"comment_status":"open","ping_status":"open","sticky":false,"template":"","format":"standard","meta":{"ngg_post_thumbnail":0},"categories":[5388],"tags":[],"_links":{"self":[{"href":"https:\/\/emlaktuel.com\/index.php?rest_route=\/wp\/v2\/posts\/42098"}],"collection":[{"href":"https:\/\/emlaktuel.com\/index.php?rest_route=\/wp\/v2\/posts"}],"about":[{"href":"https:\/\/emlaktuel.com\/index.php?rest_route=\/wp\/v2\/types\/post"}],"author":[{"embeddable":true,"href":"https:\/\/emlaktuel.com\/index.php?rest_route=\/wp\/v2\/users\/1"}],"replies":[{"embeddable":true,"href":"https:\/\/emlaktuel.com\/index.php?rest_route=%2Fwp%2Fv2%2Fcomments&post=42098"}],"version-history":[{"count":1,"href":"https:\/\/emlaktuel.com\/index.php?rest_route=\/wp\/v2\/posts\/42098\/revisions"}],"predecessor-version":[{"id":42100,"href":"https:\/\/emlaktuel.com\/index.php?rest_route=\/wp\/v2\/posts\/42098\/revisions\/42100"}],"wp:featuredmedia":[{"embeddable":true,"href":"https:\/\/emlaktuel.com\/index.php?rest_route=\/wp\/v2\/media\/42099"}],"wp:attachment":[{"href":"https:\/\/emlaktuel.com\/index.php?rest_route=%2Fwp%2Fv2%2Fmedia&parent=42098"}],"wp:term":[{"taxonomy":"category","embeddable":true,"href":"https:\/\/emlaktuel.com\/index.php?rest_route=%2Fwp%2Fv2%2Fcategories&post=42098"},{"taxonomy":"post_tag","embeddable":true,"href":"https:\/\/emlaktuel.com\/index.php?rest_route=%2Fwp%2Fv2%2Ftags&post=42098"}],"curies":[{"name":"wp","href":"https:\/\/api.w.org\/{rel}","templated":true}]}}