{"id":42081,"date":"2023-02-09T16:50:10","date_gmt":"2023-02-09T13:50:10","guid":{"rendered":"https:\/\/emlaktuel.com\/?p=42081"},"modified":"2023-02-09T16:50:10","modified_gmt":"2023-02-09T13:50:10","slug":"akuttan-71-saatte-yeni-bir-mucizevi-kurtarma","status":"publish","type":"post","link":"https:\/\/emlaktuel.com\/?p=42081","title":{"rendered":"AKUT\u2019tan, 71. saatte yeni bir mucizevi kurtarma"},"content":{"rendered":"<p><strong>AKUT\u2019tan, <\/strong><strong>71.<\/strong><strong> saatte yeni bir mucizevi kurtarma\u2026&nbsp;<\/strong><\/p>\n<p><strong>AKUT Arama Kurtarma Derne\u011fi Ba\u015fkan\u0131 Zeynep Yosun Akverdi: \u201cAd\u0131yaman\u2019da ger\u00e7ekle\u015ftirdi\u011fimiz, Efe bebek ve annesinin 47. saatte kurtar\u0131\u015f\u0131m\u0131z\u0131n ard\u0131ndan; depremin 71. saatinde Gaziantep\u2019te, 75 ya\u015f\u0131ndaki Bekir Amcay\u0131 (Bekir Y\u0131ld\u0131r\u0131m) kurtard\u0131k. Bu kurtarmalar sonras\u0131, ger\u00e7ekten fiziken ve ruhen dinleniyoruz.\u201d<\/strong><\/p>\n<p><strong>&nbsp;<\/strong><\/p>\n<p><strong>AKUT Arama Kurtarma Derne\u011fi, Kahramanmara\u015f<\/strong>&#8216;\u0131n&nbsp;<strong>Pazarc\u0131k<\/strong>&nbsp;ve&nbsp;<strong>Elbistan<\/strong>&nbsp;il\u00e7eleri merkezli ger\u00e7ekle\u015fen iki depremdeki g\u00f6n\u00fcll\u00fc say\u0131s\u0131 ve kurtard\u0131\u011f\u0131 ki\u015fi say\u0131s\u0131n\u0131 artt\u0131rmaya devam ediyor. Depremin ilk an\u0131ndan itibaren h\u0131zla koordine olan&nbsp;<strong>AKUT<\/strong>&nbsp;ekipleri,&nbsp;<strong>9 \u015eubat 2023<\/strong>&nbsp;Saat&nbsp;<strong>14.00<\/strong>&nbsp;itibari ile deprem b\u00f6lgesinde&nbsp;<strong>30<\/strong>&nbsp;ekip ve&nbsp;<strong>773<\/strong>&nbsp;g\u00f6n\u00fcll\u00fcs\u00fc ile operasyonlar\u0131n\u0131 s\u00fcrd\u00fcr\u00fcyor. Dernekten yap\u0131lan a\u00e7\u0131klamada,&nbsp;<strong>4<\/strong>&nbsp;arama k\u00f6pe\u011fiyle desteklenen \u00e7al\u0131\u015fmalarda&nbsp;<strong>110&nbsp;<\/strong>ki\u015finin canl\u0131 olarak enkazdan&nbsp;tahliye edildi\u011fi belirtildi.&nbsp;Arama kurtarma \u00e7al\u0131\u015fmalar\u0131nda ayr\u0131ca,&nbsp;<strong>146<\/strong>&nbsp;cans\u0131z bedenin tahliye edildi\u011fi bildirildi. B\u00f6ylece AKUT&nbsp;<strong>256<\/strong>&nbsp;ki\u015fiyi tahliye etmi\u015f oldu.<\/p>\n<p>&nbsp;<\/p>\n<p><strong>AKUT, T\u00fcrkiye \u00e7ap\u0131ndaki t\u00fcm ekipleriyle deprem b\u00f6lgesinde<\/strong><\/p>\n<p>AKUT,&nbsp;<strong>Gaziantep, Kahramanmara\u015f,<\/strong>&nbsp;<strong>Afyonkarahisar, Alanya, Ankara, Antalya, Bing\u00f6l, Bodrum, Boz\u00fcy\u00fck, Bursa, \u00c7anakkale, Denizli, Eski\u015fehir, Fethiye, Gaziantep, Giresun, \u0130stanbul, \u0130zmir, Ka\u015f- Kalkan, Ku\u015fadas\u0131, Kocaeli, Manisa, Marmaris, Mersin, Ni\u011fde, Rize, Sel\u00e7uk, Tekirda\u011f, Trabzon<\/strong>&nbsp;ve&nbsp;<strong>Yar\u0131mada<\/strong>&nbsp;ekipleriyle; ba\u015fka bir ifadeyle \u00fclke \u00e7ap\u0131na yay\u0131lan t\u00fcm ekipleriyle deprem b\u00f6lgesinde \u00e7al\u0131\u015fmalar\u0131n\u0131 kesintisiz s\u00fcrd\u00fcrmekte.<strong>&nbsp;<\/strong><\/p>\n<p>&nbsp;<\/p>\n<p><strong>Zeynep Yosun Akverdi: \u201cAd\u0131yaman\u2019da Efe bebek ve annesini 47. saatte kurtar\u0131\u015f\u0131m\u0131z\u0131 unutamam.\u201d<\/strong><\/p>\n<p>AKUT Arama Kurtarma Derne\u011fi Y\u00f6netim Kurulu Ba\u015fkan\u0131&nbsp;<strong>Zeynep Yosun Akverdi<\/strong>, depremlerin ilerleyen saatlerindeki \u00e7al\u0131\u015fmalar\u0131n \u00f6nemine vurgu yaparak; \u201cAd\u0131yaman\u2019da ger\u00e7ekle\u015ftirdi\u011fimiz, Efe bebek ve annesinin 47. saatte kurtar\u0131\u015f\u0131m\u0131z\u0131n ard\u0131ndan; depremin 71. saatinde Gaziantep\u2019te, 75 ya\u015f\u0131ndaki Bekir Amcay\u0131 (Bekir Y\u0131ld\u0131r\u0131m) kurtard\u0131k. Bu kurtarmalar sonras\u0131, ger\u00e7ekten fiziken ve ruhen dinleniyoruz. Depremin ya\u015fand\u0131\u011f\u0131 illerde, ilk g\u00fcnden bu yana t\u00fcm arama kurtarma ekipleri olarak ger\u00e7ekten insan\u00fcst\u00fc \u00e7aba sarf ediyoruz. Asla umutlar\u0131 yitirmemeliyiz, daha yapacak \u00e7ok i\u015fimiz var. Depremde hayat\u0131n\u0131 kaybeden vatanda\u015flar\u0131m\u0131za tekrar Allah\u2019tan rahmet, yak\u0131nlar\u0131na ba\u015fsa\u011fl\u0131\u011f\u0131 ve yaral\u0131lara acil \u015fifalar diliyoruz.\u201d<\/p>\n<p>&nbsp;<\/p>\n<p>Sa\u011fl\u0131k Bakanl\u0131\u011f\u0131 taraf\u0131ndan yap\u0131lan a\u00e7\u0131klamada,&nbsp;<strong>9 \u015eubat 2023<\/strong>&nbsp;Saat&nbsp;<strong>14.00<\/strong>&nbsp;itibari ile vefat eden ki\u015fi say\u0131s\u0131n\u0131n&nbsp;<strong>14.014&nbsp;<\/strong>ve yaral\u0131 say\u0131s\u0131n\u0131n&nbsp;<strong>63.794&nbsp;<\/strong>ki\u015fiye ula\u015ft\u0131\u011f\u0131 belirtilen depremler geni\u015f bir alan\u0131 ekledi.&nbsp;<\/p>\n<p>&nbsp;<\/p>\n","protected":false},"excerpt":{"rendered":"<p>AKUT\u2019tan, 71. saatte yeni bir mucizevi kurtarma\u2026&nbsp; AKUT Arama Kurtarma Derne\u011fi Ba\u015fkan\u0131 Zeynep Yosun Akverdi: \u201cAd\u0131yaman\u2019da ger\u00e7ekle\u015ftirdi\u011fimiz, Efe bebek ve annesinin 47. saatte kurtar\u0131\u015f\u0131m\u0131z\u0131n ard\u0131ndan; depremin 71. saatinde Gaziantep\u2019te, 75 ya\u015f\u0131ndaki Bekir Amcay\u0131 (Bekir Y\u0131ld\u0131r\u0131m) kurtard\u0131k. Bu kurtarmalar sonras\u0131, ger\u00e7ekten fiziken ve ruhen dinleniyoruz.\u201d &nbsp; AKUT Arama Kurtarma Derne\u011fi, Kahramanmara\u015f&#8216;\u0131n&nbsp;Pazarc\u0131k&nbsp;ve&nbsp;Elbistan&nbsp;il\u00e7eleri merkezli ger\u00e7ekle\u015fen iki depremdeki g\u00f6n\u00fcll\u00fc [&hellip;]<\/p>\n","protected":false},"author":1,"featured_media":42061,"comment_status":"open","ping_status":"open","sticky":false,"template":"","format":"standard","meta":{"ngg_post_thumbnail":0},"categories":[5388],"tags":[],"_links":{"self":[{"href":"https:\/\/emlaktuel.com\/index.php?rest_route=\/wp\/v2\/posts\/42081"}],"collection":[{"href":"https:\/\/emlaktuel.com\/index.php?rest_route=\/wp\/v2\/posts"}],"about":[{"href":"https:\/\/emlaktuel.com\/index.php?rest_route=\/wp\/v2\/types\/post"}],"author":[{"embeddable":true,"href":"https:\/\/emlaktuel.com\/index.php?rest_route=\/wp\/v2\/users\/1"}],"replies":[{"embeddable":true,"href":"https:\/\/emlaktuel.com\/index.php?rest_route=%2Fwp%2Fv2%2Fcomments&post=42081"}],"version-history":[{"count":1,"href":"https:\/\/emlaktuel.com\/index.php?rest_route=\/wp\/v2\/posts\/42081\/revisions"}],"predecessor-version":[{"id":42082,"href":"https:\/\/emlaktuel.com\/index.php?rest_route=\/wp\/v2\/posts\/42081\/revisions\/42082"}],"wp:featuredmedia":[{"embeddable":true,"href":"https:\/\/emlaktuel.com\/index.php?rest_route=\/wp\/v2\/media\/42061"}],"wp:attachment":[{"href":"https:\/\/emlaktuel.com\/index.php?rest_route=%2Fwp%2Fv2%2Fmedia&parent=42081"}],"wp:term":[{"taxonomy":"category","embeddable":true,"href":"https:\/\/emlaktuel.com\/index.php?rest_route=%2Fwp%2Fv2%2Fcategories&post=42081"},{"taxonomy":"post_tag","embeddable":true,"href":"https:\/\/emlaktuel.com\/index.php?rest_route=%2Fwp%2Fv2%2Ftags&post=42081"}],"curies":[{"name":"wp","href":"https:\/\/api.w.org\/{rel}","templated":true}]}}