{"id":41982,"date":"2023-01-24T11:42:04","date_gmt":"2023-01-24T08:42:04","guid":{"rendered":"https:\/\/emlaktuel.com\/?p=41982"},"modified":"2023-01-24T11:42:04","modified_gmt":"2023-01-24T08:42:04","slug":"bakan-murat-kurumdan-marmara-denizi-hakkinda-onemli-duyuru","status":"publish","type":"post","link":"https:\/\/emlaktuel.com\/?p=41982","title":{"rendered":"Bakan Murat Kurum&#8217;dan Marmara Denizi hakk\u0131nda \u00f6nemli duyuru"},"content":{"rendered":"<div class=\"td_block_wrap tdb_single_content tdi_85 td-pb-border-top td_block_template_1 td-post-content tagdiv-type\" data-td-block-uid=\"tdi_85\">\n<div class=\"tdb-block-inner td-fix-index\">\n<p>\u00c7evre, \u015eehircilik ve \u0130klim De\u011fi\u015fikli\u011fi Bakan\u0131 Murat Kurum, sosyal medya hesab\u0131 \u00fczerinden yaptm\u0131\u015f oldu\u011fu bir payla\u015f\u0131m\u0131yla daha temiz bir Marmara denizi i\u00e7in yeni bir denetim modelini hayata ge\u00e7irerek Marmara Denizi\u2019nin \u0130HA ile izlenece\u011fini, uydu g\u00f6r\u00fcnt\u00fcleri ile anl\u0131k takip edilece\u011fini s\u00f6yledi.<\/p>\n<p><strong>\u201cGemilerden Kaynaklanan Deniz Kirlili\u011fi Tespiti Hakk\u0131nda Yetki Devri Genelgesi\u201d ile ilgili olarak a\u00e7\u0131klamalarda bulunan Bakan Kurum,&nbsp;<em>\u201cDaha Temiz Bir Marmara\u201d i\u00e7in yeni denetim modeli hayata ge\u00e7iriyoruz, genelgemizi yay\u0131mlad\u0131k\u201d<\/em><\/strong> \u015feklinde konu\u015ftu. \u00c7evre, \u015eehircilik ve \u0130klim De\u011fi\u015fikli\u011fi Bakanl\u0131\u011f\u0131 taraf\u0131nca yap\u0131lan \u00e7al\u0131\u015fmalar ile, Marmara Denizi\u2019nde ger\u00e7ekle\u015ftirilen deniz denetim faaliyetlerinin g\u00fc\u00e7lendirilmesi ve b\u00f6lgeye \u00f6zg\u00fc b\u00fct\u00fcnle\u015fik bir yap\u0131 kazand\u0131r\u0131lmas\u0131 amac\u0131yla \u201cGemilerden Kaynaklanan Deniz Kirlili\u011fi Tespiti Hakk\u0131nda Yetki Devri Genelgesi\u201dnde d\u00fczenleme yap\u0131ld\u0131.<\/p>\n<p>Bakanl\u0131\u011f\u0131n yay\u0131mlad\u0131\u011f\u0131 genelge ile deniz trafi\u011finin yo\u011fun oldu\u011fu \u0130stanbul ve Kocaeli deniz yetki alan\u0131nda, deniz ara\u00e7lar\u0131n\u0131n 2872 say\u0131l\u0131 \u00c7evre Kanunu h\u00fck\u00fcmlerine uyup uyulmad\u0131\u011f\u0131n\u0131n etkin ve uzaktan alg\u0131lama y\u00f6ntemleri ile denetlenmesi i\u00e7in \u00c7evre Kanunu\u2019nun 12\u2019inci maddesi uyar\u0131nca T\u00fcrkiye \u00c7evre Ajans\u0131\u2019na yetki verildi.<\/p>\n<\/div>\n<\/div>\n<div class=\"wpb_wrapper td_block_separator td_block_wrap vc_separator tdi_90  td_separator_solid td_separator_center\">&nbsp;<\/div>\n<div class=\"td_block_wrap tdb_single_post_share tdi_91 td-pb-border-top td_block_template_1\" data-td-block-uid=\"tdi_91\">\n<div id=\"tdi_91\" class=\"td-post-sharing tdb-block td-ps-bg td-ps-notext td-post-sharing-style1 \">\n<div class=\"td-post-sharing-visible\">\n<div class=\"td-social-sharing-button td-social-sharing-button-js td-social-handler td-social-share-text\">\n<div class=\"td-social-but-icon\">&nbsp;<\/div>\n<\/div>\n<\/div>\n<\/div>\n<\/div>\n","protected":false},"excerpt":{"rendered":"<p>\u00c7evre, \u015eehircilik ve \u0130klim De\u011fi\u015fikli\u011fi Bakan\u0131 Murat Kurum, sosyal medya hesab\u0131 \u00fczerinden yaptm\u0131\u015f oldu\u011fu bir payla\u015f\u0131m\u0131yla daha temiz bir Marmara denizi i\u00e7in yeni bir denetim modelini hayata ge\u00e7irerek Marmara Denizi\u2019nin \u0130HA ile izlenece\u011fini, uydu g\u00f6r\u00fcnt\u00fcleri ile anl\u0131k takip edilece\u011fini s\u00f6yledi. \u201cGemilerden Kaynaklanan Deniz Kirlili\u011fi Tespiti Hakk\u0131nda Yetki Devri Genelgesi\u201d ile ilgili olarak a\u00e7\u0131klamalarda bulunan Bakan [&hellip;]<\/p>\n","protected":false},"author":1,"featured_media":40809,"comment_status":"open","ping_status":"open","sticky":false,"template":"","format":"standard","meta":{"ngg_post_thumbnail":0},"categories":[5388],"tags":[12821,4766],"_links":{"self":[{"href":"https:\/\/emlaktuel.com\/index.php?rest_route=\/wp\/v2\/posts\/41982"}],"collection":[{"href":"https:\/\/emlaktuel.com\/index.php?rest_route=\/wp\/v2\/posts"}],"about":[{"href":"https:\/\/emlaktuel.com\/index.php?rest_route=\/wp\/v2\/types\/post"}],"author":[{"embeddable":true,"href":"https:\/\/emlaktuel.com\/index.php?rest_route=\/wp\/v2\/users\/1"}],"replies":[{"embeddable":true,"href":"https:\/\/emlaktuel.com\/index.php?rest_route=%2Fwp%2Fv2%2Fcomments&post=41982"}],"version-history":[{"count":1,"href":"https:\/\/emlaktuel.com\/index.php?rest_route=\/wp\/v2\/posts\/41982\/revisions"}],"predecessor-version":[{"id":41983,"href":"https:\/\/emlaktuel.com\/index.php?rest_route=\/wp\/v2\/posts\/41982\/revisions\/41983"}],"wp:featuredmedia":[{"embeddable":true,"href":"https:\/\/emlaktuel.com\/index.php?rest_route=\/wp\/v2\/media\/40809"}],"wp:attachment":[{"href":"https:\/\/emlaktuel.com\/index.php?rest_route=%2Fwp%2Fv2%2Fmedia&parent=41982"}],"wp:term":[{"taxonomy":"category","embeddable":true,"href":"https:\/\/emlaktuel.com\/index.php?rest_route=%2Fwp%2Fv2%2Fcategories&post=41982"},{"taxonomy":"post_tag","embeddable":true,"href":"https:\/\/emlaktuel.com\/index.php?rest_route=%2Fwp%2Fv2%2Ftags&post=41982"}],"curies":[{"name":"wp","href":"https:\/\/api.w.org\/{rel}","templated":true}]}}