{"id":41965,"date":"2023-01-23T12:44:45","date_gmt":"2023-01-23T09:44:45","guid":{"rendered":"https:\/\/emlaktuel.com\/?p=41965"},"modified":"2023-01-23T12:44:45","modified_gmt":"2023-01-23T09:44:45","slug":"konfor-rahatligi-ve-sikligi-lientede-bir-araya-getiriyor","status":"publish","type":"post","link":"https:\/\/emlaktuel.com\/?p=41965","title":{"rendered":"Konfor, rahatl\u0131\u011f\u0131 ve \u015f\u0131kl\u0131\u011f\u0131 Liente\u2019de bir araya getiriyor"},"content":{"rendered":"<p><strong>Konfor, rahatl\u0131\u011f\u0131 ve \u015f\u0131kl\u0131\u011f\u0131 Liente\u2019de bir araya getiriyor.<\/strong><\/p>\n<p><strong><u>Her alanda uygun kombinasyon imkan\u0131 sunuyor &nbsp;<\/u><\/strong><strong>&nbsp;<\/strong><\/p>\n<p><strong>Tasar\u0131mlar\u0131nda kalite ve konforu modern \u00e7izgilerle bir arada sunan Konfor Mobilya, Liente Koltuk Tak\u0131m\u0131\u2019nda fonksiyonelli\u011fi \u015f\u0131kl\u0131kla bulu\u015fturuyor.<\/strong><\/p>\n<p>Trend koleksiyonlar\u0131yla \u00f6ne \u00e7\u0131kan Konfor Mobilya Liente Koltuk Tak\u0131m\u0131\u2019n\u0131 tercih eden kullan\u0131c\u0131lar \u00fc\u00e7l\u00fc koltuk, ikili koltuk ve berjerden olu\u015fan Liente\u2019nin \u00fc\u00e7 ayr\u0131 ebattaki koltuklar\u0131ndan istedi\u011fini se\u00e7ip, koltuk tak\u0131m\u0131n\u0131 zevklerine ve ihtiya\u00e7lar\u0131na g\u00f6re olu\u015fturabiliyor.&nbsp;<\/p>\n<h2><strong>Modern \u00e7izgiler estetik detaylarla bir arada<\/strong><\/h2>\n<p>Yumu\u015fak s\u00fcnger dolgulu ve geni\u015f ebatlar\u0131yla Liente\u2019de konfor en \u00fcst seviyeye \u00e7\u0131k\u0131yor. A\u00e7\u0131labilen \u00fc\u00e7l\u00fc koltuk, ayn\u0131 zamanda rahat bir yatak olarak da kullan\u0131labiliyor. Farkl\u0131 renklerdeki kuma\u015f se\u00e7enekleriyle tasarlanabilen Liente koltuklar\u0131, uyumlu k\u0131rlentleriyle b\u00fct\u00fcnl\u00fck olu\u015fturuyor. Siyah renkli ayaklar\u0131 ise Liente\u2019nin modern \u00e7izgisine estetik bir dokunu\u015f kat\u0131yor.&nbsp;<\/p>\n<p>Liente Koltuk Tak\u0131m\u0131\u2019na Konfor ma\u011fazalar\u0131ndan ula\u015f\u0131labiliyor.<\/p>\n<p>&nbsp;<\/p>\n","protected":false},"excerpt":{"rendered":"<p>Konfor, rahatl\u0131\u011f\u0131 ve \u015f\u0131kl\u0131\u011f\u0131 Liente\u2019de bir araya getiriyor. Her alanda uygun kombinasyon imkan\u0131 sunuyor &nbsp;&nbsp; Tasar\u0131mlar\u0131nda kalite ve konforu modern \u00e7izgilerle bir arada sunan Konfor Mobilya, Liente Koltuk Tak\u0131m\u0131\u2019nda fonksiyonelli\u011fi \u015f\u0131kl\u0131kla bulu\u015fturuyor. Trend koleksiyonlar\u0131yla \u00f6ne \u00e7\u0131kan Konfor Mobilya Liente Koltuk Tak\u0131m\u0131\u2019n\u0131 tercih eden kullan\u0131c\u0131lar \u00fc\u00e7l\u00fc koltuk, ikili koltuk ve berjerden olu\u015fan Liente\u2019nin \u00fc\u00e7 ayr\u0131 ebattaki [&hellip;]<\/p>\n","protected":false},"author":1,"featured_media":41966,"comment_status":"open","ping_status":"open","sticky":false,"template":"","format":"standard","meta":{"ngg_post_thumbnail":0},"categories":[223],"tags":[16870,16869],"_links":{"self":[{"href":"https:\/\/emlaktuel.com\/index.php?rest_route=\/wp\/v2\/posts\/41965"}],"collection":[{"href":"https:\/\/emlaktuel.com\/index.php?rest_route=\/wp\/v2\/posts"}],"about":[{"href":"https:\/\/emlaktuel.com\/index.php?rest_route=\/wp\/v2\/types\/post"}],"author":[{"embeddable":true,"href":"https:\/\/emlaktuel.com\/index.php?rest_route=\/wp\/v2\/users\/1"}],"replies":[{"embeddable":true,"href":"https:\/\/emlaktuel.com\/index.php?rest_route=%2Fwp%2Fv2%2Fcomments&post=41965"}],"version-history":[{"count":1,"href":"https:\/\/emlaktuel.com\/index.php?rest_route=\/wp\/v2\/posts\/41965\/revisions"}],"predecessor-version":[{"id":41967,"href":"https:\/\/emlaktuel.com\/index.php?rest_route=\/wp\/v2\/posts\/41965\/revisions\/41967"}],"wp:featuredmedia":[{"embeddable":true,"href":"https:\/\/emlaktuel.com\/index.php?rest_route=\/wp\/v2\/media\/41966"}],"wp:attachment":[{"href":"https:\/\/emlaktuel.com\/index.php?rest_route=%2Fwp%2Fv2%2Fmedia&parent=41965"}],"wp:term":[{"taxonomy":"category","embeddable":true,"href":"https:\/\/emlaktuel.com\/index.php?rest_route=%2Fwp%2Fv2%2Fcategories&post=41965"},{"taxonomy":"post_tag","embeddable":true,"href":"https:\/\/emlaktuel.com\/index.php?rest_route=%2Fwp%2Fv2%2Ftags&post=41965"}],"curies":[{"name":"wp","href":"https:\/\/api.w.org\/{rel}","templated":true}]}}