{"id":41955,"date":"2023-01-23T12:22:20","date_gmt":"2023-01-23T09:22:20","guid":{"rendered":"https:\/\/emlaktuel.com\/?p=41955"},"modified":"2023-01-23T12:22:20","modified_gmt":"2023-01-23T09:22:20","slug":"bakan-murat-kurum-ataturk-havalimani-millet-bahcesi-ile-ilgili-paylasim-yapti","status":"publish","type":"post","link":"https:\/\/emlaktuel.com\/?p=41955","title":{"rendered":"Bakan Murat Kurum, Atat\u00fcrk Havaliman\u0131 Millet Bah\u00e7esi ile ilgili payla\u015f\u0131m yapt\u0131"},"content":{"rendered":"<p>\u00c7evre, \u015eehircilik ve \u0130klim De\u011fi\u015fikli\u011fi Bakan\u0131 Murat Kurum, kulland\u0131\u011f\u0131 sosyal medya hesab\u0131 \u00fczerinden Atat\u00fcrk Havaliman\u0131 Millet Bah\u00e7esi&#8217;nde yap\u0131lan \u00e7al\u0131\u015fmalar\u0131 anlatan bir video payla\u015ft\u0131.<\/p>\n<p><img loading=\"lazy\" class=\"alignnone  wp-image-41931\" src=\"https:\/\/emlaktuel.com\/wp-content\/uploads\/2023\/01\/Modernyaka_KV_2_320x100.gif\" alt=\"\" width=\"598\" height=\"181\"><\/p>\n<p>Bakan Murat Kurum&#8217;un, sosyal medya hesab\u0131 \u00fczerinden, <em><strong>&#8220;D\u00fcnyada be\u015finci, T\u00fcrkiye&#8217;de birinci, \u00e7ok yak\u0131nda&#8221;<\/strong> <\/em>ifadelerini kullanarak payla\u015f\u0131m yapt\u0131\u011f\u0131 videoya g\u00f6re, ilk fidanlar\u0131n ge\u00e7en sene \u0130stanbul&#8217;un fethinin y\u0131l d\u00f6n\u00fcm\u00fc zaman\u0131nda dikilen millet bah\u00e7esinin altyap\u0131 imalat\u0131n\u0131n y\u00fczde 95&#8217;i bitirildi. Sosyal donat\u0131lar\u0131 toplam 70 bin metrekare kapal\u0131 alan\u0131 kaplayan millet bah\u00e7esi, y\u00fcz\u00f6l\u00e7\u00fcm\u00fc olarak T\u00fcrkiye&#8217;de birinci s\u0131rada yer al\u0131rken, d\u00fcnyada ise be\u015finci s\u0131rada yerini alacak.<\/p>\n<h2><strong>Seyir teraslar\u0131, piknik ve dinlenme alanlar\u0131 bulunacak<\/strong><\/h2>\n<p>\u0130stanbul Atat\u00fcrk Havaliman\u0131 Millet bah\u00e7esi \u015eehir park\u0131nda spor alanlar\u0131, bisiklet yollar\u0131, y\u00fcr\u00fcy\u00fc\u015f yollar\u0131, \u00e7ocuk oyun alanlar\u0131, etkinlik \u00e7ay\u0131r\u0131 ve sergi alan\u0131, a\u015fevi, k\u00fct\u00fcphane, millet k\u0131raathaneleri yer alacak ve do\u011fal \u00fcr\u00fcnler yeti\u015ftirilecek. Millet Bah\u00e7esinde kuzey ve g\u00fcney y\u00f6n\u00fcnde uzanan <strong>&#8220;Ab\u0131hayat&#8221;<\/strong> deresi, seyir teraslar\u0131, piknik ve dinlenme alanlar\u0131 bulunacak. \u0130stanbul&#8217;da ya\u015fanmas\u0131 beklenen deprem riskine kar\u015f\u0131 ise millet bah\u00e7esinde toplanma alanlar\u0131 kurulacak. Ya\u015fanabilecek bir afet an\u0131nda 40 bin \u00e7ad\u0131r kurulabilecek ve 165 bin ki\u015fi i\u00e7in acil bar\u0131nma alanlar\u0131 olu\u015fturulabilecek.<\/p>\n","protected":false},"excerpt":{"rendered":"<p>\u00c7evre, \u015eehircilik ve \u0130klim De\u011fi\u015fikli\u011fi Bakan\u0131 Murat Kurum, kulland\u0131\u011f\u0131 sosyal medya hesab\u0131 \u00fczerinden Atat\u00fcrk Havaliman\u0131 Millet Bah\u00e7esi&#8217;nde yap\u0131lan \u00e7al\u0131\u015fmalar\u0131 anlatan bir video payla\u015ft\u0131. Bakan Murat Kurum&#8217;un, sosyal medya hesab\u0131 \u00fczerinden, &#8220;D\u00fcnyada be\u015finci, T\u00fcrkiye&#8217;de birinci, \u00e7ok yak\u0131nda&#8221; ifadelerini kullanarak payla\u015f\u0131m yapt\u0131\u011f\u0131 videoya g\u00f6re, ilk fidanlar\u0131n ge\u00e7en sene \u0130stanbul&#8217;un fethinin y\u0131l d\u00f6n\u00fcm\u00fc zaman\u0131nda dikilen millet bah\u00e7esinin altyap\u0131 [&hellip;]<\/p>\n","protected":false},"author":1,"featured_media":41956,"comment_status":"open","ping_status":"open","sticky":false,"template":"","format":"standard","meta":{"ngg_post_thumbnail":0},"categories":[5388],"tags":[16866,12821,11286,12431,16867],"_links":{"self":[{"href":"https:\/\/emlaktuel.com\/index.php?rest_route=\/wp\/v2\/posts\/41955"}],"collection":[{"href":"https:\/\/emlaktuel.com\/index.php?rest_route=\/wp\/v2\/posts"}],"about":[{"href":"https:\/\/emlaktuel.com\/index.php?rest_route=\/wp\/v2\/types\/post"}],"author":[{"embeddable":true,"href":"https:\/\/emlaktuel.com\/index.php?rest_route=\/wp\/v2\/users\/1"}],"replies":[{"embeddable":true,"href":"https:\/\/emlaktuel.com\/index.php?rest_route=%2Fwp%2Fv2%2Fcomments&post=41955"}],"version-history":[{"count":1,"href":"https:\/\/emlaktuel.com\/index.php?rest_route=\/wp\/v2\/posts\/41955\/revisions"}],"predecessor-version":[{"id":41957,"href":"https:\/\/emlaktuel.com\/index.php?rest_route=\/wp\/v2\/posts\/41955\/revisions\/41957"}],"wp:featuredmedia":[{"embeddable":true,"href":"https:\/\/emlaktuel.com\/index.php?rest_route=\/wp\/v2\/media\/41956"}],"wp:attachment":[{"href":"https:\/\/emlaktuel.com\/index.php?rest_route=%2Fwp%2Fv2%2Fmedia&parent=41955"}],"wp:term":[{"taxonomy":"category","embeddable":true,"href":"https:\/\/emlaktuel.com\/index.php?rest_route=%2Fwp%2Fv2%2Fcategories&post=41955"},{"taxonomy":"post_tag","embeddable":true,"href":"https:\/\/emlaktuel.com\/index.php?rest_route=%2Fwp%2Fv2%2Ftags&post=41955"}],"curies":[{"name":"wp","href":"https:\/\/api.w.org\/{rel}","templated":true}]}}