{"id":41949,"date":"2023-01-23T11:51:48","date_gmt":"2023-01-23T08:51:48","guid":{"rendered":"https:\/\/emlaktuel.com\/?p=41949"},"modified":"2023-01-23T11:51:48","modified_gmt":"2023-01-23T08:51:48","slug":"istanbula-kar-ne-zaman-yagacak","status":"publish","type":"post","link":"https:\/\/emlaktuel.com\/?p=41949","title":{"rendered":"\u0130stanbul&#8217;a Kar Ne Zaman Ya\u011facak?"},"content":{"rendered":"<p>NTV Meteoroloji Uzman\u0131 Dilek \u00c7al\u0131\u015fkan, 2023&#8217;\u00fcn 3. yeni haftas\u0131yla beraber ilk 3 g\u00fcn ya\u011f\u0131\u015f\u0131n olmayaca\u011f\u0131n\u0131 duyurdu.<\/p>\n<p>\u00c7al\u0131\u015fkan, &#8220;2023&#8217;\u00fcn 27&#8217;si itibariyle ya\u011f\u0131\u015flar\u0131n giri\u015f yapt\u0131\u011f\u0131 bir d\u00f6nem olacak. Ocak ay\u0131n\u0131n 26&#8217;s\u0131nda bat\u0131 b\u00f6lgelerine ya\u011f\u0131\u015f giri\u015fi olacak. 27-28 Ocak itibar\u0131yle de do\u011fu b\u00f6lgelerinde kar ya\u011f\u0131\u015f\u0131 bekleniyor&#8221; \u015feklinde a\u00e7\u0131klama yapt\u0131. &#8220;Ocak ay\u0131n\u0131n sonu ile \u015fubat ay\u0131 ba\u015f\u0131nda kar ya\u011facak illerimiz olacak&#8221; diyen \u00c7al\u0131\u015fkan, \u0130stanbul&#8217;da ise bug\u00fcn ve 3 g\u00fcn boyunca poyraz olarak sert esece\u011fini duyurdu.<\/p>\n<p>Dilek \u00c7al\u0131\u015fkan, &#8220;Marmara b\u00f6lgesi genelinde r\u00fczgarlar so\u011fuk esiyor. Per\u015fembe g\u00fcn\u00fc ise Ege&#8217;ye kuvvetli bir sa\u011fanak ya\u011f\u0131\u015f\u0131 gelecek. Marmara b\u00f6lgesinde ise ya\u011fmurlu bir g\u00fcn bekleniyor&#8221; dedi.<\/p>\n<p>Ayr\u0131ca \u00c7al\u0131\u015fkan, \u015fubat ay\u0131n\u0131n ba\u015f\u0131 itibariyle de \u0130stanbul&#8217;a kar ya\u011fma ihtimalinin oldu\u011funu belirtti.<\/p>\n","protected":false},"excerpt":{"rendered":"<p>NTV Meteoroloji Uzman\u0131 Dilek \u00c7al\u0131\u015fkan, 2023&#8217;\u00fcn 3. yeni haftas\u0131yla beraber ilk 3 g\u00fcn ya\u011f\u0131\u015f\u0131n olmayaca\u011f\u0131n\u0131 duyurdu. \u00c7al\u0131\u015fkan, &#8220;2023&#8217;\u00fcn 27&#8217;si itibariyle ya\u011f\u0131\u015flar\u0131n giri\u015f yapt\u0131\u011f\u0131 bir d\u00f6nem olacak. Ocak ay\u0131n\u0131n 26&#8217;s\u0131nda bat\u0131 b\u00f6lgelerine ya\u011f\u0131\u015f giri\u015fi olacak. 27-28 Ocak itibar\u0131yle de do\u011fu b\u00f6lgelerinde kar ya\u011f\u0131\u015f\u0131 bekleniyor&#8221; \u015feklinde a\u00e7\u0131klama yapt\u0131. &#8220;Ocak ay\u0131n\u0131n sonu ile \u015fubat ay\u0131 ba\u015f\u0131nda kar ya\u011facak [&hellip;]<\/p>\n","protected":false},"author":1,"featured_media":41950,"comment_status":"open","ping_status":"open","sticky":false,"template":"","format":"standard","meta":{"ngg_post_thumbnail":0},"categories":[5388],"tags":[16862,16863,6105],"_links":{"self":[{"href":"https:\/\/emlaktuel.com\/index.php?rest_route=\/wp\/v2\/posts\/41949"}],"collection":[{"href":"https:\/\/emlaktuel.com\/index.php?rest_route=\/wp\/v2\/posts"}],"about":[{"href":"https:\/\/emlaktuel.com\/index.php?rest_route=\/wp\/v2\/types\/post"}],"author":[{"embeddable":true,"href":"https:\/\/emlaktuel.com\/index.php?rest_route=\/wp\/v2\/users\/1"}],"replies":[{"embeddable":true,"href":"https:\/\/emlaktuel.com\/index.php?rest_route=%2Fwp%2Fv2%2Fcomments&post=41949"}],"version-history":[{"count":1,"href":"https:\/\/emlaktuel.com\/index.php?rest_route=\/wp\/v2\/posts\/41949\/revisions"}],"predecessor-version":[{"id":41951,"href":"https:\/\/emlaktuel.com\/index.php?rest_route=\/wp\/v2\/posts\/41949\/revisions\/41951"}],"wp:featuredmedia":[{"embeddable":true,"href":"https:\/\/emlaktuel.com\/index.php?rest_route=\/wp\/v2\/media\/41950"}],"wp:attachment":[{"href":"https:\/\/emlaktuel.com\/index.php?rest_route=%2Fwp%2Fv2%2Fmedia&parent=41949"}],"wp:term":[{"taxonomy":"category","embeddable":true,"href":"https:\/\/emlaktuel.com\/index.php?rest_route=%2Fwp%2Fv2%2Fcategories&post=41949"},{"taxonomy":"post_tag","embeddable":true,"href":"https:\/\/emlaktuel.com\/index.php?rest_route=%2Fwp%2Fv2%2Ftags&post=41949"}],"curies":[{"name":"wp","href":"https:\/\/api.w.org\/{rel}","templated":true}]}}