{"id":41775,"date":"2023-01-13T11:25:29","date_gmt":"2023-01-13T08:25:29","guid":{"rendered":"https:\/\/emlaktuel.com\/?p=41775"},"modified":"2023-01-13T11:25:29","modified_gmt":"2023-01-13T08:25:29","slug":"movenpick-living-camlivadi-acildi","status":"publish","type":"post","link":"https:\/\/emlaktuel.com\/?p=41775","title":{"rendered":"M\u00f6venpick Living \u00c7aml\u0131vadi a\u00e7\u0131ld\u0131"},"content":{"rendered":"<p>M\u00f6venpick Living \u00c7aml\u0131vadi a\u00e7\u0131ld\u0131.<\/p>\n<p>Arta\u015f Grubu turizm yat\u0131r\u0131mlar\u0131na bir yenisini daha eklendi. Ayaza\u011fa-Ar\u0131c\u0131lar b\u00f6lgesinde konumlu Avrupa Konutlar\u0131 \u00c7aml\u0131vadi projesi i\u00e7inde yer alan M\u00f6venpick Living \u00c7aml\u0131vadi, a\u00e7\u0131l\u0131\u015f kurdelesinin kesilmesiyle birlikte ilk konuklar\u0131n\u0131 a\u011f\u0131rlamaya ba\u015flad\u0131.<\/p>\n<p>\u0130stanbul ve Kayseri\u2019de turizm yat\u0131r\u0131mlar\u0131 bulunan Arta\u015f Grubu, d\u00fcnyan\u0131n lider tan\u0131nm\u0131\u015f markas\u0131 Accor i\u015f birli\u011fi ile otel projelerine bir yenisini daha ekledi. Arta\u015f Grubu\u2019nun 9 Haziran 2022\u2019de Accor Grubu ile imzalad\u0131\u011f\u0131 anla\u015fma kapsam\u0131nda; yeni konut projeleri Avrupa Konutlar\u0131 \u00c7aml\u0131vadi ve Sakl\u0131vadi i\u00e7inde yer alan M\u00f6venpick Living markal\u0131 rezidanslar\u0131n ilki olan M\u00f6venpick Living \u00c7aml\u0131vadi\u2019nin a\u00e7\u0131l\u0131\u015f\u0131 ger\u00e7ekle\u015ftirildi.<\/p>\n<h2>OTEL KONFORUNDA REZ\u0130DANS<\/h2>\n<p>65 rezidans dairenin bulundu\u011fu M\u00f6venpick Living \u00c7aml\u0131vadi\u2019de 1 odal\u0131, 2 odal\u0131 ve penthouse daire tipleri yer al\u0131yor. Her ayr\u0131nt\u0131s\u0131 \u00f6zenle d\u00fc\u015f\u00fcn\u00fclm\u00fc\u015f M\u00f6venpick Living \u00c7aml\u0131vadi\u2019de misafirlere konforlu ve huzurlu bir konaklama ortam\u0131 sunuluyor. T\u00fcm dairelerde \u00fccretsiz internet ba\u011flant\u0131s\u0131, uzun s\u00fcreli konaklamalarda \u00e7ok tercih edilen; ayn\u0131 g\u00fcn teslim edilmek \u00fczere \u00e7ama\u015f\u0131r y\u0131kama servisi, a\u00e7\u0131k b\u00fcfe kahvalt\u0131 hizmeti verilen restaurant ile k\u0131\u015f bah\u00e7esi de yer al\u0131yor.<\/p>\n<h2>ZENG\u0130N SOSYAL DONATI ALANLARINA SAH\u0130P<\/h2>\n<p>Geni\u015f sosyal aktivite alanlar\u0131n\u0131n yer ald\u0131\u011f\u0131 M\u00f6venpick Living \u00c7aml\u0131vadi\u2019de; kapal\u0131 havuz, sauna, dinlenme odas\u0131 ile spor aletlerinin yer ald\u0131\u011f\u0131 tesisler bulunuyor. A\u00e7\u0131k-kapal\u0131 otoparklar\u0131n yer ald\u0131\u011f\u0131 M\u00f6venpick Living \u00c7aml\u0131vadi\u2019de ayr\u0131ca k\u00fc\u00e7\u00fck misafirlerin enerjilerini ataca\u011f\u0131 \u00e7ocuk oyun park\u0131na da yer veriliyor.T\u00fcrkiye\u2019nin en \u00e7ok tercih edilen al\u0131\u015fveri\u015f ve e\u011flence merkezlerinden biri olan Vadistanbul AVM\u2019ye yak\u0131n konumda yer alan M\u00f6venpick Living \u00c7aml\u0131vadi, konuklar\u0131na Vadistanbul\u2019a shuttle hizmeti de sunuyor.<\/p>\n<h2>ULA\u015eIM A\u011eLARI \u0130LE \u00c7EVR\u0130L\u0130 B\u0130R LOKASYONDA YER ALIYOR<\/h2>\n<p>\u0130stanbul\u2019un en merkezi noktas\u0131nda denilebilecek bir konumda olan M\u00f6venpick Living \u00c7aml\u0131vadi\u2019ye en yak\u0131n havaliman\u0131 olan \u0130stanbul Havaliman\u0131 29 km mesafededir. Konuklar otelden \u0130stanbul Havaliman\u0131na 30 dakikada, Ortak\u00f6y, Bebek, Emirgan\u2019a 10 dakikada, Ni\u015fanta\u015f\u0131\u2019na 15, Taksim\u2019e 20 dakikada, Sultanahmet Cami, Topkap\u0131 Saray\u0131, Kapal\u0131 \u00c7ar\u015f\u0131\u2019ya 30 dakikada ula\u015fabiliyor. Vadistanbul\u2019da bulunan havaray, metro istasyonuna ba\u011flanarak t\u00fcm \u015fehre rayl\u0131 ula\u015f\u0131m ile eri\u015fmeyi m\u00fcmk\u00fcn k\u0131l\u0131yor.<\/p>\n","protected":false},"excerpt":{"rendered":"<p>M\u00f6venpick Living \u00c7aml\u0131vadi a\u00e7\u0131ld\u0131. Arta\u015f Grubu turizm yat\u0131r\u0131mlar\u0131na bir yenisini daha eklendi. Ayaza\u011fa-Ar\u0131c\u0131lar b\u00f6lgesinde konumlu Avrupa Konutlar\u0131 \u00c7aml\u0131vadi projesi i\u00e7inde yer alan M\u00f6venpick Living \u00c7aml\u0131vadi, a\u00e7\u0131l\u0131\u015f kurdelesinin kesilmesiyle birlikte ilk konuklar\u0131n\u0131 a\u011f\u0131rlamaya ba\u015flad\u0131. \u0130stanbul ve Kayseri\u2019de turizm yat\u0131r\u0131mlar\u0131 bulunan Arta\u015f Grubu, d\u00fcnyan\u0131n lider tan\u0131nm\u0131\u015f markas\u0131 Accor i\u015f birli\u011fi ile otel projelerine bir yenisini daha ekledi. [&hellip;]<\/p>\n","protected":false},"author":1,"featured_media":41777,"comment_status":"open","ping_status":"open","sticky":false,"template":"","format":"standard","meta":{"ngg_post_thumbnail":0},"categories":[5388],"tags":[16823],"_links":{"self":[{"href":"https:\/\/emlaktuel.com\/index.php?rest_route=\/wp\/v2\/posts\/41775"}],"collection":[{"href":"https:\/\/emlaktuel.com\/index.php?rest_route=\/wp\/v2\/posts"}],"about":[{"href":"https:\/\/emlaktuel.com\/index.php?rest_route=\/wp\/v2\/types\/post"}],"author":[{"embeddable":true,"href":"https:\/\/emlaktuel.com\/index.php?rest_route=\/wp\/v2\/users\/1"}],"replies":[{"embeddable":true,"href":"https:\/\/emlaktuel.com\/index.php?rest_route=%2Fwp%2Fv2%2Fcomments&post=41775"}],"version-history":[{"count":1,"href":"https:\/\/emlaktuel.com\/index.php?rest_route=\/wp\/v2\/posts\/41775\/revisions"}],"predecessor-version":[{"id":41778,"href":"https:\/\/emlaktuel.com\/index.php?rest_route=\/wp\/v2\/posts\/41775\/revisions\/41778"}],"wp:featuredmedia":[{"embeddable":true,"href":"https:\/\/emlaktuel.com\/index.php?rest_route=\/wp\/v2\/media\/41777"}],"wp:attachment":[{"href":"https:\/\/emlaktuel.com\/index.php?rest_route=%2Fwp%2Fv2%2Fmedia&parent=41775"}],"wp:term":[{"taxonomy":"category","embeddable":true,"href":"https:\/\/emlaktuel.com\/index.php?rest_route=%2Fwp%2Fv2%2Fcategories&post=41775"},{"taxonomy":"post_tag","embeddable":true,"href":"https:\/\/emlaktuel.com\/index.php?rest_route=%2Fwp%2Fv2%2Ftags&post=41775"}],"curies":[{"name":"wp","href":"https:\/\/api.w.org\/{rel}","templated":true}]}}