{"id":4166,"date":"2016-08-11T13:02:56","date_gmt":"2016-08-11T10:02:56","guid":{"rendered":"http:\/\/emlaktuel.com\/?p=4166"},"modified":"2018-07-05T14:32:25","modified_gmt":"2018-07-05T11:32:25","slug":"3s-kale-avcilar-yakinda-satisa-cikiyor","status":"publish","type":"post","link":"https:\/\/emlaktuel.com\/?p=4166","title":{"rendered":"3S Kale Avc\u0131lar yak\u0131nda sat\u0131\u015fa \u00e7\u0131k\u0131yor!"},"content":{"rendered":"<p>\u0130stanbul \u00dcniversitesi Avc\u0131lar Kamp\u00fcs\u00fc&#8217;n\u00fcn arkas\u0131nda yer alan 3S Kale Avc\u0131lar&#8217;da nihai proje tamamland\u0131, projenin yak\u0131nda sat\u0131\u015fa \u00e7\u0131kmas\u0131 bekleniyor.<br \/>\nDaha \u00f6nce pek \u00e7ok projeye imza atan 3S Kale, Avc\u0131lar&#8217;da \u0130stanbul \u00dcniversitesi arkas\u0131nda ve E-5 yak\u0131n konumda bulunan arsas\u0131nda yeni projesine ba\u015fl\u0131yor.<\/p>\n<p>90 milyon TL yat\u0131r\u0131m de\u011ferine sahip olan 3S Kale Avc\u0131lar projesi, 521 konut ve 45 d\u00fckkandan meydana geliyor. Bu y\u0131l sonuna kadar sat\u0131\u015fa \u00e7\u0131kmas\u0131 beklenen konutlar\u0131n 2018 y\u0131l\u0131n\u0131n Haziran ay\u0131nda tamamlanarak sahiplerine teslim edilmesi planlan\u0131yor.<\/p>\n<p><img loading=\"lazy\" class=\"alignnone size-medium wp-image-4168\" src=\"http:\/\/emlaktuel.com\/wp-content\/uploads\/2016\/08\/3skaleavc\u0131lar-300x145.jpg\" alt=\"3skaleavc\u0131lar\" width=\"300\" height=\"145\" \/><\/p>\n<p>3S Kale Avc\u0131lar<\/p>\n<p>3S Kale Avc\u0131lar, 4 blok olarak tasarland\u0131. A blokta 257 konut, B blokta 128 konut C blokta ise 136 konut yer alacak. D blok ise tamamen ticari birimlere ayr\u0131lacak. 28 bin metrekare arsa alan\u0131na sahip olan 3S Kale Avc\u0131lar&#8217;da bloklar 7 katl\u0131. Bloklar arsa i\u00e7erisinde 10 bin 220 metrekare \u00fczerine kurulacak.<\/p>\n<p>3S Kale Avc\u0131lar projesine 150 metre mesafede \u0130stanbul \u00dcniversitesi, 1000 metre mesafede Avc\u0131lar Mesleki ve Teknik End\u00fcstri Lisesi, 750 metre mesafede ise hastane yer al\u0131yor.<\/p>\n","protected":false},"excerpt":{"rendered":"<p>\u0130stanbul \u00dcniversitesi Avc\u0131lar Kamp\u00fcs\u00fc&#8217;n\u00fcn arkas\u0131nda yer alan 3S Kale Avc\u0131lar&#8217;da nihai proje tamamland\u0131, projenin yak\u0131nda sat\u0131\u015fa \u00e7\u0131kmas\u0131 bekleniyor. Daha \u00f6nce pek \u00e7ok projeye imza atan 3S Kale, Avc\u0131lar&#8217;da \u0130stanbul \u00dcniversitesi arkas\u0131nda ve E-5 yak\u0131n konumda bulunan arsas\u0131nda yeni projesine ba\u015fl\u0131yor. 90 milyon TL yat\u0131r\u0131m de\u011ferine sahip olan 3S Kale Avc\u0131lar projesi, 521 konut ve 45 [&hellip;]<\/p>\n","protected":false},"author":1,"featured_media":4167,"comment_status":"open","ping_status":"open","sticky":false,"template":"","format":"standard","meta":{"ngg_post_thumbnail":0},"categories":[219],"tags":[1409,2827,455,11525,11526,80,11167,11098],"_links":{"self":[{"href":"https:\/\/emlaktuel.com\/index.php?rest_route=\/wp\/v2\/posts\/4166"}],"collection":[{"href":"https:\/\/emlaktuel.com\/index.php?rest_route=\/wp\/v2\/posts"}],"about":[{"href":"https:\/\/emlaktuel.com\/index.php?rest_route=\/wp\/v2\/types\/post"}],"author":[{"embeddable":true,"href":"https:\/\/emlaktuel.com\/index.php?rest_route=\/wp\/v2\/users\/1"}],"replies":[{"embeddable":true,"href":"https:\/\/emlaktuel.com\/index.php?rest_route=%2Fwp%2Fv2%2Fcomments&post=4166"}],"version-history":[{"count":1,"href":"https:\/\/emlaktuel.com\/index.php?rest_route=\/wp\/v2\/posts\/4166\/revisions"}],"predecessor-version":[{"id":4169,"href":"https:\/\/emlaktuel.com\/index.php?rest_route=\/wp\/v2\/posts\/4166\/revisions\/4169"}],"wp:featuredmedia":[{"embeddable":true,"href":"https:\/\/emlaktuel.com\/index.php?rest_route=\/wp\/v2\/media\/4167"}],"wp:attachment":[{"href":"https:\/\/emlaktuel.com\/index.php?rest_route=%2Fwp%2Fv2%2Fmedia&parent=4166"}],"wp:term":[{"taxonomy":"category","embeddable":true,"href":"https:\/\/emlaktuel.com\/index.php?rest_route=%2Fwp%2Fv2%2Fcategories&post=4166"},{"taxonomy":"post_tag","embeddable":true,"href":"https:\/\/emlaktuel.com\/index.php?rest_route=%2Fwp%2Fv2%2Ftags&post=4166"}],"curies":[{"name":"wp","href":"https:\/\/api.w.org\/{rel}","templated":true}]}}