{"id":41638,"date":"2023-01-04T16:50:30","date_gmt":"2023-01-04T13:50:30","guid":{"rendered":"https:\/\/emlaktuel.com\/?p=41638"},"modified":"2023-01-04T16:50:30","modified_gmt":"2023-01-04T13:50:30","slug":"konut-kampanyasi-tum-paydaslari-besleyen-bir-yaklasimin-eseri","status":"publish","type":"post","link":"https:\/\/emlaktuel.com\/?p=41638","title":{"rendered":"\u201cKonut kampanyas\u0131 t\u00fcm payda\u015flar\u0131 besleyen bir yakla\u015f\u0131m\u0131n eseri\u201d"},"content":{"rendered":"<p style=\"padding-left: 40px; text-align: left;\">\u201cKonut kampanyas\u0131 t\u00fcm payda\u015flar\u0131 besleyen bir yakla\u015f\u0131m\u0131n eseri\u201d<\/p>\n<p>DAP Holding Y\u00f6netim Kurulu Ba\u015fkan\u0131 Ziya Y\u0131lmaz, orta gelir konut kampanyas\u0131n\u0131 de\u011ferlendirdi. Ziya Y\u0131lmaz, s\u00f6z konusu kampanyan\u0131n alt sekt\u00f6rlerle birlikte 250 sekt\u00f6r\u00fc harekete ge\u00e7irece\u011fini ve T\u00fcrkiye ekonomisine g\u00fc\u00e7 verece\u011fini s\u00f6yledi.<\/p>\n<p>DAP Holding Y\u00f6netim Kurulu Ba\u015fkan\u0131 Ziya Y\u0131lmaz, konut sekt\u00f6r\u00fcne y\u00f6nelik kampanyalar\u0131n T\u00fcrkiye ekonomisine g\u00fc\u00e7 verdi\u011fini s\u00f6yledi. Ziya Y\u0131lmaz, bug\u00fcn \u00c7evre, \u015eehircilik ve \u0130klim De\u011fi\u015fikli\u011fi Bakan\u0131 Murat Kurum ve Hazine ve Maliye Bakan\u0131 Nureddin Nebati taraf\u0131ndan a\u00e7\u0131klanan orta gelir konut kampanyas\u0131n\u0131 de\u011ferlendirdi.<\/p>\n<p>S\u00f6z konusu kampanyan\u0131n alt sekt\u00f6rlerle birlikte 250 sekt\u00f6r\u00fc harekete ge\u00e7irece\u011fini hat\u0131rlatan Ziya Y\u0131lmaz, \u201cGayrimenkul sekt\u00f6r\u00fc, bu \u00f6zelli\u011fiyle de ekonominin dinamosu konumunda. \u015eu anda Avrupa\u2019da ne uygulan\u0131yorsa, T\u00fcrkiye\u2019de de uygulan\u0131yor. Kampanyayla birlikte bizim \u00fclkemizde de 180 ay gibi ciddi bir s\u00fcreyle konut kredisi verilmi\u015f oluyor\u201d diye konu\u015ftu.<\/p>\n<p>Orta gelir konut kampanyas\u0131n\u0131n t\u00fcm payda\u015flar\u0131 besleyen bir yakla\u015f\u0131m\u0131n eseri oldu\u011funu iade eden Ziya Y\u0131lmaz, ba\u015fta h\u00fck\u00fcmetimiz olmak \u00fczere, \u00c7evre \u015eehircilik ve \u0130klim De\u011fi\u015fikli\u011fi Bakan\u0131m\u0131z Murat Kurum ile Hazine ve Maliye Bakan\u0131m\u0131z Nureddin Nebati\u2019ye te\u015fekk\u00fcr ederek, \u015funlar\u0131 s\u00f6yledi:<\/p>\n<p>\u201cD\u00fcnyada konut faizlerinin yukar\u0131 \u00e7\u0131kt\u0131\u011f\u0131, t\u00fcm kredilerin k\u0131s\u0131ld\u0131\u011f\u0131 bir d\u00f6nemde; T\u00fcrkiye\u2019nin orta s\u0131n\u0131f al\u0131c\u0131 i\u00e7in bu kampanyay\u0131 yapmas\u0131, t\u00fcm payda\u015flar\u0131 besleyen bir yakla\u015f\u0131m. Bu a\u00e7\u0131dan konut al\u0131c\u0131s\u0131n\u0131n da bunun \u00e7ok iyi bir f\u0131rsat oldu\u011funu bilmesi ve bu f\u0131rsat\u0131 ka\u00e7\u0131rmamas\u0131 gerekti\u011fini d\u00fc\u015f\u00fcn\u00fcyorum.\u201d<\/p>\n<p>&nbsp;<\/p>\n","protected":false},"excerpt":{"rendered":"<p>\u201cKonut kampanyas\u0131 t\u00fcm payda\u015flar\u0131 besleyen bir yakla\u015f\u0131m\u0131n eseri\u201d DAP Holding Y\u00f6netim Kurulu Ba\u015fkan\u0131 Ziya Y\u0131lmaz, orta gelir konut kampanyas\u0131n\u0131 de\u011ferlendirdi. Ziya Y\u0131lmaz, s\u00f6z konusu kampanyan\u0131n alt sekt\u00f6rlerle birlikte 250 sekt\u00f6r\u00fc harekete ge\u00e7irece\u011fini ve T\u00fcrkiye ekonomisine g\u00fc\u00e7 verece\u011fini s\u00f6yledi. DAP Holding Y\u00f6netim Kurulu Ba\u015fkan\u0131 Ziya Y\u0131lmaz, konut sekt\u00f6r\u00fcne y\u00f6nelik kampanyalar\u0131n T\u00fcrkiye ekonomisine g\u00fc\u00e7 verdi\u011fini s\u00f6yledi. Ziya [&hellip;]<\/p>\n","protected":false},"author":1,"featured_media":38771,"comment_status":"open","ping_status":"open","sticky":false,"template":"","format":"standard","meta":{"ngg_post_thumbnail":0},"categories":[5388],"tags":[7140,11497,16786],"_links":{"self":[{"href":"https:\/\/emlaktuel.com\/index.php?rest_route=\/wp\/v2\/posts\/41638"}],"collection":[{"href":"https:\/\/emlaktuel.com\/index.php?rest_route=\/wp\/v2\/posts"}],"about":[{"href":"https:\/\/emlaktuel.com\/index.php?rest_route=\/wp\/v2\/types\/post"}],"author":[{"embeddable":true,"href":"https:\/\/emlaktuel.com\/index.php?rest_route=\/wp\/v2\/users\/1"}],"replies":[{"embeddable":true,"href":"https:\/\/emlaktuel.com\/index.php?rest_route=%2Fwp%2Fv2%2Fcomments&post=41638"}],"version-history":[{"count":1,"href":"https:\/\/emlaktuel.com\/index.php?rest_route=\/wp\/v2\/posts\/41638\/revisions"}],"predecessor-version":[{"id":41639,"href":"https:\/\/emlaktuel.com\/index.php?rest_route=\/wp\/v2\/posts\/41638\/revisions\/41639"}],"wp:featuredmedia":[{"embeddable":true,"href":"https:\/\/emlaktuel.com\/index.php?rest_route=\/wp\/v2\/media\/38771"}],"wp:attachment":[{"href":"https:\/\/emlaktuel.com\/index.php?rest_route=%2Fwp%2Fv2%2Fmedia&parent=41638"}],"wp:term":[{"taxonomy":"category","embeddable":true,"href":"https:\/\/emlaktuel.com\/index.php?rest_route=%2Fwp%2Fv2%2Fcategories&post=41638"},{"taxonomy":"post_tag","embeddable":true,"href":"https:\/\/emlaktuel.com\/index.php?rest_route=%2Fwp%2Fv2%2Ftags&post=41638"}],"curies":[{"name":"wp","href":"https:\/\/api.w.org\/{rel}","templated":true}]}}