{"id":41636,"date":"2023-01-04T13:09:19","date_gmt":"2023-01-04T10:09:19","guid":{"rendered":"https:\/\/emlaktuel.com\/?p=41636"},"modified":"2023-01-04T13:09:19","modified_gmt":"2023-01-04T10:09:19","slug":"2023-gayrimenkulde-altin-yil-olacak","status":"publish","type":"post","link":"https:\/\/emlaktuel.com\/?p=41636","title":{"rendered":"2023 gayrimenkulde alt\u0131n y\u0131l olacak"},"content":{"rendered":"<p><strong>2023 gayrimenkulde alt\u0131n y\u0131l olacak. <\/strong>Orta gelirlilere y\u00f6nelik \u2018Yeni Evim Kampanyas\u0131\u2019n\u0131n detaylar\u0131 a\u00e7\u0131kland\u0131. Projede t\u00fcm b\u00f6lgelerde asgari pe\u015finat oran\u0131 y\u00fczde 10 olarak belirlendi, azami 15 sene vadeyle sa\u011flanacak finansmanlarda faiz\/kar pay\u0131 oranlar\u0131 y\u00fczde 0,69&#8217;dan ba\u015flayan oranlarla uygulanacak. Kampanyan\u0131n ticari olmaktan ziyade bar\u0131nma ihtiyac\u0131na \u00e7\u00f6z\u00fcm sunaca\u011f\u0131na dikkat \u00e7eken Gayrimenkul Dan\u0131\u015fman\u0131 \u015eule Alp, projeyle 2023\u2019\u00fcn in\u015faat sekt\u00f6r\u00fc i\u00e7in alt\u0131n y\u0131l olaca\u011f\u0131n\u0131 kaydetti.<\/p>\n<h2><strong>Kampanyal\u0131 Kredi 0.69\u2019dan ba\u015flayacak<\/strong><\/h2>\n<p>Proje hakk\u0131nda bilgi veren Gayrimenkul Dan\u0131\u015fman\u0131 \u015eule Alp, \u201cYeni Evim Program\u0131 ile bankalar ve kat\u0131l\u0131m finans kurumlar\u0131 taraf\u0131ndan sa\u011flanacak finansman tutarlar\u0131n\u0131n 1. B\u00f6lge olan \u0130stanbul&#8217;da en \u00e7ok 5 milyon TL, 2. B\u00f6lge&#8217;deki illerde en \u00e7ok 3 milyon TL, 3. B\u00f6lge&#8217;deki iller i\u00e7in ise en \u00e7ok 2 milyon TL olarak belirlendi. T\u00fcm b\u00f6lgelerde asgari pe\u015finat oran\u0131 y\u00fczde 10 olacak. Azami 15 sene vade ile sa\u011flanacak finansmanlarda faiz\/kar pay\u0131 oranlar\u0131 y\u00fczde 0,69&#8217;dan ba\u015flayan oranlarla uygulanacak\u201d dedi.<\/p>\n<h2><strong>Konut geli\u015ftiricilerine destek<\/strong><\/h2>\n<p>Projenin sekt\u00f6re b\u00fcy\u00fck katk\u0131 sa\u011flayaca\u011f\u0131n\u0131 belirten Alp, \u201cDar gelirli vatanda\u015flar i\u00e7in sosyal konut kampanyas\u0131ndan sonra \u015fartlar\u0131 sa\u011flayamayan orta gelirliler i\u00e7in yap\u0131lan bu \u00f6nemli kampanyan\u0131n sekt\u00f6re b\u00fcy\u00fck katk\u0131 sa\u011flayacak. Bu kampanyayla beraber hem vatanda\u015f\u0131n al\u0131m \u015fartlar\u0131 iyile\u015fecek hem de \u00fcretimin artmas\u0131 i\u00e7in konut geli\u015ftiricilerine finansal destek sa\u011flanacak\u201d diye konu\u015ftu.<\/p>\n<h2><strong>\u2018F\u0131rsat\u00e7\u0131lara dur diyecek\u2019<\/strong><\/h2>\n<p>Kampanyan\u0131n ticari bir ara\u00e7 olmad\u0131\u011f\u0131na dikkat \u00e7eken Alp \u201cDetaylar\u0131na bakt\u0131\u011f\u0131m\u0131z zaman, bu kampanya ticari bir ara\u00e7tan ziyade ger\u00e7ekten bar\u0131nma ihtiyac\u0131na \u00e7\u00f6z\u00fcm sunaca\u011f\u0131 g\u00f6r\u00fcyoruz. Yani \u2018Ev al\u0131p sat\u0131p kazanay\u0131m\u2019 denilemeyecek. 5 y\u0131l satmama \u015fart\u0131 da f\u0131rsat\u00e7\u0131lar\u0131n \u00f6n\u00fcn\u00fc kesecek. Gelinen bu noktada sosyal konutla fiyat art\u0131\u015flar\u0131n\u0131n da duraca\u011f\u0131n\u0131 bekliyorum\u201d ifadelerini kulland\u0131.<\/p>\n<h2><strong>\u2018Vatanda\u015flar bu f\u0131rsat\u0131 de\u011ferlendirmeli\u2019<\/strong><\/h2>\n<p>Gayrimenkul ilanlar\u0131n\u0131n da takip edilece\u011fini kaydeden Alp \u015funlar\u0131 s\u00f6yledi: \u201cYap\u0131lan a\u00e7\u0131klamada alt\u0131n\u0131 \u00e7izerek belirtilen \u00f6nemli bir konu ise Bakanl\u0131k taraf\u0131ndan uzun s\u00fcredir internet sayfalar\u0131ndaki fiyat art\u0131\u015flar\u0131n\u0131n yakinen izlemeye ve de\u011ferlendirmeye al\u0131nd\u0131\u011f\u0131 duyuruldu. Gayrimenkul sekt\u00f6r\u00fcne y\u00f6nelik mali, finansal, tapu ve emlak ilan site verileri kullan\u0131larak analiz ve de\u011ferlendirme \u00e7al\u0131\u015fmalar\u0131n\u0131n detayl\u0131 \u015fekilde y\u00fcr\u00fct\u00fcld\u00fc\u011f\u00fc a\u00e7\u0131klamas\u0131 haks\u0131z fiyat art\u0131\u015f\u0131n\u0131n da \u00f6n\u00fcne ge\u00e7ilece\u011finin g\u00f6stergesidir. Yap\u0131lan bu kampanyalar yabanc\u0131ya y\u00f6nelik sat\u0131\u015flarla birlikte de\u011ferlendirildi\u011finde 2023 y\u0131l\u0131n\u0131n in\u015faat sekt\u00f6r\u00fc i\u00e7in alt\u0131n y\u0131l olaca\u011f\u0131n\u0131 s\u00f6yleyebiliriz. Artan maliyetler d\u00fc\u015f\u00fcn\u00fcld\u00fc\u011f\u00fc zaman 0,69 kredi oran\u0131n\u0131 vatanda\u015flar\u0131m\u0131z\u0131n \u00e7ok iyi de\u011ferlendirmeli&#8217;<\/p>\n","protected":false},"excerpt":{"rendered":"<p>2023 gayrimenkulde alt\u0131n y\u0131l olacak. Orta gelirlilere y\u00f6nelik \u2018Yeni Evim Kampanyas\u0131\u2019n\u0131n detaylar\u0131 a\u00e7\u0131kland\u0131. Projede t\u00fcm b\u00f6lgelerde asgari pe\u015finat oran\u0131 y\u00fczde 10 olarak belirlendi, azami 15 sene vadeyle sa\u011flanacak finansmanlarda faiz\/kar pay\u0131 oranlar\u0131 y\u00fczde 0,69&#8217;dan ba\u015flayan oranlarla uygulanacak. Kampanyan\u0131n ticari olmaktan ziyade bar\u0131nma ihtiyac\u0131na \u00e7\u00f6z\u00fcm sunaca\u011f\u0131na dikkat \u00e7eken Gayrimenkul Dan\u0131\u015fman\u0131 \u015eule Alp, projeyle 2023\u2019\u00fcn in\u015faat sekt\u00f6r\u00fc [&hellip;]<\/p>\n","protected":false},"author":1,"featured_media":29043,"comment_status":"open","ping_status":"open","sticky":false,"template":"","format":"standard","meta":{"ngg_post_thumbnail":0},"categories":[5388],"tags":[],"_links":{"self":[{"href":"https:\/\/emlaktuel.com\/index.php?rest_route=\/wp\/v2\/posts\/41636"}],"collection":[{"href":"https:\/\/emlaktuel.com\/index.php?rest_route=\/wp\/v2\/posts"}],"about":[{"href":"https:\/\/emlaktuel.com\/index.php?rest_route=\/wp\/v2\/types\/post"}],"author":[{"embeddable":true,"href":"https:\/\/emlaktuel.com\/index.php?rest_route=\/wp\/v2\/users\/1"}],"replies":[{"embeddable":true,"href":"https:\/\/emlaktuel.com\/index.php?rest_route=%2Fwp%2Fv2%2Fcomments&post=41636"}],"version-history":[{"count":1,"href":"https:\/\/emlaktuel.com\/index.php?rest_route=\/wp\/v2\/posts\/41636\/revisions"}],"predecessor-version":[{"id":41637,"href":"https:\/\/emlaktuel.com\/index.php?rest_route=\/wp\/v2\/posts\/41636\/revisions\/41637"}],"wp:featuredmedia":[{"embeddable":true,"href":"https:\/\/emlaktuel.com\/index.php?rest_route=\/wp\/v2\/media\/29043"}],"wp:attachment":[{"href":"https:\/\/emlaktuel.com\/index.php?rest_route=%2Fwp%2Fv2%2Fmedia&parent=41636"}],"wp:term":[{"taxonomy":"category","embeddable":true,"href":"https:\/\/emlaktuel.com\/index.php?rest_route=%2Fwp%2Fv2%2Fcategories&post=41636"},{"taxonomy":"post_tag","embeddable":true,"href":"https:\/\/emlaktuel.com\/index.php?rest_route=%2Fwp%2Fv2%2Ftags&post=41636"}],"curies":[{"name":"wp","href":"https:\/\/api.w.org\/{rel}","templated":true}]}}