{"id":41633,"date":"2023-01-04T12:50:46","date_gmt":"2023-01-04T09:50:46","guid":{"rendered":"https:\/\/emlaktuel.com\/?p=41633"},"modified":"2023-01-04T12:50:46","modified_gmt":"2023-01-04T09:50:46","slug":"fkg-insaat-2023-yilini-yatirimlarla-karsiliyor","status":"publish","type":"post","link":"https:\/\/emlaktuel.com\/?p=41633","title":{"rendered":"FKG \u0130n\u015faat, 2023 y\u0131l\u0131n\u0131 yat\u0131r\u0131mlarla kar\u015f\u0131l\u0131yor"},"content":{"rendered":"<p><em><u>\u0130ddial\u0131 yat\u0131r\u0131mlar\u0131yla dikkat \u00e7eken FKG \u0130n\u015faat, yeni y\u0131lda da kentsel d\u00f6n\u00fc\u015f\u00fcm projelerine imza atmak \u00fczere \u00e7al\u0131\u015f\u0131yor.<\/u><\/em><\/p>\n<p><strong>FKG \u0130n\u015faat, 2023 y\u0131l\u0131n\u0131 yat\u0131r\u0131mlarla kar\u015f\u0131l\u0131yor. <\/strong><strong><em>Kentsel d\u00f6n\u00fc\u015f\u00fcm projelerine verdi\u011fi \u00f6nem ile tan\u0131nan FKG \u0130n\u015faat, yeni y\u0131l\u0131 yat\u0131r\u0131mlarla kar\u015f\u0131l\u0131yor. Tamamland\u0131\u011f\u0131nda 3 binden fazla konutu hayata ge\u00e7irmi\u015f olacak olan FKG \u0130n\u015faat\u2019\u0131n ayn\u0131 zamanda beton santrali ve sanayi sitesi yat\u0131r\u0131mlar\u0131 da bulunuyor.<\/em><\/strong><\/p>\n<p>2023 y\u0131l\u0131n\u0131 iddial\u0131 projelerle kar\u015f\u0131lad\u0131klar\u0131n\u0131 s\u00f6yleyen FKG \u0130n\u015faat Genel M\u00fcd\u00fcr\u00fc Sedat Al, \u00f6zellikle kentsel d\u00f6n\u00fc\u015f\u00fcm konusuna \u00f6nem verdiklerini ve yat\u0131r\u0131mlar\u0131n\u0131n b\u00fcy\u00fck k\u0131sm\u0131n\u0131 da bu y\u00f6nde projelendirdiklerini ifade etti. Yeni y\u0131l\u0131 iddial\u0131 projelerle kar\u015f\u0131lad\u0131klar\u0131n\u0131 kaydeden Al, in\u015faat yat\u0131r\u0131mlar\u0131n\u0131n toplam tutar\u0131n\u0131n 3,5 milyar TL\u2019nin \u00fczerinde oldu\u011funu dile getirdi.<\/p>\n<p>Kentsel d\u00f6n\u00fc\u015f\u00fcm projelerine \u00f6ncelik vermekle birlikte farkl\u0131 faaliyet alanlar\u0131 oldu\u011funa da dikkat \u00e7eken Sedat Al, projeleriyle ilgili bilgi verdi. Al \u201c\u00dclkemizin genelinin, \u00f6zellikle de \u0130stanbul\u2019un kuvvetli deprem \u00fcreten bir ku\u015fakta oldu\u011funu hepimiz biliyoruz. Dolay\u0131s\u0131yla \u015fehrimizin yap\u0131la\u015fma sorunu da bizleri kentsel d\u00f6n\u00fc\u015f\u00fcm konusuna odaklanmaya ve riskli konutlar\u0131 d\u00f6n\u00fc\u015ft\u00fcrmeye y\u00f6neltti. K\u0131sacas\u0131 kentsel d\u00f6n\u00fc\u015f\u00fcm projelerine \u00f6ncelik veren markalar aras\u0131nda yer al\u0131yoruz. Bu ba\u011flamda \u015fu anda B\u00fcy\u00fck\u00e7ekmece b\u00f6lgesinde ortaklar\u0131m\u0131zla birlikte y\u00fcr\u00fctt\u00fc\u011f\u00fcm\u00fcz \u00f6nemli kentsel d\u00f6n\u00fc\u015f\u00fcm projeleri bulunuyor. Bu projeler aras\u0131nda \u2018B\u00fcy\u00fck\u00e7ekmece Hilal Hill Kentsel D\u00f6n\u00fc\u015f\u00fcm Projesi\u2019 ve yine B\u00fcy\u00fck\u00e7ekmece Mimarsinan\u2019da in\u015fa etti\u011fimiz \u2018Bella Vista Projesi\u2019 yer al\u0131yor. Bunlara ek olarak bir yandan bir beton tesisi in\u015faat\u0131m\u0131z devam ederken, bir yandan da K\u0131ra\u00e7\u2019ta sanayi sitesi planlamam\u0131z bulunuyor. Bu projelerin toplam yat\u0131r\u0131m tutar\u0131 ise 3,5 milyar TL\u2019nin \u00fczerinde olacak. Gayrimenkul yat\u0131r\u0131mlar\u0131m\u0131z tamamland\u0131\u011f\u0131nda ilk etapta 2 bin 500 adet konutu, \u00f6n\u00fcm\u00fczdeki 5 y\u0131lda ise 6 bin konutu hayata ge\u00e7irme hedefimiz bulunuyor\u201d diye konu\u015ftu.<\/p>\n<h2><strong>B\u00fcy\u00fck\u00e7ekmece ve \u00e7evresini d\u00f6n\u00fc\u015ft\u00fcr\u00fcyor<\/strong><\/h2>\n<p>\u2018B\u00fcy\u00fck\u00e7ekmece Hilal Hill Kentsel D\u00f6n\u00fc\u015f\u00fcm Projesi\u2019nin 80 bin metrekarelik alanda 10 etaptan olu\u015ftu\u011funu kaydeden Sedat Al, projenin ilk etab\u0131nda teslime \u00e7ok yak\u0131n bir zaman kald\u0131\u011f\u0131n\u0131 belirtti. Al \u201cB\u00fcy\u00fck\u00e7ekmece Hilal Hill Kentsel D\u00f6n\u00fc\u015f\u00fcm Projemizi, Baha\u015f Holding ve Stta \u0130n\u015faat ile birlikte in\u015fa ediyoruz. Projede 2020 y\u0131l\u0131nda kat malikleri ile g\u00f6r\u00fc\u015fmeler ba\u015flad\u0131 ve 2021 y\u0131l\u0131nda temeli at\u0131ld\u0131.<\/p>\n<p>\u0130n\u015faat\u0131 son derece h\u0131zl\u0131 ilerleyen projemizin birinci etab\u0131n\u0131n teslimine \u00e7ok k\u0131sa bir zaman kald\u0131. \u0130kinci etab\u0131n in\u015faat\u0131 devam ediyor. \u00dc\u00e7\u00fcnc\u00fc ve d\u00f6rd\u00fcnc\u00fc etab\u0131n in\u015faat\u0131na da ba\u015flad\u0131k. Tamamland\u0131\u011f\u0131nda bin daire d\u00f6n\u00fc\u015ft\u00fcr\u00fclm\u00fc\u015f olacak. Di\u011fer ortakl\u0131 projemiz olan yine B\u00fcy\u00fck\u00e7ekmece\u2019de Mimarsinan\u2019da devam eden \u2018Bella Vista\u2019 ise d\u00f6rt blokta y\u00fckseliyor. \u0130n\u015faat\u0131n da y\u00fczde 60\u2019\u0131 tamamland\u0131. Di\u011fer yandan; B\u00fcy\u00fck\u00e7ekmece\u2019de \u0130stanbul\u2019un en b\u00fcy\u00fck ikinci beton santralinin in\u015faat\u0131 devam ediyor, tamamlanmas\u0131na say\u0131l\u0131 g\u00fcnler kald\u0131. 2023 y\u0131l\u0131nda da Had\u0131mk\u00f6y\u2019de bir villa projemiz ile Ata\u015fehir\u2019de ve Ba\u015fak\u015fehir\u2019de konut projelerimizi hayata ge\u00e7irmeyi planl\u0131yoruz. \u00d6te yandan; gayrimenkul geli\u015ftirme alan\u0131nda ABD Miami\u2019de faaliyet g\u00f6steren FKG Investment \u015firketimiz, geli\u015fme a\u015famas\u0131nda olan projelerine de 2023 y\u0131l\u0131nda h\u0131z kazand\u0131racak\u201d diye konu\u015ftu.<\/p>\n<p>www.fkg.com.tr &nbsp;&nbsp;&nbsp;&nbsp;&nbsp;&nbsp;&nbsp;&nbsp;&nbsp;&nbsp;&nbsp;&nbsp;&nbsp;&nbsp;&nbsp;&nbsp;&nbsp;&nbsp;&nbsp;&nbsp;&nbsp; 444 0 377<\/p>\n<p>&nbsp;<\/p>\n","protected":false},"excerpt":{"rendered":"<p>\u0130ddial\u0131 yat\u0131r\u0131mlar\u0131yla dikkat \u00e7eken FKG \u0130n\u015faat, yeni y\u0131lda da kentsel d\u00f6n\u00fc\u015f\u00fcm projelerine imza atmak \u00fczere \u00e7al\u0131\u015f\u0131yor. FKG \u0130n\u015faat, 2023 y\u0131l\u0131n\u0131 yat\u0131r\u0131mlarla kar\u015f\u0131l\u0131yor. Kentsel d\u00f6n\u00fc\u015f\u00fcm projelerine verdi\u011fi \u00f6nem ile tan\u0131nan FKG \u0130n\u015faat, yeni y\u0131l\u0131 yat\u0131r\u0131mlarla kar\u015f\u0131l\u0131yor. Tamamland\u0131\u011f\u0131nda 3 binden fazla konutu hayata ge\u00e7irmi\u015f olacak olan FKG \u0130n\u015faat\u2019\u0131n ayn\u0131 zamanda beton santrali ve sanayi sitesi yat\u0131r\u0131mlar\u0131 da [&hellip;]<\/p>\n","protected":false},"author":1,"featured_media":41634,"comment_status":"open","ping_status":"open","sticky":false,"template":"","format":"standard","meta":{"ngg_post_thumbnail":0},"categories":[5388],"tags":[16785],"_links":{"self":[{"href":"https:\/\/emlaktuel.com\/index.php?rest_route=\/wp\/v2\/posts\/41633"}],"collection":[{"href":"https:\/\/emlaktuel.com\/index.php?rest_route=\/wp\/v2\/posts"}],"about":[{"href":"https:\/\/emlaktuel.com\/index.php?rest_route=\/wp\/v2\/types\/post"}],"author":[{"embeddable":true,"href":"https:\/\/emlaktuel.com\/index.php?rest_route=\/wp\/v2\/users\/1"}],"replies":[{"embeddable":true,"href":"https:\/\/emlaktuel.com\/index.php?rest_route=%2Fwp%2Fv2%2Fcomments&post=41633"}],"version-history":[{"count":1,"href":"https:\/\/emlaktuel.com\/index.php?rest_route=\/wp\/v2\/posts\/41633\/revisions"}],"predecessor-version":[{"id":41635,"href":"https:\/\/emlaktuel.com\/index.php?rest_route=\/wp\/v2\/posts\/41633\/revisions\/41635"}],"wp:featuredmedia":[{"embeddable":true,"href":"https:\/\/emlaktuel.com\/index.php?rest_route=\/wp\/v2\/media\/41634"}],"wp:attachment":[{"href":"https:\/\/emlaktuel.com\/index.php?rest_route=%2Fwp%2Fv2%2Fmedia&parent=41633"}],"wp:term":[{"taxonomy":"category","embeddable":true,"href":"https:\/\/emlaktuel.com\/index.php?rest_route=%2Fwp%2Fv2%2Fcategories&post=41633"},{"taxonomy":"post_tag","embeddable":true,"href":"https:\/\/emlaktuel.com\/index.php?rest_route=%2Fwp%2Fv2%2Ftags&post=41633"}],"curies":[{"name":"wp","href":"https:\/\/api.w.org\/{rel}","templated":true}]}}