{"id":41596,"date":"2023-01-03T11:00:44","date_gmt":"2023-01-03T08:00:44","guid":{"rendered":"https:\/\/emlaktuel.com\/?p=41596"},"modified":"2023-01-03T11:00:44","modified_gmt":"2023-01-03T08:00:44","slug":"bom-akademinin-duzenledigi-bmw-mini-ve-land-roverlar-ile-kar-ve-buz-uzerinde-yapilacak-deneyim-icin-geri-sayim-baslad","status":"publish","type":"post","link":"https:\/\/emlaktuel.com\/?p=41596","title":{"rendered":"BOM Akademi\u2019nin d\u00fczenledi\u011fi\u00a0BMW, MINI ve Land Rover&#8217;lar ile Kar ve Buz \u00dczerinde Yap\u0131lacak Deneyim i\u00e7in Geri Say\u0131m Ba\u015flad"},"content":{"rendered":"<p><strong>BOM Akademi, adrenalin tutkunlar\u0131na sekizinci kez Kar ve Buz s\u00fcr\u00fc\u015f deneyimi ya\u015fatmaya haz\u0131rlan\u0131yor. \u00c7\u0131ld\u0131r G\u00f6l\u00fc\u2019n\u00fcn buz tutmu\u015f y\u00fczeyinde ve K\u0131s\u0131r Da\u011f\u0131 eteklerindeki off-road rotalarda ger\u00e7ekle\u015ftirilecek etkinlik 26 Ocak- 18 \u015eubat aras\u0131nda 4\u2019er g\u00fcnl\u00fck organizasyondan olu\u015facak. S\u0131n\u0131rl\u0131 say\u0131da kat\u0131l\u0131mc\u0131n\u0131n adrenalin ve heyecan dolu deneyimler ya\u015fayaca\u011f\u0131 Kar ve Buz S\u00fcr\u00fc\u015f etkinli\u011finde y\u00fcksek performansl\u0131 BMW ve MINI otomobiller ile Land Rover\u2019\u0131n \u00fcst\u00fcn arazi yeteneklerine sahip ara\u00e7lar\u0131 kullan\u0131lacak.&nbsp;<\/strong><\/p>\n<p>BOM Akademi e\u011fitmenleri e\u015fli\u011finde BMW, Land Rover ve MINI markalar\u0131n\u0131n katk\u0131lar\u0131yla ger\u00e7ekle\u015ftirilen etkinlik, adrenalin ve macera dolu bir deneyim vadediyor. Kars\u2019\u0131n ve Ardahan\u2019\u0131n e\u015fsiz do\u011fas\u0131 ile Kuzey Avrupa \u00fclkelerine benzer hava ko\u015fullar\u0131n\u0131n ev sahipli\u011fi yapt\u0131\u011f\u0131 etkinlikler otomobil ve farkl\u0131 deneyim sevenlerin yo\u011fun ilgisiyle kar\u015f\u0131lan\u0131yor. Bu y\u0131l 8\u2019incisi d\u00fczenlenen BOM Akademi Kar ve Buz S\u00fcr\u00fc\u015f\u00fc Etkinli\u011fi 26-29 Ocak, 29 Ocak-1 \u015eubat, 1-4 \u015eubat, 4-7 \u015eubat ve 9-12 \u015eubat olmak \u00fczere be\u015f farkl\u0131 grup ile ger\u00e7ekle\u015ftirilecek.<\/p>\n<p>Buz kal\u0131nl\u0131\u011f\u0131 40 santimetreyi a\u015fan \u00c7\u0131ld\u0131r G\u00f6l\u00fc\u2019n\u00fcn \u00fczerinde haz\u0131rlanan 3 farkl\u0131 pistte deneyim ya\u015fayan kat\u0131l\u0131mc\u0131lar hem standart k\u0131\u015f lastikleri hem de \u00e7ivili yar\u0131\u015f lastikleri ile otomobillerin ekstrem k\u0131\u015f ko\u015fullar\u0131ndaki kabiliyetlerini test etme f\u0131rsat\u0131 buluyor.&nbsp;<\/p>\n<p>BMW M ailesinden; BMW M8 Competition Coup\u00e9, BMW M5 Competition, BMW M3 Competition&nbsp;ve BMW M240i xDrive ile birlikte BMW 420i Gran Coupe, BMW 320i\u2019nin kullan\u0131laca\u011f\u0131 etkinlikte, 306 bg motor g\u00fcc\u00fcne sahip MINI John Cooper Works Countryman ALL4 da kat\u0131l\u0131mc\u0131lara e\u015flik ediyor.<\/p>\n<p><strong>&nbsp;<\/strong>Kar ve Buz 2023&#8217;te kat\u0131l\u0131mc\u0131lar\u0131 bekleyen bir di\u011fer rota ise K\u0131s\u0131r Da\u011f\u0131&#8217;n\u0131 da i\u00e7ine alan Kar Parkuru. BOM Akademi e\u011fitmenleri e\u015fli\u011finde, en yeni elektrikli g\u00fc\u00e7 aktarma organlar\u0131n\u0131 destekleyen i\u015flevsel D7x mimarisi \u00fczerinden y\u00fckselen Land Rover Defender ile ge\u00e7ilecek bu parkurda kat\u0131l\u0131mc\u0131lar ikonik modelin zorlu yol ko\u015fullar\u0131ndaki off-road kabiliyetini daha yak\u0131ndan deneyimleyecek. Kar Parkuru&#8217;nda kullan\u0131c\u0131lara Land Rover Defender&#8217;\u0131n 90 ve 110 versiyonlar\u0131 e\u015flik edecek.&nbsp;<\/p>\n","protected":false},"excerpt":{"rendered":"<p>BOM Akademi, adrenalin tutkunlar\u0131na sekizinci kez Kar ve Buz s\u00fcr\u00fc\u015f deneyimi ya\u015fatmaya haz\u0131rlan\u0131yor. \u00c7\u0131ld\u0131r G\u00f6l\u00fc\u2019n\u00fcn buz tutmu\u015f y\u00fczeyinde ve K\u0131s\u0131r Da\u011f\u0131 eteklerindeki off-road rotalarda ger\u00e7ekle\u015ftirilecek etkinlik 26 Ocak- 18 \u015eubat aras\u0131nda 4\u2019er g\u00fcnl\u00fck organizasyondan olu\u015facak. S\u0131n\u0131rl\u0131 say\u0131da kat\u0131l\u0131mc\u0131n\u0131n adrenalin ve heyecan dolu deneyimler ya\u015fayaca\u011f\u0131 Kar ve Buz S\u00fcr\u00fc\u015f etkinli\u011finde y\u00fcksek performansl\u0131 BMW ve MINI otomobiller [&hellip;]<\/p>\n","protected":false},"author":1,"featured_media":41597,"comment_status":"open","ping_status":"open","sticky":false,"template":"","format":"standard","meta":{"ngg_post_thumbnail":0},"categories":[5215],"tags":[5811,16767,16043,16768],"_links":{"self":[{"href":"https:\/\/emlaktuel.com\/index.php?rest_route=\/wp\/v2\/posts\/41596"}],"collection":[{"href":"https:\/\/emlaktuel.com\/index.php?rest_route=\/wp\/v2\/posts"}],"about":[{"href":"https:\/\/emlaktuel.com\/index.php?rest_route=\/wp\/v2\/types\/post"}],"author":[{"embeddable":true,"href":"https:\/\/emlaktuel.com\/index.php?rest_route=\/wp\/v2\/users\/1"}],"replies":[{"embeddable":true,"href":"https:\/\/emlaktuel.com\/index.php?rest_route=%2Fwp%2Fv2%2Fcomments&post=41596"}],"version-history":[{"count":1,"href":"https:\/\/emlaktuel.com\/index.php?rest_route=\/wp\/v2\/posts\/41596\/revisions"}],"predecessor-version":[{"id":41598,"href":"https:\/\/emlaktuel.com\/index.php?rest_route=\/wp\/v2\/posts\/41596\/revisions\/41598"}],"wp:featuredmedia":[{"embeddable":true,"href":"https:\/\/emlaktuel.com\/index.php?rest_route=\/wp\/v2\/media\/41597"}],"wp:attachment":[{"href":"https:\/\/emlaktuel.com\/index.php?rest_route=%2Fwp%2Fv2%2Fmedia&parent=41596"}],"wp:term":[{"taxonomy":"category","embeddable":true,"href":"https:\/\/emlaktuel.com\/index.php?rest_route=%2Fwp%2Fv2%2Fcategories&post=41596"},{"taxonomy":"post_tag","embeddable":true,"href":"https:\/\/emlaktuel.com\/index.php?rest_route=%2Fwp%2Fv2%2Ftags&post=41596"}],"curies":[{"name":"wp","href":"https:\/\/api.w.org\/{rel}","templated":true}]}}