{"id":41587,"date":"2023-01-02T21:53:14","date_gmt":"2023-01-02T18:53:14","guid":{"rendered":"https:\/\/emlaktuel.com\/?p=41587"},"modified":"2023-01-02T21:53:51","modified_gmt":"2023-01-02T18:53:51","slug":"orta-gelir-konut-kampanyasi-detaylari-carsamba-gunu-aciklanacak","status":"publish","type":"post","link":"https:\/\/emlaktuel.com\/?p=41587","title":{"rendered":"Orta ve \u00dcst Gelir Konut Kampanyas\u0131 Detaylar\u0131 \u00c7ar\u015famba G\u00fcn\u00fc A\u00e7\u0131klanacak"},"content":{"rendered":"<div class=\"td_block_wrap tdb_single_content tdi_75 td-pb-border-top td_block_template_1 td-post-content tagdiv-type\" data-td-block-uid=\"tdi_75\">\n<div class=\"tdb-block-inner td-fix-index\">\n<p>2022 y\u0131l\u0131nda d\u00fc\u015f\u00fck gelirli vatanda\u015flar\u0131m\u0131z i\u00e7in ger\u00e7ekle\u015ftirilen Sosyal Konut kampanyas\u0131 sonras\u0131nda orta gelir ve \u00fcst gelir vatanda\u015flar\u0131m\u0131z i\u00e7in yap\u0131lmas\u0131 d\u00fc\u015f\u00fcn\u00fclen kampanyay\u0131 sab\u0131rla bekleyenler ev sahibi olmak isteyen vatanda\u015flar\u0131m\u0131z ve gayrimenkul projesi geli\u015ftiricilerinin bekledi\u011fi konut kampanyas\u0131 detaylar\u0131 4 ocak \u00e7ar\u015famba 2023 g\u00fcn\u00fc saat 10.00\u2019da duyurulacak.<\/p>\n<p>Ger\u00e7ekle\u015ftirilecek olan kampanya ile ilgili olarak \u00c7evre, \u015eehircilik ve \u0130klim De\u011fi\u015fikli\u011fi Bakanl\u0131\u011f\u0131ndan yap\u0131lan duyuru a\u00e7\u0131klamas\u0131nda \u015fu ifadeler yer ald\u0131:<\/p>\n<p><strong><em>\u201cSayg\u0131de\u011fer bas\u0131n mensuplar\u0131m\u0131z,<\/em><\/strong><\/p>\n<p><strong><em>\u00c7evre, \u015eehircilik ve \u0130klim De\u011fi\u015fikli\u011fi Bakan\u0131m\u0131z Say\u0131n Murat Kurum ve Hazine ve Maliye Bakan\u0131m\u0131z Say\u0131n Nurettin Nebati, bir s\u00fcredir \u00fczerinde \u00e7al\u0131\u015f\u0131lan ve son \u015fekli verilen&nbsp;Orta Gelirli ailelere y\u00f6nelik konut kampanyas\u0131na ili\u015fkin detaylar\u0131 4 Ocak \u00c7ar\u015famba g\u00fcn\u00fc saat 10.00\u2019da Ankara\u2019da yap\u0131lacak ortak bas\u0131n toplant\u0131s\u0131yla kamuoyuyla payla\u015facakt\u0131r.<\/em><\/strong><\/p>\n<p><strong><em>Toplant\u0131n\u0131n detaylar\u0131yla ilgili sizleri daha sonra bilgilendirece\u011fiz.<\/em><\/strong><br \/>\n<strong><em>\u00c7al\u0131\u015fmalar\u0131n\u0131zda kolayl\u0131klar diliyoruz.\u201d<\/em><\/strong><\/p>\n<\/div>\n<\/div>\n<div class=\"wpb_wrapper td_block_separator td_block_wrap vc_separator tdi_80 td_separator_solid td_separator_center\">&nbsp;<\/div>\n<div class=\"td_block_wrap tdb_single_post_share tdi_81 td-pb-border-top td_block_template_1\" data-td-block-uid=\"tdi_81\">\n<div id=\"tdi_81\" class=\"td-post-sharing tdb-block td-ps-bg td-ps-notext td-post-sharing-style1 \">\n<div class=\"td-post-sharing-visible\">\n<div class=\"td-social-sharing-button td-social-sharing-button-js td-social-handler td-social-share-text\">\n<div class=\"td-social-but-icon\">&nbsp;<\/div>\n<p>&nbsp;<\/p>\n<\/div>\n<\/div>\n<\/div>\n<\/div>\n","protected":false},"excerpt":{"rendered":"<p>2022 y\u0131l\u0131nda d\u00fc\u015f\u00fck gelirli vatanda\u015flar\u0131m\u0131z i\u00e7in ger\u00e7ekle\u015ftirilen Sosyal Konut kampanyas\u0131 sonras\u0131nda orta gelir ve \u00fcst gelir vatanda\u015flar\u0131m\u0131z i\u00e7in yap\u0131lmas\u0131 d\u00fc\u015f\u00fcn\u00fclen kampanyay\u0131 sab\u0131rla bekleyenler ev sahibi olmak isteyen vatanda\u015flar\u0131m\u0131z ve gayrimenkul projesi geli\u015ftiricilerinin bekledi\u011fi konut kampanyas\u0131 detaylar\u0131 4 ocak \u00e7ar\u015famba 2023 g\u00fcn\u00fc saat 10.00\u2019da duyurulacak. Ger\u00e7ekle\u015ftirilecek olan kampanya ile ilgili olarak \u00c7evre, \u015eehircilik ve \u0130klim De\u011fi\u015fikli\u011fi [&hellip;]<\/p>\n","protected":false},"author":1,"featured_media":22417,"comment_status":"open","ping_status":"open","sticky":false,"template":"","format":"standard","meta":{"ngg_post_thumbnail":0},"categories":[5388],"tags":[11497,16763],"_links":{"self":[{"href":"https:\/\/emlaktuel.com\/index.php?rest_route=\/wp\/v2\/posts\/41587"}],"collection":[{"href":"https:\/\/emlaktuel.com\/index.php?rest_route=\/wp\/v2\/posts"}],"about":[{"href":"https:\/\/emlaktuel.com\/index.php?rest_route=\/wp\/v2\/types\/post"}],"author":[{"embeddable":true,"href":"https:\/\/emlaktuel.com\/index.php?rest_route=\/wp\/v2\/users\/1"}],"replies":[{"embeddable":true,"href":"https:\/\/emlaktuel.com\/index.php?rest_route=%2Fwp%2Fv2%2Fcomments&post=41587"}],"version-history":[{"count":2,"href":"https:\/\/emlaktuel.com\/index.php?rest_route=\/wp\/v2\/posts\/41587\/revisions"}],"predecessor-version":[{"id":41589,"href":"https:\/\/emlaktuel.com\/index.php?rest_route=\/wp\/v2\/posts\/41587\/revisions\/41589"}],"wp:featuredmedia":[{"embeddable":true,"href":"https:\/\/emlaktuel.com\/index.php?rest_route=\/wp\/v2\/media\/22417"}],"wp:attachment":[{"href":"https:\/\/emlaktuel.com\/index.php?rest_route=%2Fwp%2Fv2%2Fmedia&parent=41587"}],"wp:term":[{"taxonomy":"category","embeddable":true,"href":"https:\/\/emlaktuel.com\/index.php?rest_route=%2Fwp%2Fv2%2Fcategories&post=41587"},{"taxonomy":"post_tag","embeddable":true,"href":"https:\/\/emlaktuel.com\/index.php?rest_route=%2Fwp%2Fv2%2Ftags&post=41587"}],"curies":[{"name":"wp","href":"https:\/\/api.w.org\/{rel}","templated":true}]}}