{"id":41420,"date":"2022-12-22T09:42:43","date_gmt":"2022-12-22T06:42:43","guid":{"rendered":"https:\/\/emlaktuel.com\/?p=41420"},"modified":"2022-12-22T09:42:43","modified_gmt":"2022-12-22T06:42:43","slug":"tersine-dunya-gokova-akyakadaki-yapilasma-cevrecileri-mutlu-etti","status":"publish","type":"post","link":"https:\/\/emlaktuel.com\/?p=41420","title":{"rendered":"Tersine D\u00fcnya! G\u00f6kova Akyaka\u2019daki Yap\u0131la\u015fma \u00c7evrecileri Mutlu Etti!"},"content":{"rendered":"<h4><strong>Arkeolojik Kaz\u0131lar Yap\u0131ld\u0131k\u00e7a Ortaya \u00c7\u0131kan Antik Kentler \u00c7evrecilere \u00dcmit Oldu!<\/strong><\/h4>\n<p>Mu\u011fla\u2019n\u0131n Ula \u0130l\u00e7esine ba\u011fl\u0131 Akyaka mahallesinde Idyma Antik Kenti\u2019nde kaz\u0131lar devam ettik\u00e7e Antik Kentler dolay\u0131s\u0131yla antik yap\u0131la\u015fma \u00e7o\u011fal\u0131yor. Ancak bu arkeolojik yap\u0131la\u015fma, turizmciler ve \u00e7evreciler i\u00e7in turizm ve do\u011fan\u0131n korunmas\u0131 demek olunca \u201cTersine D\u00fcnya\u201d ger\u00e7ek oldu! \u201cSakin Kent\u201d unvan\u0131na sahip Ula\u2019n\u0131n Akyaka Mahallesi\u2019ndeki Orta \u00c7a\u011f Kalesi\u2019nde yap\u0131lan arkeolojik kaz\u0131 \u00e7al\u0131\u015fmalar\u0131nda ge\u00e7ti\u011fimiz g\u00fcnlerde de 2 bin 700 y\u0131ll\u0131k kal\u0131nt\u0131lara ula\u015f\u0131l\u0131nca turizmciler ve \u00e7evrecilere yine g\u00fcn do\u011fdu. (MAG)<\/p>\n<h2><strong>Vali Geldi, Mu\u011fla\u2019n\u0131n Gizli De\u011ferleri G\u00fcn Y\u00fcz\u00fcne \u00c7\u0131kt\u0131<\/strong><\/h2>\n<p>Kaz\u0131lar b\u00fcy\u00fcd\u00fck\u00e7e turizmciler b\u00f6lgeye olan ilginin artt\u0131\u011f\u0131n\u0131, \u00e7evreciler ise Mu\u011fla valisi Orhan Tavl\u0131\u2019n\u0131n geldi\u011fi g\u00fcnden beri arkeolojik kaz\u0131lara verdi\u011fi \u00f6nemle antik yap\u0131lar\u0131n g\u00fcn y\u00fcz\u00fcne \u00e7\u0131karak, b\u00f6lgenin koruma alt\u0131na al\u0131nd\u0131\u011f\u0131n\u0131 bunun mutluluk verici bir durum oldu\u011funu belirttiler. Akyaka Mahallesi\u2019ndeki arkeolojik kaz\u0131 \u00e7al\u0131\u015fmalar\u0131nda 2 bin 700 y\u0131ll\u0131k kal\u0131nt\u0131lara ula\u015f\u0131lmas\u0131 \u00fczerine vatanda\u015flar ayn\u0131 konuda ayr\u0131 a\u00e7\u0131klamalarda bulundu\u2026<\/p>\n<h2><strong>Turizmciler \u201cB\u00f6lgeye \u0130lgi Artt\u0131!\u201d<\/strong><\/h2>\n<p>B\u00f6lge i\u015fletmecilerinden turizmci \u00d6zden Sanuk, \u201ck\u00fclt\u00fcrel miras\u0131m\u0131z\u0131n ortaya \u00e7\u0131kmas\u0131 ve korunmas\u0131 bizim i\u00e7in mutluluk verici. Ancak, bu kaz\u0131larla yerli ve yabanc\u0131 turist i\u00e7in b\u00f6lgenin de\u011feri daha da artt\u0131\u011f\u0131n\u0131n bilinmesi gerekir, biz bunu \u00e7ok iyi g\u00f6r\u00fcyoruz.. Turistler bu durumdan \u00e7ok memnun, belgeselciler ve film yap\u0131mc\u0131lar\u0131 b\u00f6lgenin karakterinin artmas\u0131 \u00fczerine Mu\u011fla\u2019ya ve Akyaka\u2019ya daha farkl\u0131 bakmaya ba\u015flad\u0131. Kaz\u0131lar\u0131n devam etmesi \u00e7ok \u00f6nemli\u201d dedi.<\/p>\n<h2><strong>\u00c7evreciler \u201cArkeolojik Kaz\u0131larla Do\u011fa Korunuyor, Gelece\u011fimiz Korunuyor!\u201d<\/strong><\/h2>\n<p>Marmaris KOD 48 \u00c7evre Koruma Derne\u011fi Ba\u015fkan\u0131 Murat Ersan ise \u201cTurizmin katma de\u011feri de\u011fil as\u0131l de\u011feri Akyaka i\u00e7in Mu\u011fla i\u00e7in bu kaz\u0131lar olmu\u015ftur. Turizm i\u00e7in yap\u0131lm\u0131\u015f olmas\u0131 gereken \u015feyler \u015fimdi yap\u0131l\u0131yor. Mu\u011fla\u2019n\u0131n ve Akyaka\u2019n\u0131n \u00e7ehresi bir anda de\u011fi\u015fti. Bu konuda Mu\u011fla Valisi say\u0131n Orhan Tavl\u0131\u2019ya hakk\u0131n\u0131 vermek gerekir. Ama \u00e7evreci olarak bu kaz\u0131lar\u0131n Mu\u011fla genelinde artmas\u0131 ile Mu\u011fla\u2019n\u0131n koruma alt\u0131na al\u0131nd\u0131\u011f\u0131n\u0131n da \u00fczerine basarak ifade etmem gerekir. Antik yap\u0131la\u015fma ortaya \u00e7\u0131kt\u0131k\u00e7a, do\u011faya zarar veren, Mu\u011fla\u2019ya yak\u0131\u015fmayan \u00e7imento, betondan olu\u015fan yap\u0131la\u015fmalar duruyor, in\u015faata izin verilmiyor. Vali Tavl\u0131\u2019n\u0131n arkeoloji \u00e7al\u0131\u015fmalar\u0131, hem ge\u00e7mi\u015fte sahip oldu\u011fumuz k\u00fclt\u00fcr\u00fcm\u00fcz\u00fc hem de torunlar\u0131m\u0131za b\u0131rakaca\u011f\u0131m\u0131z do\u011fay\u0131 koruyor. Umar\u0131z daha \u00e7ok kaz\u0131 yap\u0131l\u0131r ve Mu\u011fla do\u011fal kal\u0131r\u201d dedi.<\/p>\n<h2><strong>Mu\u011fla Valisi Orhan Tavl\u0131, Bulunan 2700 Y\u0131ll\u0131k Kal\u0131nt\u0131lar\u0131 \u0130nceledi<\/strong><\/h2>\n<p>Her afta Mu\u011fla\u2019daki antik kentleri dola\u015fmas\u0131yla bilinen Mu\u011fla Valisi Orhan Tavl\u0131, 2 bin 700 y\u0131ll\u0131k yeni kal\u0131nt\u0131lar\u0131n bulundu\u011fu Akyaka Orta \u00c7a\u011f Kalesinde de incelemelerde bulundu. Kaz\u0131 ba\u015fkan\u0131 ve Mu\u011fla S\u0131tk\u0131 Ko\u00e7man \u00dcniversitesi Arkeoloji B\u00f6l\u00fcm\u00fc \u00d6\u011fretim \u00dcyesi Prof. Dr. Abdulkadir Baran\u2019dan \u00e7al\u0131\u015fmalar hakk\u0131nda bilgi ald\u0131. Orta \u00c7a\u011f kalesinde yap\u0131lan arkeolojik \u00e7al\u0131\u015fmalar hakk\u0131nda bilgi veren Baran, kalenin duvarlar\u0131nda kaz\u0131 ve sa\u011flamla\u015ft\u0131rma \u00e7al\u0131\u015fmas\u0131 yapt\u0131klar\u0131n\u0131 belirterek, kalenin bulundu\u011fu alan\u0131n Idyma Antik Kenti\u2019nin bir mahallesi oldu\u011funu ve g\u00fcn\u00fcm\u00fczden 2 bin 700 y\u0131l \u00f6ncesine kadar kesintisiz s\u00fcren bir yerle\u015fimin bulundu\u011funun tespit edildi\u011fini s\u00f6yledi.<\/p>\n<h2><strong>Azmak, Antik \u00c7a\u011flarda Denizdi<\/strong><\/h2>\n<p>G\u00fcney yama\u00e7lar boyunca a\u015fa\u011f\u0131 k\u0131s\u0131mda bulunan bug\u00fcnk\u00fc Azmak Deresi do\u011fru yerle\u015fimin a\u015famalar halinde devam etti\u011fini belirten baran, Azmak deresinin bulundu\u011fu b\u00f6l\u00fcm\u00fcn antik \u00e7a\u011flarda deniz oldu\u011funu, Orta \u00c7a\u011f Kalesi yerle\u015fiminin de deniz k\u0131y\u0131s\u0131nda bir liman yerle\u015fimi oldu\u011funun tespit edildi\u011fini ifade etti. Yakla\u015f\u0131k 11. y\u00fczy\u0131lda garnizon olarak in\u015fa edilen Akyaka Orta \u00c7a\u011f Kalesinin k\u0131sa bir s\u00fcre sonra Sel\u00e7uklu beylikleri taraf\u0131ndan ele ge\u00e7irildi\u011fini ve kalenin son halinin bir yerle\u015fim haline geldi\u011finin tespit edildi\u011fini s\u00f6yleyen Baran, B\u00f6lgenin g\u00fcney k\u0131sm\u0131nda ise kaledeki askerlerin, d\u00fc\u015fmana g\u00f6r\u00fcnmeden temiz suya gizlice ula\u015fmak i\u00e7in kulland\u0131klar\u0131 d\u00fc\u015f\u00fcn\u00fclen bir t\u00fcnel bulundu\u011funu belirtti. T\u00fcnelin Akyaka Orta \u00c7a\u011f Kalesinin Kad\u0131n Azma\u011f\u0131 Deresi\u2019ne bakan b\u00f6l\u00fcm\u00fcnde toprak alt\u0131nda yer ald\u0131\u011f\u0131n\u0131 tonozlu t\u00fcnelin 60 metre uzunlu\u011funda, 2 metre geni\u015fli\u011finde ve merdivenli oldu\u011funu belirten Baran, T\u00fcnelin 20-30 metrelik b\u00f6l\u00fcm\u00fc \u00e7ok iyi korunmu\u015f. T\u00fcnelin kalan k\u0131sm\u0131nda kaz\u0131 ve onar\u0131m \u00e7al\u0131\u015fmalar\u0131 yapt\u0131k.\u201d diye konu\u015ftu.<\/p>\n<h2><strong>\u201cKaz\u0131ya K\u00fclt\u00fcr ve Turizm Bakanl\u0131\u011f\u0131n\u0131n izni, Mu\u011fla Valili\u011fi Yat\u0131r\u0131m \u0130zleme ve Koordinasyon Ba\u015fkanl\u0131\u011f\u0131\u2019n\u0131n Deste\u011fi\u201d<\/strong><\/h2>\n<p>Mu\u011fla\u2019n\u0131n Tarih ve K\u00fclt\u00fcr Turizmi altyap\u0131s\u0131n\u0131n g\u00fc\u00e7lendirilmesi kapsam\u0131nda antik kentlerdeki \u00e7al\u0131\u015fmalar\u0131n Mu\u011fla Valili\u011fi Yat\u0131r\u0131m \u0130zleme ve Koordinasyon Ba\u015fkanl\u0131\u011f\u0131nca desteklendi\u011fini belirten Mu\u011fla Valisi Orhan Tavl\u0131 yap\u0131lan \u00e7al\u0131\u015fmalarla tarihi ve k\u00fclt\u00fcrel zenginliklerimiz g\u00fcn y\u00fcz\u00fcne \u00e7\u0131karken ortaya \u00e7\u0131kan eserlerin korunarak gelece\u011fe aktar\u0131ld\u0131\u011f\u0131n\u0131, di\u011fer yandan da tarih ve k\u00fclt\u00fcr turizmi altyap\u0131s\u0131n\u0131n g\u00fc\u00e7lendirildi\u011fini ifade etti.<\/p>\n<h2><strong>Vali Orhan Tavl\u0131\u2019n\u0131n \u0130ncelemelerine E\u015flik Ettiler<\/strong><\/h2>\n<p>\u0130dyma Antik Kenti Akyaka Orta \u00c7a\u011f Kalesi incelemelerinde Mu\u011fla Valisi Orhan Tavl\u0131\u2019ya Ula Kaymakam\u0131 Baha Ba\u015f\u00e7elik, Mu\u011fla K\u00fclt\u00fcr ve Turizm \u0130l M\u00fcd\u00fcr\u00fc H\u00fcseyin Toprak Mu\u011fla Ticaret ve Sanayi Odas\u0131 Meclis Ba\u015fkan\u0131 Koray \u00d6zcan, Mu\u011fla Ticaret Borsas\u0131 Ba\u015fkan\u0131 Hur\u015fit \u00d6zt\u00fcrk, Y\u00fccelen \u015eirketler Gurubu Y\u00f6netim Kurulu Ba\u015fkan\u0131 Hamdi Y\u00fccel G\u00fcrsoy ve Akyaka Muhtar\u0131 Feridun \u00d6zsoy kat\u0131ld\u0131. (MAG)<\/p>\n","protected":false},"excerpt":{"rendered":"<p>Arkeolojik Kaz\u0131lar Yap\u0131ld\u0131k\u00e7a Ortaya \u00c7\u0131kan Antik Kentler \u00c7evrecilere \u00dcmit Oldu! Mu\u011fla\u2019n\u0131n Ula \u0130l\u00e7esine ba\u011fl\u0131 Akyaka mahallesinde Idyma Antik Kenti\u2019nde kaz\u0131lar devam ettik\u00e7e Antik Kentler dolay\u0131s\u0131yla antik yap\u0131la\u015fma \u00e7o\u011fal\u0131yor. Ancak bu arkeolojik yap\u0131la\u015fma, turizmciler ve \u00e7evreciler i\u00e7in turizm ve do\u011fan\u0131n korunmas\u0131 demek olunca \u201cTersine D\u00fcnya\u201d ger\u00e7ek oldu! \u201cSakin Kent\u201d unvan\u0131na sahip Ula\u2019n\u0131n Akyaka Mahallesi\u2019ndeki Orta \u00c7a\u011f [&hellip;]<\/p>\n","protected":false},"author":1,"featured_media":41421,"comment_status":"open","ping_status":"open","sticky":false,"template":"","format":"standard","meta":{"ngg_post_thumbnail":0},"categories":[5388],"tags":[16712,13876,16714,16715,13613,16713],"_links":{"self":[{"href":"https:\/\/emlaktuel.com\/index.php?rest_route=\/wp\/v2\/posts\/41420"}],"collection":[{"href":"https:\/\/emlaktuel.com\/index.php?rest_route=\/wp\/v2\/posts"}],"about":[{"href":"https:\/\/emlaktuel.com\/index.php?rest_route=\/wp\/v2\/types\/post"}],"author":[{"embeddable":true,"href":"https:\/\/emlaktuel.com\/index.php?rest_route=\/wp\/v2\/users\/1"}],"replies":[{"embeddable":true,"href":"https:\/\/emlaktuel.com\/index.php?rest_route=%2Fwp%2Fv2%2Fcomments&post=41420"}],"version-history":[{"count":1,"href":"https:\/\/emlaktuel.com\/index.php?rest_route=\/wp\/v2\/posts\/41420\/revisions"}],"predecessor-version":[{"id":41422,"href":"https:\/\/emlaktuel.com\/index.php?rest_route=\/wp\/v2\/posts\/41420\/revisions\/41422"}],"wp:featuredmedia":[{"embeddable":true,"href":"https:\/\/emlaktuel.com\/index.php?rest_route=\/wp\/v2\/media\/41421"}],"wp:attachment":[{"href":"https:\/\/emlaktuel.com\/index.php?rest_route=%2Fwp%2Fv2%2Fmedia&parent=41420"}],"wp:term":[{"taxonomy":"category","embeddable":true,"href":"https:\/\/emlaktuel.com\/index.php?rest_route=%2Fwp%2Fv2%2Fcategories&post=41420"},{"taxonomy":"post_tag","embeddable":true,"href":"https:\/\/emlaktuel.com\/index.php?rest_route=%2Fwp%2Fv2%2Ftags&post=41420"}],"curies":[{"name":"wp","href":"https:\/\/api.w.org\/{rel}","templated":true}]}}