{"id":41417,"date":"2022-12-21T11:40:00","date_gmt":"2022-12-21T08:40:00","guid":{"rendered":"https:\/\/emlaktuel.com\/?p=41417"},"modified":"2022-12-21T11:40:00","modified_gmt":"2022-12-21T08:40:00","slug":"karmar-sakurada-faiz-sifirlandi","status":"publish","type":"post","link":"https:\/\/emlaktuel.com\/?p=41417","title":{"rendered":"Karmar Sakura&#8217;da faiz s\u0131f\u0131rland\u0131"},"content":{"rendered":"<p><b>Aral\u0131k kampanyas\u0131nda finansal \u0130MECE\u2019le\u015fme sistemiyle ev sahibi yap\u0131yor<\/b><\/p>\n<p><b>KARMAR SAKURA EVLER\u0130NDE <\/b><b>60 AY VADEDE <\/b><b>FA\u0130Z SIFIRLANDI<\/b><\/p>\n<p><b>Y\u00fckselen kredi faizleri ve bankalar\u0131n kredi limitlerini daraltmas\u0131 nedeniyle ev sahibi olmakta zorlanan yerli yat\u0131r\u0131mc\u0131ya Karmar A\u015e\u2019den finansman deste\u011fi geldi. Aral\u0131k ay\u0131nda Karmar Sakura konutlar\u0131ndan almak isteyenler, \u0130MECE arac\u0131l\u0131\u011f\u0131yla 60 ay vade s\u0131f\u0131r faizle ev sahibi oluyor. S\u0131n\u0131rl\u0131 s\u00fcreyle ge\u00e7erli kampanya, s\u0131n\u0131rl\u0131 say\u0131da konuta uygulanacak.<\/b><\/p>\n<p><span style=\"font-weight: 400;\">\u0130stanbul Bas\u0131n Ekspres yolunda aile konseptinde in\u015fa etti\u011fi Karmar Sakura evlerinde yabanc\u0131lar\u0131n ilgisi ile kar\u015f\u0131la\u015fan Karmar A\u015e, y\u00fcksek kredi faizi ve bankalar\u0131n kredi tahsisini daraltmas\u0131 nedeniyle zorlanan yerli m\u00fc\u015fteriler i\u00e7in s\u0131n\u0131rl\u0131 s\u00fcreli bir kampanya sunuyor.<\/span><\/p>\n<p><span style=\"font-weight: 400;\">BDDK lisansl\u0131 ilk tasarruf finansman kurulu\u015flar\u0131ndan olan \u0130MECE i\u015fbirli\u011finde ger\u00e7ekle\u015fen kampanya sayesinde, Karmar Sakura\u2019dan ev almak isteyenler Aral\u0131k ay\u0131 sonuna kadar harekete ge\u00e7meleri halinde 60 ay vadede s\u0131f\u0131r faizle bu hayallerini ger\u00e7ekle\u015ftirebiliyor. Kampanya s\u0131n\u0131rl\u0131 say\u0131da konut i\u00e7in ge\u00e7erli olacak.<\/span><\/p>\n<h2><b>\u201cKredi engeli kalkmadan al\u0131c\u0131lar konuta eri\u015femiyor\u201d<\/b><\/h2>\n<p><span style=\"font-weight: 400;\">Kampanya hakk\u0131nda bilgi veren Karmar A\u015e \u0130cra Kurulu Ba\u015fkan\u0131 Emrullah Yedikarde\u015f, \u201cSat\u0131\u015f ofisimize gelen bir\u00e7ok yerli m\u00fc\u015fterimiz banka kredisi ba\u015fvurusu sonras\u0131 vazge\u00e7mek zorunda kald\u0131lar. Zaten resmi konut sat\u0131\u015f rakamlar\u0131 da T\u00fcrkiye\u2019de ipotekli sat\u0131\u015f dedi\u011fimiz banka kredili sat\u0131\u015flarda y\u0131ll\u0131k y\u00fczde 42 oran\u0131nda gerileme oldu\u011funu ortaya koyuyor. Kredi engeli kald\u0131r\u0131lmadan bu d\u00f6nemde m\u00fc\u015fterilerin konuta eri\u015fimi zor g\u00f6r\u00fcn\u00fcyor. Biz de bu durumu dikkate alarak, en az\u0131ndan \u015fu anda kendisini ev almaya haz\u0131r hissedenlerin 2023 y\u0131l\u0131na ev sahibi olarak girebilmesi ad\u0131na, k\u0131sa s\u00fcreli\u011fine faizi s\u0131f\u0131rlayan bir kampanya yapt\u0131k\u201d dedi.<\/span><\/p>\n<h2><b>Aral\u0131k sonuna kadar ge\u00e7erli<\/b><\/h2>\n<p><span style=\"font-weight: 400;\">\u0130MECE ile yap\u0131lan i\u015fbirli\u011fi kapsam\u0131nda Karmar olarak \u00f6zveride bulunduklar\u0131n\u0131 ve 60 ay vadede faizi s\u0131f\u0131rlad\u0131klar\u0131n\u0131 anlatan Emrullah Yedikarde\u015f, kampanyan\u0131n Aral\u0131k ay\u0131 sonuna kadar ge\u00e7erli olaca\u011f\u0131n\u0131 s\u00f6yledi.&nbsp; Emrullah Yedikarde\u015f Karmar Sakura kampanyas\u0131ndan faydalanmak isteyenler do\u011frudan \u0130MECE \u015firketine ba\u015fvurabilece\u011fi gibi, Karmar Sakura sat\u0131\u015f ofisine gelmeleri halinde m\u00fc\u015fteri temsilcilerinin kendilerine yard\u0131mc\u0131 olaca\u011f\u0131n\u0131 a\u00e7\u0131klad\u0131.<\/span><\/p>\n<h2><b>Kredi kampanyas\u0131 \u00f6zel sekt\u00f6r\u00fc de kapsamal\u0131<\/b><\/h2>\n<p><span style=\"font-weight: 400;\">Karmar A\u015e \u0130cra Kurulu Ba\u015fkan\u0131 Emrullah Yedikarde\u015f \u015firketlerin bu t\u00fcr destekleri s\u0131n\u0131rs\u0131z ve uzun s\u00fcreli vermelerinin zor oldu\u011funa dikkati \u00e7ekerken, piyasa olarak beklenen gelire g\u00f6re faizi belirleyen uygun kredi kampanyas\u0131n\u0131n sadece TOK\u0130 ve Emlak Konut konutlar\u0131n\u0131 de\u011fil, \u00f6zel sekt\u00f6r\u00fcn in\u015faat\u0131 devam eden konutlar\u0131n\u0131 da kapsamas\u0131 dile\u011finde bulundu. Emrullah Yedikarde\u015f ancak o zaman sekt\u00f6r\u00fcn genelini rahatlatacak bir ad\u0131m at\u0131lm\u0131\u015f olaca\u011f\u0131n\u0131 dile getirdi.<\/span><\/p>\n<p><span style=\"font-weight: 400;\">Karmar Sakura\u2019ya y\u00f6nelik yabanc\u0131 ilgisinden de bahseden Emrullah Yedikarde\u015f <\/span><span style=\"font-weight: 400;\">yaz <\/span><span style=\"font-weight: 400;\">mevsiminden bu yana Tatarlar, Kazaklar, \u00c7erkez, Da\u011f\u0131stanl\u0131 ve \u00c7e\u00e7en gibi toplumlardan ailelerin al\u0131m yapt\u0131\u011f\u0131n\u0131 s\u00f6yledi. Emrullah Yedikarde\u015f \u201cAile mahremiyetine \u00f6nem veren, muhafazakar aileleri d\u00fc\u015f\u00fcnerek tasarlanan projemizde a\u011f\u0131rl\u0131kl\u0131 olarak M\u00fcsl\u00fcman Ruslar\u0131n ilgisini g\u00f6zl\u00fcyoruz\u201d dedi.<\/span><span style=\"font-weight: 400;\">&nbsp;<\/span><\/p>\n","protected":false},"excerpt":{"rendered":"<p>Aral\u0131k kampanyas\u0131nda finansal \u0130MECE\u2019le\u015fme sistemiyle ev sahibi yap\u0131yor KARMAR SAKURA EVLER\u0130NDE 60 AY VADEDE FA\u0130Z SIFIRLANDI Y\u00fckselen kredi faizleri ve bankalar\u0131n kredi limitlerini daraltmas\u0131 nedeniyle ev sahibi olmakta zorlanan yerli yat\u0131r\u0131mc\u0131ya Karmar A\u015e\u2019den finansman deste\u011fi geldi. Aral\u0131k ay\u0131nda Karmar Sakura konutlar\u0131ndan almak isteyenler, \u0130MECE arac\u0131l\u0131\u011f\u0131yla 60 ay vade s\u0131f\u0131r faizle ev sahibi oluyor. S\u0131n\u0131rl\u0131 s\u00fcreyle [&hellip;]<\/p>\n","protected":false},"author":1,"featured_media":40335,"comment_status":"open","ping_status":"open","sticky":false,"template":"","format":"standard","meta":{"ngg_post_thumbnail":0},"categories":[5388],"tags":[16406],"_links":{"self":[{"href":"https:\/\/emlaktuel.com\/index.php?rest_route=\/wp\/v2\/posts\/41417"}],"collection":[{"href":"https:\/\/emlaktuel.com\/index.php?rest_route=\/wp\/v2\/posts"}],"about":[{"href":"https:\/\/emlaktuel.com\/index.php?rest_route=\/wp\/v2\/types\/post"}],"author":[{"embeddable":true,"href":"https:\/\/emlaktuel.com\/index.php?rest_route=\/wp\/v2\/users\/1"}],"replies":[{"embeddable":true,"href":"https:\/\/emlaktuel.com\/index.php?rest_route=%2Fwp%2Fv2%2Fcomments&post=41417"}],"version-history":[{"count":1,"href":"https:\/\/emlaktuel.com\/index.php?rest_route=\/wp\/v2\/posts\/41417\/revisions"}],"predecessor-version":[{"id":41418,"href":"https:\/\/emlaktuel.com\/index.php?rest_route=\/wp\/v2\/posts\/41417\/revisions\/41418"}],"wp:featuredmedia":[{"embeddable":true,"href":"https:\/\/emlaktuel.com\/index.php?rest_route=\/wp\/v2\/media\/40335"}],"wp:attachment":[{"href":"https:\/\/emlaktuel.com\/index.php?rest_route=%2Fwp%2Fv2%2Fmedia&parent=41417"}],"wp:term":[{"taxonomy":"category","embeddable":true,"href":"https:\/\/emlaktuel.com\/index.php?rest_route=%2Fwp%2Fv2%2Fcategories&post=41417"},{"taxonomy":"post_tag","embeddable":true,"href":"https:\/\/emlaktuel.com\/index.php?rest_route=%2Fwp%2Fv2%2Ftags&post=41417"}],"curies":[{"name":"wp","href":"https:\/\/api.w.org\/{rel}","templated":true}]}}