{"id":41269,"date":"2022-12-13T13:34:38","date_gmt":"2022-12-13T10:34:38","guid":{"rendered":"https:\/\/emlaktuel.com\/?p=41269"},"modified":"2022-12-13T13:34:38","modified_gmt":"2022-12-13T10:34:38","slug":"imsad-yerli-malinin-oneminin-her-gun-daha-da-artacagi-bir-surec-icindeyiz","status":"publish","type":"post","link":"https:\/\/emlaktuel.com\/?p=41269","title":{"rendered":"\u0130MSAD: \u201cYerli mal\u0131n\u0131n \u00f6neminin her g\u00fcn daha da artaca\u011f\u0131 bir s\u00fcre\u00e7 i\u00e7indeyiz\u201d"},"content":{"rendered":"<p><strong>\u201cYerli mal\u0131n\u0131n \u00f6neminin her g\u00fcn daha da artaca\u011f\u0131 bir s\u00fcre\u00e7 i\u00e7indeyiz\u201d<\/strong><\/p>\n<p><strong>\u0130n\u015faat malzemesi sekt\u00f6r\u00fcn\u00fcn \u00e7at\u0131 \u00f6rg\u00fct\u00fc T\u00fcrkiye \u0130MSAD,&nbsp;<\/strong><strong>\u2018Tutum, Yat\u0131r\u0131m ve T\u00fcrk Mallar\u0131 Haftas\u0131\u2019 dolay\u0131s\u0131yla yerli mal\u0131 kullan\u0131m\u0131n\u0131n \u00f6nemine dikkat \u00e7eken bir a\u00e7\u0131klama yapt\u0131. T\u00fcrkiye \u0130MSAD Y\u00f6netim Kurulu Ba\u015fkan\u0131 Tayfun K\u00fc\u00e7\u00fcko\u011flu, \u201c<\/strong><strong>Sekt\u00f6r olarak \u00fcretti\u011fimiz \u00fcr\u00fcnlerimizin kalite ve y\u00fcksek performans\u0131n\u0131 korumal\u0131 ve yakalad\u0131\u011f\u0131m\u0131z ivmeyi daha da ileriye ta\u015f\u0131mak i\u00e7in teknoloji ve Ar-Ge \u00e7al\u0131\u015fmalar\u0131na daha fazla \u00f6nem vermeliyiz.&nbsp;Do\u011fru malzemenin do\u011fru uygulanmas\u0131 ile sekt\u00f6r\u00fcm\u00fcz\u00fcn geli\u015fimine y\u00fcksek katk\u0131 sa\u011flayabiliriz\u201d dedi.<\/strong><\/p>\n<p>12-18 Aral\u0131k&nbsp;<strong>\u2018Tutum, Yat\u0131r\u0131m ve T\u00fcrk Mallar\u0131 Haftas\u0131&nbsp;<\/strong>dolay\u0131s\u0131yla bir a\u00e7\u0131klama yapan<strong>&nbsp;T\u00fcrkiye \u0130MSAD<\/strong>&nbsp;<strong>(T\u00fcrkiye \u0130n\u015faat Malzemesi Sanayicileri Derne\u011fi)<\/strong>&nbsp;<strong>Y\u00f6netim Kurulu Ba\u015fkan\u0131 Tayfun K\u00fc\u00e7\u00fcko\u011flu,&nbsp;<\/strong>\u201cT\u00fcrkiye in\u015faat malzemeleri sanayisi, \u00fclkemizin d\u00fcnya \u00e7ap\u0131nda rekabet edebildi\u011fi sekt\u00f6rlerin ba\u015f\u0131nda geliyor. Sekt\u00f6r\u00fcm\u00fcz, bug\u00fcn d\u00fcnyan\u0131n geli\u015fmi\u015f \u00fclkeleri dahil 200\u2019e yak\u0131n \u00fclkeye, ithalat\u0131n\u0131n&nbsp;<strong>3<\/strong>&nbsp;misli ihracat yaparak \u00fclkemizin geli\u015fimine kritik fayda sa\u011fl\u0131yor. 2021 verileriyle&nbsp;<strong>63,3<\/strong>&nbsp;milyar dolar i\u00e7 pazar b\u00fcy\u00fckl\u00fc\u011f\u00fcne sahip olan in\u015faat malzemesi sanayisi,&nbsp;<strong>30,8<\/strong>&nbsp;milyar dolar ile T\u00fcrkiye&#8217;nin ihracat lideri sekt\u00f6rleri aras\u0131nda bulunuyor. Yakla\u015f\u0131k&nbsp;<strong>65<\/strong>&nbsp;milyon ton ihracat ger\u00e7ekle\u015ftirilirken toplam ihracat i\u00e7inde in\u015faat malzemelerinin pay\u0131 y\u00fczde&nbsp;<strong>13,7<\/strong>&nbsp;olarak ger\u00e7ekle\u015fti. Sekt\u00f6r\u00fcm\u00fcz\u00fcn cari a\u00e7\u0131\u011fa pozitif katk\u0131s\u0131 ise y\u00fczde&nbsp;<strong>358&nbsp;<\/strong>oldu. 2022 y\u0131l\u0131n\u0131 da yakla\u015f\u0131k&nbsp;<strong>35&nbsp;<\/strong>milyar dolar ihracat b\u00fcy\u00fckl\u00fc\u011f\u00fc ile tamamlayaca\u011f\u0131m\u0131z\u0131 tahmin ediyoruz. Pandemi ve Rusya -Ukrayna sava\u015f\u0131 ile enerji, hammadde ve nakliye fiyatlar\u0131nda beklenmedik fiyat art\u0131\u015flar\u0131 ile kar\u015f\u0131 kar\u015f\u0131ya kald\u0131k. Yurt i\u00e7indeki ekonomik geli\u015fmeler de \u00fcr\u00fcn maliyetlerini \u00f6nemli \u00f6l\u00e7\u00fcde art\u0131rd\u0131. De\u011fi\u015fen dengeler a\u00e7\u0131s\u0131ndan ele ald\u0131\u011f\u0131m\u0131zda yerli mal\u0131 kullan\u0131m\u0131n\u0131n \u00f6nemini \u00e7ok fazla hissetti\u011fimiz, d\u0131\u015fa ba\u011f\u0131ml\u0131l\u0131\u011f\u0131n g\u00fc\u00e7l\u00fcklerini ya\u015fad\u0131\u011f\u0131m\u0131z bir y\u0131l oldu. Yerli mal\u0131n\u0131 bu anlamda sadece \u00fcr\u00fcn baz\u0131nda de\u011fil, enerji kayna\u011f\u0131, hammadde gibi sekt\u00f6r\u00fcm\u00fcz girdileri a\u00e7\u0131s\u0131ndan da \u201cbir yakla\u015f\u0131m\u201d olarak ele almal\u0131y\u0131z\u201d \u015feklinde konu\u015ftu.&nbsp;<\/p>\n<p>\u0130\u00e7 pazarda yerli malzemeye duyulan g\u00fcvenin her ge\u00e7en g\u00fcn artt\u0131\u011f\u0131na dikkat \u00e7eken&nbsp;<strong>Tayfun K\u00fc\u00e7\u00fcko\u011flu,<\/strong>&nbsp;\u201cSekt\u00f6r olarak \u00fcretti\u011fimiz \u00fcr\u00fcnlerimizin kalite ve y\u00fcksek performans\u0131n\u0131 korumal\u0131 ve yakalad\u0131\u011f\u0131m\u0131z ivmeyi daha da ileriye ta\u015f\u0131mak i\u00e7in teknoloji ve Ar-Ge \u00e7al\u0131\u015fmalar\u0131na daha fazla \u00f6nem vermeliyiz. T\u00fcrk in\u015faat malzemesi sanayisi kapasite bak\u0131m\u0131ndan gerek yurt i\u00e7i gerek yurt d\u0131\u015f\u0131 y\u00fcksek talebi kar\u015f\u0131layacak g\u00fcce ve inovatif anlay\u0131\u015fa sahip. Bu nedenle sekt\u00f6r\u00fcm\u00fcz\u00fcn gelecek potansiyelini \u00e7ok y\u00fcksek g\u00f6r\u00fcyoruz\u201d dedi.<\/p>\n<h2><strong>\u201c\u0130thalat\u0131 azaltma potansiyeline sahibiz\u201d<\/strong><\/h2>\n<p>T\u00fcrkiye\u2019deki in\u015faatlarda yerli \u00fcr\u00fcn&nbsp;kullan\u0131m\u0131n\u0131n daha da artmas\u0131 gerekti\u011fini s\u00f6yleyen&nbsp;<strong>Tayfun K\u00fc\u00e7\u00fcko\u011flu<\/strong>, \u201c\u0130hracat portf\u00f6y\u00fcm\u00fcz, kapasitemiz, rekabet\u00e7ilik g\u00fcc\u00fcm\u00fcz ve inovasyon vizyonumuzla in\u015faat malzemeleri ithalat\u0131n\u0131 azaltma potansiyeline sahibiz. \u0130htiyac\u0131m\u0131z, Ar-Ge faaliyetlerimizin daha da geli\u015ftirilmesi, ithal \u00fcr\u00fcn kullan\u0131m\u0131n\u0131n daha s\u0131n\u0131rl\u0131 bir alanda kalmas\u0131n\u0131n sa\u011flanmas\u0131 ve ayn\u0131 zamanda ihracat\u0131m\u0131z\u0131n geli\u015fimine de katk\u0131 verilmesidir\u201d ifadelerini kulland\u0131.<\/p>\n<p>Deprem ku\u015fa\u011f\u0131nda bulunan \u00fclkemizdeki yap\u0131larda do\u011fru malzemenin do\u011fru \u015fekilde uygulanmas\u0131n\u0131n \u00f6nemini vurgulayan&nbsp;<strong>Tayfun K\u00fc\u00e7\u00fcko\u011flu<\/strong>, \u201cUygulamalar\u0131n takibi konusunda kamu otoritesinin yan\u0131 s\u0131ra sivil toplum kurulu\u015flar\u0131na da \u00f6nemli g\u00f6revler d\u00fc\u015f\u00fcyor. Nitelikli \u00fcr\u00fcnlerimizi korumak, haks\u0131z rekabetin \u00f6n\u00fcne ge\u00e7mek i\u00e7in denetim ve kalitenin devaml\u0131l\u0131\u011f\u0131n\u0131n sa\u011flanmas\u0131 \u00e7ok \u00f6nemli. Tutum, Yat\u0131r\u0131m ve T\u00fcrk Mallar\u0131 Haftas\u0131\u2019nda, yerli de\u011ferlerimizin k\u0131ymetini bilerek geli\u015ftirmelerimizi buna g\u00f6re yaparsak \u00fclkemizin geli\u015fimini de destekleriz\u201d dedi.&nbsp;<\/p>\n","protected":false},"excerpt":{"rendered":"<p>\u201cYerli mal\u0131n\u0131n \u00f6neminin her g\u00fcn daha da artaca\u011f\u0131 bir s\u00fcre\u00e7 i\u00e7indeyiz\u201d \u0130n\u015faat malzemesi sekt\u00f6r\u00fcn\u00fcn \u00e7at\u0131 \u00f6rg\u00fct\u00fc T\u00fcrkiye \u0130MSAD,&nbsp;\u2018Tutum, Yat\u0131r\u0131m ve T\u00fcrk Mallar\u0131 Haftas\u0131\u2019 dolay\u0131s\u0131yla yerli mal\u0131 kullan\u0131m\u0131n\u0131n \u00f6nemine dikkat \u00e7eken bir a\u00e7\u0131klama yapt\u0131. T\u00fcrkiye \u0130MSAD Y\u00f6netim Kurulu Ba\u015fkan\u0131 Tayfun K\u00fc\u00e7\u00fcko\u011flu, \u201cSekt\u00f6r olarak \u00fcretti\u011fimiz \u00fcr\u00fcnlerimizin kalite ve y\u00fcksek performans\u0131n\u0131 korumal\u0131 ve yakalad\u0131\u011f\u0131m\u0131z ivmeyi daha da ileriye [&hellip;]<\/p>\n","protected":false},"author":1,"featured_media":33633,"comment_status":"open","ping_status":"open","sticky":false,"template":"","format":"standard","meta":{"ngg_post_thumbnail":0},"categories":[5388],"tags":[8735],"_links":{"self":[{"href":"https:\/\/emlaktuel.com\/index.php?rest_route=\/wp\/v2\/posts\/41269"}],"collection":[{"href":"https:\/\/emlaktuel.com\/index.php?rest_route=\/wp\/v2\/posts"}],"about":[{"href":"https:\/\/emlaktuel.com\/index.php?rest_route=\/wp\/v2\/types\/post"}],"author":[{"embeddable":true,"href":"https:\/\/emlaktuel.com\/index.php?rest_route=\/wp\/v2\/users\/1"}],"replies":[{"embeddable":true,"href":"https:\/\/emlaktuel.com\/index.php?rest_route=%2Fwp%2Fv2%2Fcomments&post=41269"}],"version-history":[{"count":1,"href":"https:\/\/emlaktuel.com\/index.php?rest_route=\/wp\/v2\/posts\/41269\/revisions"}],"predecessor-version":[{"id":41270,"href":"https:\/\/emlaktuel.com\/index.php?rest_route=\/wp\/v2\/posts\/41269\/revisions\/41270"}],"wp:featuredmedia":[{"embeddable":true,"href":"https:\/\/emlaktuel.com\/index.php?rest_route=\/wp\/v2\/media\/33633"}],"wp:attachment":[{"href":"https:\/\/emlaktuel.com\/index.php?rest_route=%2Fwp%2Fv2%2Fmedia&parent=41269"}],"wp:term":[{"taxonomy":"category","embeddable":true,"href":"https:\/\/emlaktuel.com\/index.php?rest_route=%2Fwp%2Fv2%2Fcategories&post=41269"},{"taxonomy":"post_tag","embeddable":true,"href":"https:\/\/emlaktuel.com\/index.php?rest_route=%2Fwp%2Fv2%2Ftags&post=41269"}],"curies":[{"name":"wp","href":"https:\/\/api.w.org\/{rel}","templated":true}]}}