{"id":41255,"date":"2022-12-13T13:38:10","date_gmt":"2022-12-13T10:38:10","guid":{"rendered":"https:\/\/emlaktuel.com\/?p=41255"},"modified":"2022-12-13T20:33:52","modified_gmt":"2022-12-13T17:33:52","slug":"bakan-murat-kurumdan-orta-gelir-grubuna-konut-mujdesi","status":"publish","type":"post","link":"https:\/\/emlaktuel.com\/?p=41255","title":{"rendered":"Bakan Murat Kurum&#8217;dan Orta Gelir Grubuna Konut M\u00fcjdesi"},"content":{"rendered":"<div class=\"td_block_wrap tdb_single_content tdi_75 td-pb-border-top td_block_template_1 td-post-content tagdiv-type\" data-td-block-uid=\"tdi_75\">\n<div class=\"tdb-block-inner td-fix-index\">\n<p><strong>\u00c7evre, \u015eehircilik ve \u0130klim De\u011fi\u015fikli\u011fi Bakan\u0131 Murat Kurum, orta gelir grubuna y\u00f6nelik bir \u00e7al\u0131\u015fma ba\u015flatt\u0131klar\u0131n\u0131 duyurarak gelire g\u00f6re farkl\u0131 faiz oranlar\u0131 \u00fczerinde \u00e7al\u0131\u015ft\u0131klar\u0131n\u0131, bununla ilgili \u00f6n\u00fcm\u00fczdeki g\u00fcnlerde a\u00e7\u0131klama yap\u0131lacaklar\u0131n\u0131 s\u00f6yledi.<\/strong><\/p>\n<p>Hazine ve Maliye Bakanl\u0131\u011f\u0131 Bakanl\u0131\u011f\u0131 ile birlikte bir \u00e7al\u0131\u015fma yapt\u0131kldr\u0131n\u0131, en k\u0131sa s\u00fcrede orta gelirli vatanda\u015flar\u0131m\u0131za y\u00f6nelik konut projesine ili\u015fkin detayl\u0131 bir a\u00e7\u0131klama yapacaklar\u0131n\u0131 s\u00f6yleyen Bakan Murat Kurum, konut kredilerinde ise vatanda\u015flar\u0131n gelirine g\u00f6re \u00e7ok farkl\u0131 bir faiz oran\u0131 uygulamas\u0131n\u0131 ba\u015flatacaklar\u0131n\u0131, bununla da ilgili \u00e7al\u0131\u015fmalar yapt\u0131klar\u0131n\u0131 belirtti.<\/p>\n<p>Konut fiyatlar\u0131 art\u0131k dengelediklerini, biraz a\u015fa\u011f\u0131 \u00e7ektiklerini ve yeniden bunun tekrar yukar\u0131lara \u00e7ekilmesini istemediklerini belirten Bakan Kurum, <strong><em>\u201cOrta gelirliye y\u00f6nelik kampanyan\u0131n amac\u0131na ula\u015fmas\u0131 i\u00e7in \u00e7al\u0131\u015f\u0131yoruz. Fiyatlar\u0131 olumsuz y\u00f6nde etkilemesini istemiyoruz. Kampanyayla talebi y\u00f6netip proje arz\u0131n\u0131n art\u0131r\u0131lmas\u0131 laz\u0131m. \u0130kisini ayn\u0131 anda yapmazsak evlerin fiyatlar\u0131 y\u00fckselir. Ev fiyatlar\u0131n\u0131n artmamas\u0131 i\u00e7in titiz \u00e7al\u0131\u015fma y\u00fcr\u00fct\u00fcyoruz\u201d<\/em><\/strong> \u015feklinde konu\u015ftu.<\/p>\n<\/div>\n<\/div>\n<div class=\"wpb_wrapper td_block_separator td_block_wrap vc_separator tdi_80 td_separator_solid td_separator_center\">&nbsp;<\/div>\n","protected":false},"excerpt":{"rendered":"<p>\u00c7evre, \u015eehircilik ve \u0130klim De\u011fi\u015fikli\u011fi Bakan\u0131 Murat Kurum, orta gelir grubuna y\u00f6nelik bir \u00e7al\u0131\u015fma ba\u015flatt\u0131klar\u0131n\u0131 duyurarak gelire g\u00f6re farkl\u0131 faiz oranlar\u0131 \u00fczerinde \u00e7al\u0131\u015ft\u0131klar\u0131n\u0131, bununla ilgili \u00f6n\u00fcm\u00fczdeki g\u00fcnlerde a\u00e7\u0131klama yap\u0131lacaklar\u0131n\u0131 s\u00f6yledi. Hazine ve Maliye Bakanl\u0131\u011f\u0131 Bakanl\u0131\u011f\u0131 ile birlikte bir \u00e7al\u0131\u015fma yapt\u0131kldr\u0131n\u0131, en k\u0131sa s\u00fcrede orta gelirli vatanda\u015flar\u0131m\u0131za y\u00f6nelik konut projesine ili\u015fkin detayl\u0131 bir a\u00e7\u0131klama yapacaklar\u0131n\u0131 s\u00f6yleyen [&hellip;]<\/p>\n","protected":false},"author":1,"featured_media":40809,"comment_status":"open","ping_status":"open","sticky":false,"template":"","format":"standard","meta":{"ngg_post_thumbnail":0},"categories":[221,97,5388],"tags":[16664,79,16663],"_links":{"self":[{"href":"https:\/\/emlaktuel.com\/index.php?rest_route=\/wp\/v2\/posts\/41255"}],"collection":[{"href":"https:\/\/emlaktuel.com\/index.php?rest_route=\/wp\/v2\/posts"}],"about":[{"href":"https:\/\/emlaktuel.com\/index.php?rest_route=\/wp\/v2\/types\/post"}],"author":[{"embeddable":true,"href":"https:\/\/emlaktuel.com\/index.php?rest_route=\/wp\/v2\/users\/1"}],"replies":[{"embeddable":true,"href":"https:\/\/emlaktuel.com\/index.php?rest_route=%2Fwp%2Fv2%2Fcomments&post=41255"}],"version-history":[{"count":1,"href":"https:\/\/emlaktuel.com\/index.php?rest_route=\/wp\/v2\/posts\/41255\/revisions"}],"predecessor-version":[{"id":41256,"href":"https:\/\/emlaktuel.com\/index.php?rest_route=\/wp\/v2\/posts\/41255\/revisions\/41256"}],"wp:featuredmedia":[{"embeddable":true,"href":"https:\/\/emlaktuel.com\/index.php?rest_route=\/wp\/v2\/media\/40809"}],"wp:attachment":[{"href":"https:\/\/emlaktuel.com\/index.php?rest_route=%2Fwp%2Fv2%2Fmedia&parent=41255"}],"wp:term":[{"taxonomy":"category","embeddable":true,"href":"https:\/\/emlaktuel.com\/index.php?rest_route=%2Fwp%2Fv2%2Fcategories&post=41255"},{"taxonomy":"post_tag","embeddable":true,"href":"https:\/\/emlaktuel.com\/index.php?rest_route=%2Fwp%2Fv2%2Ftags&post=41255"}],"curies":[{"name":"wp","href":"https:\/\/api.w.org\/{rel}","templated":true}]}}