{"id":41252,"date":"2022-12-13T11:35:57","date_gmt":"2022-12-13T08:35:57","guid":{"rendered":"https:\/\/emlaktuel.com\/?p=41252"},"modified":"2022-12-13T11:35:57","modified_gmt":"2022-12-13T08:35:57","slug":"bmwnin-amiral-gemisi-yeni-bmw-7-serisi-sedan-elektrikli-ve-mild-hybrid-dizel-versiyonlariyla-dikkatleri-uzerine-topladi","status":"publish","type":"post","link":"https:\/\/emlaktuel.com\/?p=41252","title":{"rendered":"BMW&#8217;nin Amiral Gemisi Yeni BMW 7 Serisi Sedan Elektrikli ve Mild Hybrid-Dizel Versiyonlar\u0131yla Dikkatleri \u00dczerine Toplad\u0131  \u00a0"},"content":{"rendered":"<p><strong>Borusan Otomotiv&#8217;in T\u00fcrkiye distrib\u00fct\u00f6r\u00fc oldu\u011fu BMW&#8217;nin amiral gemisi modeli 7 Serisi Sedan, tamamen elektrikli ve mild hybrid-dizel versiyonlar\u0131yla Borusan Otomotiv Yetkili Sat\u0131c\u0131lar\u0131\u2019nda yerini almaya haz\u0131rlan\u0131yor. Y\u0131lba\u015f\u0131na \u00f6zel olarak d\u00fczenlenen bir etkinlikte ilgi oda\u011f\u0131 olan Yeni BMW 740d xDrive Sedan ve Yeni BMW i7 xDrive60 i\u00e7in \u00f6n rezervasyon s\u00fcreci Ocak ay\u0131 i\u00e7erisinde ba\u015flayacak.&nbsp;<\/strong><\/p>\n<h2><strong>&nbsp;<\/strong><strong>Etkileyici ve G\u00f6z Kama\u015ft\u0131ran Tasar\u0131m\u0131 Modern Sanattan \u0130lham Al\u0131yor<\/strong><\/h2>\n<p>Yeni BMW 7 Serisi Sedan, monolitik y\u00fczey tasar\u0131m\u0131 ve Swarovski kristallere sahip Iconic Glow Kristal Farlar\u0131 ile g\u00fc\u00e7l\u00fc ve ay\u0131rt edici bir g\u00f6r\u00fcn\u00fcme sahip. \u00d6nceki jenerasyona g\u00f6re artan \u00f6l\u00e7\u00fcleri ve yan profilden \u00f6ne do\u011fru hareket eder gibi g\u00f6r\u00fcnen silueti, otomobilin b\u00fcy\u00fck ve heybetli g\u00f6r\u00fcn\u00fcm\u00fcne katk\u0131 sa\u011fl\u0131yor. G\u00f6vdeye entegre kap\u0131 kollar\u0131 sayesinde r\u00fczg\u00e2r direnci azalan Yeni BMW 7 Serisi Sedan, ilk kez BMW Individual kapsam\u0131nda iki ayr\u0131 renk tonunda kombine edilecek \u015fekilde ki\u015fiselle\u015ftirilebiliyor.&nbsp;<\/p>\n<p>Yere paralel tasarlanm\u0131\u015f \u00e7izgileri ve otomobilin yanlar\u0131na uzanan inceltilmi\u015f arka LED ayd\u0131nlatma gruplar\u0131 ile Yeni BMW 7 Serisi Sedan, modelin zarafet vurgusunu \u00f6n plana \u00e7\u0131kar\u0131yor. &nbsp;Otomobile arkadan bak\u0131ld\u0131\u011f\u0131nda ayd\u0131nlatma \u00fcnitelerine entegre edilen krom \u015feritler, bir cam gibi parlayarak Yeni BMW 7 Serisi Sedan\u2019\u0131n arka b\u00f6l\u00fcm\u00fcne zaman\u0131n \u00f6tesinde bir g\u00f6r\u00fcn\u00fcm kazand\u0131r\u0131yor.<\/p>\n<h2><strong>Ki\u015fiye \u00d6zel L\u00fcks Mobiliteyi Yeniden Yorumluyor<\/strong><\/h2>\n<p>Yeni BMW 7 Serisi Sedan, \u00f6nceki jenerasyona g\u00f6re oturma y\u00fczeyi geni\u015flemi\u015f koltuklarda \u0131s\u0131tma, havaland\u0131rma ve dokuz programl\u0131 masaj fonksiyonlar\u0131n\u0131 s\u00fcr\u00fcc\u00fc ve yolcular i\u00e7in standart olarak sunuyor.<\/p>\n<p>\u00d6nceki modele g\u00f6re daha az say\u0131da d\u00fc\u011fme ve kontrol bulunan modelde BMW Kavisli Ekran\u0131\u2019n\u0131n (Curved Screen) getirdi\u011fi dijitalle\u015fme kabinde dikkat \u00e7ekiyor. Direksiyon simidinin arkas\u0131nda yer alan 12.3 in\u00e7 boyutunda g\u00f6sterge ekran\u0131 ve 14.9 in\u00e7 boyutunda kontrol ekran\u0131 s\u00fcr\u00fc\u015f deneyimini ileri bir seviyeye ta\u015f\u0131yor.&nbsp;<\/p>\n<p>Yeni BMW 7 Serisi Sedan\u2019\u0131n s\u00fcr\u00fcc\u00fc kabinine g\u00f6z at\u0131ld\u0131\u011f\u0131nda direksiyon simidi ve orta konsolun d\u0131\u015far\u0131dan oldu\u011fu gibi i\u00e7eriden de yeni bir tasar\u0131ma sahip oldu\u011fu g\u00f6ze \u00e7arp\u0131yor. Kabinde yer alan bir di\u011fer yeni \u00f6zellik olan BMW Interaction Bar, yeni t\u00fcr bir kontrol ve tasar\u0131m \u00f6gesi olarak i\u00e7 mekanda da l\u00fcks vurgusunu destekliyor.&nbsp;Se\u00e7ilen moda veya ambiyans ayd\u0131nlatmas\u0131 tercihine g\u00f6re ki\u015fiselle\u015ftirilebilen kristal y\u00fczeye sahip BMW Interaction Bar, s\u00fcr\u00fcc\u00fc ile otomobil aras\u0131ndaki etkile\u015fimi bir sonraki seviyeye ta\u015f\u0131yor.<\/p>\n<h2><strong>625 km&#8217;ye Varan Menzil<\/strong><\/h2>\n<p>Tamamen elektrikli Yeni BMW i7 xDrive60 WLTP normlar\u0131na g\u00f6re 625 km&#8217;ye varan menzil sunuyor. \u00d6n ve arka aksta yer alan iki elektrik motoru sayesinde 544 beygir g\u00fc\u00e7 ve 745 Nm tork \u00fcreten Yeni BMW i7 xDrive60,&nbsp;195 kW \u015farj g\u00fcc\u00fc deste\u011fi sunan DC \u015farj istasyonlar\u0131nda&nbsp;%10&#8217;dan %80 batarya seviyesine sadece 34 dakikada ula\u015fabiliyor.\u0130lk kez sunulan 22 kW g\u00fcc\u00fcnde AC \u015farj deste\u011fi ile ise Yeni BMW i7 xDrive60, 5 saatten k\u0131sa s\u00fcrede tamamen \u015farj edilebiliyor.<\/p>\n<p>G\u00f6vdesinde bulundurdu\u011fu iki elektrik motoru sayesinde \u00e7eki\u015f performans\u0131n\u0131 ve konforu bir arada sunan Yeni BMW i7 xDrive60, 0\u2019dan 100 km\/s h\u0131za sadece 4.7 saniyede ula\u015f\u0131yor.&nbsp;<\/p>\n<h2><strong>Yeni BMW 740d xDrive Mild Hybrid-Dizel Se\u00e7ene\u011fi ile T\u00fcrkiye\u2019de<\/strong><\/h2>\n<p>BMW\u2019nin global s\u00fcrd\u00fcr\u00fclebilirlik stratejisi olan ve kullan\u0131c\u0131lara istedi\u011fi motor tipini se\u00e7me esnekli\u011fi sa\u011flayan \u201cThe Power of Choice\u201d yakla\u015f\u0131m\u0131 sayesinde mild hybrid-dizel motora sahip Yeni BMW 740d xDrive, tamamen elektrikli yeni BMW i7 xDrive60 ile e\u015f zamanl\u0131 olarak T\u00fcrkiye\u2019de sat\u0131\u015fa sunulmak i\u00e7in g\u00fcn say\u0131yor.<\/p>\n<p>3 litre hacminde 6 silindirli dizel \u00fcnite 300 beygir g\u00fc\u00e7 ve 670 Nm tork \u00fcretiyor. \u0130\u00e7ten yanmal\u0131 motora destek olarak \u00e7al\u0131\u015fan elektrik motoru ise \u00fcretti\u011fi 18 beygir g\u00fc\u00e7 ve 200 Nm tork ile arac\u0131n ilk hareketinde destek olarak yak\u0131t t\u00fcketimine maksimum fayda sa\u011fl\u0131yor. B\u00f6ylelikle Yeni BMW 740d xDrive 100 km&#8217;de 6.1 ila 6.8 litre aral\u0131\u011f\u0131nda yer alan yak\u0131t t\u00fcketim de\u011feriyle dikkat \u00e7ekiyor.<\/p>\n<p>&nbsp;<\/p>\n<p>&nbsp;<\/p>\n","protected":false},"excerpt":{"rendered":"<p>Borusan Otomotiv&#8217;in T\u00fcrkiye distrib\u00fct\u00f6r\u00fc oldu\u011fu BMW&#8217;nin amiral gemisi modeli 7 Serisi Sedan, tamamen elektrikli ve mild hybrid-dizel versiyonlar\u0131yla Borusan Otomotiv Yetkili Sat\u0131c\u0131lar\u0131\u2019nda yerini almaya haz\u0131rlan\u0131yor. Y\u0131lba\u015f\u0131na \u00f6zel olarak d\u00fczenlenen bir etkinlikte ilgi oda\u011f\u0131 olan Yeni BMW 740d xDrive Sedan ve Yeni BMW i7 xDrive60 i\u00e7in \u00f6n rezervasyon s\u00fcreci Ocak ay\u0131 i\u00e7erisinde ba\u015flayacak.&nbsp; &nbsp;Etkileyici ve G\u00f6z [&hellip;]<\/p>\n","protected":false},"author":1,"featured_media":41253,"comment_status":"open","ping_status":"open","sticky":false,"template":"","format":"standard","meta":{"ngg_post_thumbnail":0},"categories":[5215],"tags":[16662],"_links":{"self":[{"href":"https:\/\/emlaktuel.com\/index.php?rest_route=\/wp\/v2\/posts\/41252"}],"collection":[{"href":"https:\/\/emlaktuel.com\/index.php?rest_route=\/wp\/v2\/posts"}],"about":[{"href":"https:\/\/emlaktuel.com\/index.php?rest_route=\/wp\/v2\/types\/post"}],"author":[{"embeddable":true,"href":"https:\/\/emlaktuel.com\/index.php?rest_route=\/wp\/v2\/users\/1"}],"replies":[{"embeddable":true,"href":"https:\/\/emlaktuel.com\/index.php?rest_route=%2Fwp%2Fv2%2Fcomments&post=41252"}],"version-history":[{"count":1,"href":"https:\/\/emlaktuel.com\/index.php?rest_route=\/wp\/v2\/posts\/41252\/revisions"}],"predecessor-version":[{"id":41254,"href":"https:\/\/emlaktuel.com\/index.php?rest_route=\/wp\/v2\/posts\/41252\/revisions\/41254"}],"wp:featuredmedia":[{"embeddable":true,"href":"https:\/\/emlaktuel.com\/index.php?rest_route=\/wp\/v2\/media\/41253"}],"wp:attachment":[{"href":"https:\/\/emlaktuel.com\/index.php?rest_route=%2Fwp%2Fv2%2Fmedia&parent=41252"}],"wp:term":[{"taxonomy":"category","embeddable":true,"href":"https:\/\/emlaktuel.com\/index.php?rest_route=%2Fwp%2Fv2%2Fcategories&post=41252"},{"taxonomy":"post_tag","embeddable":true,"href":"https:\/\/emlaktuel.com\/index.php?rest_route=%2Fwp%2Fv2%2Ftags&post=41252"}],"curies":[{"name":"wp","href":"https:\/\/api.w.org\/{rel}","templated":true}]}}