{"id":41201,"date":"2022-12-06T14:57:05","date_gmt":"2022-12-06T11:57:05","guid":{"rendered":"https:\/\/emlaktuel.com\/?p=41201"},"modified":"2022-12-06T14:57:05","modified_gmt":"2022-12-06T11:57:05","slug":"folkart-novada-satislara-baslandi","status":"publish","type":"post","link":"https:\/\/emlaktuel.com\/?p=41201","title":{"rendered":"Folkart Nova&#8217;da Sat\u0131\u015flara Ba\u015fland\u0131"},"content":{"rendered":"<p><i><span style=\"font-weight: 400;\">T\u00fcrkiye\u2019de l\u00fcks\u00fcn, kalitenin, esteti\u011fin yeni simgesi olacak, Folkart\u2019\u0131n \u0130zmir\u2019in yeni kent merkezindeki projesi Nova\u2019da sat\u0131\u015f s\u00fcreci ba\u015flad\u0131. <\/span><\/i><b><i>T\u00fcrkiye\u2019nin en iddial\u0131 residence projesi Folkart Nova\u2019n\u0131n<\/i><\/b><i><span style=\"font-weight: 400;\"> anahtar teslim tarihi 2024 y\u0131l sonu olarak belirlendi. Folkart Vega\u2019n\u0131n kom\u015fusu Folkart Nova, yakla\u015f\u0131k 2 Milyar TL yat\u0131r\u0131m de\u011ferine sahip.<\/span><\/i><\/p>\n<p><span style=\"font-weight: 400;\">T\u00fcrkiye\u2019nin \u00f6nc\u00fc gayrimenkul geli\u015ftirici \u015firketlerinden Folkart, \u0130zmir Yeni Kent Merkezi\u2019nde, yeni bir projeye daha imza at\u0131yor. Folkart Vega projesinin hemen yan\u0131nda bulunan arsada y\u00fckselecek yeni projenin ad\u0131, Folkart Nova.&nbsp;<\/span><\/p>\n<p><img loading=\"lazy\" class=\"alignnone size-full wp-image-41204\" src=\"https:\/\/emlaktuel.com\/wp-content\/uploads\/2022\/12\/IMG_20221206_145148.jpg\" alt=\"\" width=\"1080\" height=\"1091\"><\/p>\n<p><span style=\"font-weight: 400;\">Folkart\u2019\u0131n yeni projesi, T\u00fcrkiye\u2019nin en ihti\u015faml\u0131 ve en iddial\u0131 residence projesi olacak. Zemin iyile\u015ftirme \u00e7al\u0131\u015fmalar\u0131 tamamlanan ve temeli at\u0131lan Folkart Nova\u2019n\u0131n anahtar teslim tarihi ise 2024 y\u0131l\u0131 sonu olarak belirlendi.<\/span><\/p>\n<p><img loading=\"lazy\" class=\"alignnone size-full wp-image-33435\" src=\"https:\/\/emlaktuel.com\/wp-content\/uploads\/2020\/11\/mesut-sancak.jpg\" alt=\"\" width=\"570\" height=\"323\"><\/p>\n<h2><b>2 M\u0130LYAR TL\u2019L\u0130K YATIRIM DE\u011eER\u0130<\/b><\/h2>\n<p><span style=\"font-weight: 400;\">Folkart Y\u00f6netim Kurulu Ba\u015fkan\u0131 Mesut Sancak, Folkart Nova projesini \u015f\u00f6yle \u00f6zetledi: \u201c\u0130zmir\u2019de bug\u00fcne kadar imza att\u0131\u011f\u0131m\u0131z 16 farkl\u0131 projemize, T\u00fcrkiye\u2019nin en iddial\u0131 residence projesi olma \u00f6zelli\u011fiyle bir yenisini daha ekliyoruz. Yeni projemiz, \u0130zmir\u2019in simge yap\u0131lar\u0131ndan birisi olarak konumlanan Folkart Vega\u2019n\u0131n yan kom\u015fusu. \u0130zmir Yeni Kent Merkezi\u2019nde ikonik, ihti\u015faml\u0131 bir yap\u0131 olarak y\u00fckselecek Folkart Nova, yakla\u015f\u0131k 2 milyar TL yat\u0131r\u0131m de\u011ferine sahip. \u0130n\u015faat\u0131 s\u00fcresince 1500 ki\u015fi \u00e7al\u0131\u015facak.\u201d<\/span><\/p>\n<h2><img loading=\"lazy\" class=\"alignnone size-full wp-image-41203\" src=\"https:\/\/emlaktuel.com\/wp-content\/uploads\/2022\/12\/IMG_20221206_145222.jpg\" alt=\"\" width=\"1080\" height=\"697\"><\/h2>\n<h2><b>\u0130HT\u0130\u015eAMIN, L\u00dcKS\u00dcN SEMBOL\u00dc&nbsp;<\/b><\/h2>\n<p><span style=\"font-weight: 400;\">Akdeniz\u2019in parlayan y\u0131ld\u0131z\u0131 \u0130zmir\u2019de yeni kent merkezi olarak belirlenen b\u00f6lgenin Liman Arkas\u0131 b\u00f6l\u00fcm\u00fcnde yer alan Folkart Nova, ihti\u015faml\u0131 duru\u015fuyla \u201cen iyiyi arayanlar\u0131n adresi, l\u00fcks\u00fcn yeni sembol\u00fc\u201d olacak.&nbsp;<\/span><\/p>\n<p><span style=\"font-weight: 400;\">Butik ve \u00f6zel proje, 1+1, 2+1, 3+1, 3+1 dubleks, 4+1 olmak \u00fczere; toplam 176 konut ve ticari alanlardan olu\u015fuyor. Folkart Nova\u2019da, 3+1 ve \u00fcst\u00fc konutlar, balkonlar dahil 150 m\u00b2 ile 196 m\u00b2 alana sahip olacak.&nbsp;<\/span><\/p>\n<h2><img loading=\"lazy\" class=\"alignnone size-full wp-image-41205\" src=\"https:\/\/emlaktuel.com\/wp-content\/uploads\/2022\/12\/IMG_20221206_145207.jpg\" alt=\"\" width=\"1080\" height=\"713\"><\/h2>\n<h2><b>\u0130KON\u0130K B\u0130R YAPI<\/b><\/h2>\n<p><span style=\"font-weight: 400;\">\u0130zmir\u2019de ayr\u0131cal\u0131kl\u0131 ya\u015fam\u0131n adresi Folkart Nova, farkl\u0131 y\u00fcksekliklerde biten \u00fc\u00e7 kulenin ahenkle birle\u015fti\u011fi 38 katl\u0131 ikonik bir yap\u0131 olacak. Kulelerin farkl\u0131 a\u00e7\u0131larda birle\u015fmesi, panoramik manzaray\u0131 koruyacak. Se\u00e7kinlik temas\u0131 \u00fczerine kurulu Folkart Nova\u2019da binan\u0131n y\u00fczeyi ise, karakteristik formu ve malzeme kalitesiyle her noktadan kendini g\u00f6sterecek. Otomasyon sistemi ile ak\u0131ll\u0131 ev \u00f6zelliklerine sahip olacak Folkart Nova, \u015fehir tasar\u0131m\u0131nda getirilmi\u015f bir farkl\u0131l\u0131k olarak \u00f6ne \u00e7\u0131kacak.&nbsp;<\/span><\/p>\n<h2><b>Y\u00dcZ\u00dc KENTE D\u00d6N\u00dcK<\/b><\/h2>\n<p><span style=\"font-weight: 400;\">\u201cY\u00fcz\u00fc \u015eehre D\u00f6n\u00fck Bir Ya\u015fam\u201d olarak \u00f6ne \u00e7\u0131kan Folkart Nova\u2019da, her noktadan nefes kesici deniz manzaras\u0131, a\u00e7\u0131k hava keyfi getiren geni\u015f teraslar\u0131, ileri d\u00fczeyde konfor sunan i\u00e7 alan tasar\u0131m\u0131, evinize birka\u00e7 ad\u0131m mesafede sosyal olanaklar\u0131, al\u0131\u015fveri\u015f ve lezzet merkezlerine yak\u0131nl\u0131\u011f\u0131 ile de dikkat \u00e7ekiyor.&nbsp;<\/span><\/p>\n<p><span style=\"font-weight: 400;\">Proje, zengin sosyal ya\u015fam\u0131yla, her ge\u00e7en g\u00fcn h\u0131zla de\u011ferlenen bir b\u00f6lgede ya\u015famak i\u00e7in benzersiz bir f\u0131rsat sunuyor.<\/span><\/p>\n<h2><b>29 M\u0130LYAR TL\u2019L\u0130K TOPLAM YATIRIM<\/b><\/h2>\n<p><span style=\"font-weight: 400;\">Mesut Sancak, Folkart Nefes \u0130stanbul ve Folkart Country Urla projelerinin de in\u015faat \u00e7al\u0131\u015fmalar\u0131n\u0131n h\u0131zla devam etti\u011fini, sat\u0131\u015fa \u00e7\u0131kar\u0131lan Folkart Nova\u2019n\u0131n ise 2024 y\u0131l\u0131 sonunda bitirilece\u011fini vurgulad\u0131. Folkart Y\u00f6netim Kurulu Ba\u015fkan\u0131 Sancak, R\u00f6nesans ve Tekfen ortakl\u0131\u011f\u0131ndan sat\u0131n al\u0131nan b\u00fcy\u00fck alanda ise proje sat\u0131\u015f ofisi yap\u0131m\u0131 ve zemin \u00e7al\u0131\u015fmalar\u0131n\u0131n s\u00fcrd\u00fc\u011f\u00fcn\u00fc belirterek \u015f\u00f6yle konu\u015ftu:&nbsp;&nbsp;<\/span><\/p>\n<p><span style=\"font-weight: 400;\">\u201c\u0130zmir Yeni Kent Merkezi\u2019nde T\u00fcrkiye\u2019nin en b\u00fcy\u00fck konut projelerinden birini yapaca\u011f\u0131m\u0131z dev \u00e7al\u0131\u015fmam\u0131zla birlikte, 2006 y\u0131l\u0131ndan bug\u00fcne dek ger\u00e7ekle\u015ftirdi\u011fimiz projelerimizin toplam yat\u0131r\u0131m de\u011feri, tam 29 milyar TL\u2019dir. \u00d6n\u00fcm\u00fczdeki s\u00fcre\u00e7te, NOVA ve di\u011fer yat\u0131r\u0131mlar\u0131m\u0131z s\u0131ras\u0131yla devam edecektir.\u201d<\/span><\/p>\n<p><b><i>PROJE K\u00dcNYES\u0130&nbsp;<\/i><\/b><\/p>\n<p><i><span style=\"font-weight: 400;\">Toplam Konut Adedi: <\/span><\/i><i><span style=\"font-weight: 400;\">176 adet<\/span><\/i><\/p>\n<p><i><span style=\"font-weight: 400;\">Toplam \u0130\u015fyeri Adedi:<\/span><\/i><i><span style=\"font-weight: 400;\"> 14 adet&nbsp;<\/span><\/i><\/p>\n<p><i><span style=\"font-weight: 400;\">Sosyal Alanlar&nbsp;&nbsp;&nbsp;&nbsp;&nbsp;&nbsp;&nbsp;&nbsp;&nbsp; :<\/span><\/i><i><span style=\"font-weight: 400;\"> A\u00e7\u0131k Havuz, Kapal\u0131 Havuz, Fitness Salonu, K\u00fct\u00fcphane, Lounge, Kapal\u0131 Otopark Kafe, A\u00e7\u0131k Oturma Alan\u0131, Toplant\u0131 Odas\u0131 \u2013 Ofis, \u00c7ocuk Oyun Odas\u0131, Buhar Odas\u0131, Sauna Spa, Pilates, Yoga Salonu, Oyun Odas\u0131, Revir Odas\u0131, Bisiklet Park Yeri, 24 Saat G\u00fcvenlik, Cep Sinemas\u0131, Lobi ve Dinlenme B\u00f6l\u00fcmleri, Kamera G\u00fcvenlik Sistemi, Elektrikli Ara\u00e7 \u015earj \u0130stasyonu, Otopark.<\/span><\/i><\/p>\n","protected":false},"excerpt":{"rendered":"<p>T\u00fcrkiye\u2019de l\u00fcks\u00fcn, kalitenin, esteti\u011fin yeni simgesi olacak, Folkart\u2019\u0131n \u0130zmir\u2019in yeni kent merkezindeki projesi Nova\u2019da sat\u0131\u015f s\u00fcreci ba\u015flad\u0131. T\u00fcrkiye\u2019nin en iddial\u0131 residence projesi Folkart Nova\u2019n\u0131n anahtar teslim tarihi 2024 y\u0131l sonu olarak belirlendi. Folkart Vega\u2019n\u0131n kom\u015fusu Folkart Nova, yakla\u015f\u0131k 2 Milyar TL yat\u0131r\u0131m de\u011ferine sahip. T\u00fcrkiye\u2019nin \u00f6nc\u00fc gayrimenkul geli\u015ftirici \u015firketlerinden Folkart, \u0130zmir Yeni Kent Merkezi\u2019nde, yeni [&hellip;]<\/p>\n","protected":false},"author":1,"featured_media":41202,"comment_status":"open","ping_status":"open","sticky":false,"template":"","format":"standard","meta":{"ngg_post_thumbnail":0},"categories":[219,5388],"tags":[715,16644,91],"_links":{"self":[{"href":"https:\/\/emlaktuel.com\/index.php?rest_route=\/wp\/v2\/posts\/41201"}],"collection":[{"href":"https:\/\/emlaktuel.com\/index.php?rest_route=\/wp\/v2\/posts"}],"about":[{"href":"https:\/\/emlaktuel.com\/index.php?rest_route=\/wp\/v2\/types\/post"}],"author":[{"embeddable":true,"href":"https:\/\/emlaktuel.com\/index.php?rest_route=\/wp\/v2\/users\/1"}],"replies":[{"embeddable":true,"href":"https:\/\/emlaktuel.com\/index.php?rest_route=%2Fwp%2Fv2%2Fcomments&post=41201"}],"version-history":[{"count":1,"href":"https:\/\/emlaktuel.com\/index.php?rest_route=\/wp\/v2\/posts\/41201\/revisions"}],"predecessor-version":[{"id":41206,"href":"https:\/\/emlaktuel.com\/index.php?rest_route=\/wp\/v2\/posts\/41201\/revisions\/41206"}],"wp:featuredmedia":[{"embeddable":true,"href":"https:\/\/emlaktuel.com\/index.php?rest_route=\/wp\/v2\/media\/41202"}],"wp:attachment":[{"href":"https:\/\/emlaktuel.com\/index.php?rest_route=%2Fwp%2Fv2%2Fmedia&parent=41201"}],"wp:term":[{"taxonomy":"category","embeddable":true,"href":"https:\/\/emlaktuel.com\/index.php?rest_route=%2Fwp%2Fv2%2Fcategories&post=41201"},{"taxonomy":"post_tag","embeddable":true,"href":"https:\/\/emlaktuel.com\/index.php?rest_route=%2Fwp%2Fv2%2Ftags&post=41201"}],"curies":[{"name":"wp","href":"https:\/\/api.w.org\/{rel}","templated":true}]}}