{"id":41197,"date":"2022-12-06T14:48:20","date_gmt":"2022-12-06T11:48:20","guid":{"rendered":"https:\/\/emlaktuel.com\/?p=41197"},"modified":"2022-12-06T14:48:20","modified_gmt":"2022-12-06T11:48:20","slug":"hafele-konutun-satis-argumani-hafele-concepti-dunyaya-acacak","status":"publish","type":"post","link":"https:\/\/emlaktuel.com\/?p=41197","title":{"rendered":"Hafele, Konutun Sat\u0131\u015f Arg\u00fcman\u0131 Hafele Concept\u2019i D\u00fcnyaya A\u00e7acak"},"content":{"rendered":"<p>T\u00fcrkiye ve d\u00fcnya \u00e7ap\u0131nda mobilya ve mimari donan\u0131mlar alan\u0131nda yenilik\u00e7i \u00fcr\u00fcnleri ve ak\u0131lc\u0131 \u00e7\u00f6z\u00fcmleriyle bilinen H\u00e4fele, T\u00fcrkiye\u2019de ba\u015far\u0131l\u0131 \u00e7al\u0131\u015fmalar\u0131na devam ediyor. H\u00e4fele Concept i\u015f modeliyle b\u00fcy\u00fcme ivmesini s\u00fcrd\u00fcren \u015firket, bu y\u0131l ilk kez kat\u0131ld\u0131\u011f\u0131 UNICERA Fuar\u0131\u2019nda sergiledi\u011fi yeni banyo vitrifiye, du\u015f, batarya ve aksesuar gruplar\u0131 ile mutfak ankastre \u00fcr\u00fcn grubundan olu\u015fan 2022 koleksiyonuyla b\u00fcy\u00fck be\u011feni toplad\u0131.&nbsp;<\/p>\n<p><span style=\"font-weight: 400;\">&nbsp;<\/span><\/p>\n<p><span style=\"font-weight: 400;\">H\u00e4fele\u2019nin \u00f6n\u00fcm\u00fczdeki y\u0131l 100. y\u0131l\u0131n\u0131 kutlamaya haz\u0131rland\u0131\u011f\u0131na dikkat \u00e7eken <\/span><b>H\u00e4fele T\u00fcrkiye ve B\u00f6lge \u00dclkeler \u0130cra Kurulu Ba\u015fkan\u0131 Hilmi Uytun<\/b><span style=\"font-weight: 400;\">, \u201cT\u00fcrkiye\u2019de geli\u015ftirdi\u011fimiz H\u00e4fele Concept modeli sayesinde <\/span><span style=\"font-weight: 400;\">konutun sat\u0131\u015f sebebi olduk. \u015eu anda toplamda 31 bin konutta numune dairelerdeyiz. 2023\u2019te bu say\u0131n\u0131n 100 bini a\u015faca\u011f\u0131n\u0131 \u00f6ng\u00f6r\u00fcyoruz. Son iki y\u0131ld\u0131r \u00fcst \u00fcste b\u00fcy\u00fcme rekoru k\u0131rd\u0131\u011f\u0131m\u0131z T\u00fcrkiye\u2019de 2023\u2019te tekrar \u00e7ok h\u0131zl\u0131 b\u00fcy\u00fcmeye ge\u00e7ece\u011fiz. <\/span><span style=\"font-weight: 400;\">H\u00e4fele Concept, \u00f6n\u00fcm\u00fczdeki y\u0131l pazar\u0131 domine edecek\u201d dedi.<\/span><\/p>\n<h2><b>350 METREKAREL\u0130K STANTLA UNICERA\u2019DA B\u00dcY\u00dcK \u0130LG\u0130 G\u00d6RD\u00dc<\/b><\/h2>\n<p><span style=\"font-weight: 400;\">Alan\u0131nda d\u00fcnyan\u0131n en b\u00fcy\u00fck ikinci ihtisas fuar\u0131 olan UNICERA \u0130stanbul- Seramik Banyo Mutfak Fuar\u0131, Bu y\u0131l 7 \u2013 11 Kas\u0131m tarihlerinde \u0130stanbul Fuar Merkezi&#8217;nde ger\u00e7ekle\u015fti. Yerli ve yabanc\u0131 olmak \u00fczere 100 binin \u00fczerinde ziyaret\u00e7iyi a\u011f\u0131rlayan fuara H\u00e4fele, bu y\u0131l ilk kez kat\u0131ld\u0131. Yeni koleksiyonlar\u0131yla b\u00fcy\u00fck be\u011feni toplayan \u015firket, 5 g\u00fcn boyunca yeni \u00e7\u00f6z\u00fcmlerini ziyaret\u00e7ileriyle payla\u015ft\u0131. Fuara \u00e7ok \u00f6zel haz\u0131rland\u0131klar\u0131na dikkat \u00e7eken Hilmi Uytun: \u201c350 metrekarelik stand\u0131m\u0131zda hem yeni koleksiyonlar\u0131 hem de banyo ve mutfaklar i\u00e7in yeni \u00fcr\u00fcn gruplar\u0131m\u0131z\u0131 sergiledik. Koleksiyonlar\u0131m\u0131z b\u00fcy\u00fck ilgi g\u00f6rd\u00fc. \u00dcr\u00fcnlerde rengin fark yaratt\u0131\u011f\u0131na inanan bir firmay\u0131z. Dolay\u0131s\u0131yla o renk etraf\u0131nda b\u00fct\u00fcn i\u015fleri, b\u00fct\u00fcn mekanlar\u0131 sistemsel bir yakla\u015f\u0131mla \u00e7\u00f6z\u00fcyoruz. \u015eu an 31 bin konutta var\u0131z. Bu fuarda da ilave 14 bin konut alma hedefimiz var\u201d diye konu\u015ftu.&nbsp;<\/span><\/p>\n<p><img loading=\"lazy\" class=\"alignnone size-full wp-image-41199\" src=\"https:\/\/emlaktuel.com\/wp-content\/uploads\/2022\/12\/IMG_20221206_144646.jpg\" alt=\"\" width=\"1080\" height=\"534\"><\/p>\n<h2><b>SEKT\u00d6RE GET\u0130RD\u0130\u011e\u0130M\u0130Z YEN\u0130 STANDART \u0130LE <\/b><b>EVLER\u0130 B\u0130Z SATTIRIYORUZ<\/b><\/h2>\n<p><span style=\"font-weight: 400;\">H\u00e4fele\u2019nin konutta \u00f6nemli bir sat\u0131\u015f arg\u00fcman\u0131 oldu\u011funu vurgulayan Hilmi Uytun, \u201cSekt\u00f6re getirdi\u011fimiz yeni standartla konutun sat\u0131\u015f sebebi olduk. Konuttaki en b\u00fcy\u00fck payda\u015flar\u0131m\u0131z mimarlar ve m\u00fcteahhitler. Onlara ya\u015fam alanlar\u0131ndaki insan deneyimini b\u00fct\u00fcnle\u015ftiren bir i\u015f fikri geli\u015ftirdik. Burada bir konuta sistemsel yakla\u015f\u0131p renk ve stilleri bir araya getiriyoruz. Bug\u00fcn markal\u0131 konutlar\u0131n neredeyse tamam\u0131nda var\u0131z. Sat\u0131\u015f\u0131 destekleyen ve markaya g\u00fc\u00e7 katan bir konseptten bahsediyoruz.<\/span> <span style=\"font-weight: 400;\">M\u00fcteahhitlerimiz ve \u00fcretici i\u015f ortaklar\u0131m\u0131z ile bu fikrin d\u00fcnyaya a\u00e7\u0131laca\u011f\u0131n\u0131 \u00f6ng\u00f6r\u00fcyoruz\u201d dedi.<\/span><\/p>\n<p><b>Hilmi Uytun, fuar\u0131n ilgi oda\u011f\u0131 olan, t\u00fcm ihtiya\u00e7lara \u00e7\u00f6z\u00fcm olarak geni\u015fletilmi\u015f koleksiyonlar\u0131yla banyo ve mutfak \u00fcr\u00fcn gruplar\u0131n\u0131 \u015f\u00f6yle anlatt\u0131:<\/b><\/p>\n<h2><b>MOB\u0130LYANIN D\u00d6RD\u00dcNC\u00dc BOYUTU: AYDINLATMA<\/b><\/h2>\n<p><span style=\"font-weight: 400;\">Ya\u015fam alanlar\u0131nda kullan\u0131c\u0131 deneyimine odaklanan H\u00e4fele Concept banyo ve mutfaklarda kad\u0131n, erkek ve \u00e7ocuklar\u0131n ihtiya\u00e7lar\u0131na y\u00f6nelik konforlu, estetik ve benzersiz \u00e7\u00f6z\u00fcmleri bir arada sunuyor: Ayd\u0131nlatmal\u0131 ve \u00f6zel d\u00fczenleme \u00e7\u00f6z\u00fcmlerinin bulundu\u011fu \u00e7ekmeceler; beyaz \u0131\u015f\u0131ktan sar\u0131 \u0131\u015f\u0131\u011fa d\u00f6nebilen ve hem i\u015flev hem odak hem ambiyans \u0131\u015f\u0131\u011f\u0131 sunabilen LED ayd\u0131nlatmal\u0131 aynalar\u2026 Ayd\u0131nlatmay\u0131 mobilyan\u0131n d\u00f6rd\u00fcnc\u00fc boyutu olarak ifade eden Uytun, \u201cAyd\u0131nlatmay\u0131 ihtiya\u00e7lara g\u00f6re farkl\u0131 i\u015flevlendiriyoruz: \u00c7al\u0131\u015fma \u0131\u015f\u0131\u011f\u0131, yemek yeme \u0131\u015f\u0131\u011f\u0131, yemek sonras\u0131 lo\u015f bir \u0131\u015f\u0131k var. Burada t\u00fcm s\u00fcreci tek kumandayla y\u00f6netiyorsunuz\u201d diyor<\/span><\/p>\n<h2><b>S\u0130YAHIN ASALET\u0130 BERL\u0130N KOLEKS\u0130YONUNDA<\/b><\/h2>\n<p><span style=\"font-weight: 400;\">Berlin koleksiyonunu en iddial\u0131 koleksiyonlar\u0131ndan biri oldu\u011funa dikkat \u00e7eken Uytun, burada siyah\u0131n asaleti ve uyumuyla bir denge olu\u015fturduklar\u0131n\u0131 belirterek, \u201cBu koleksiyonda hakim renk siyah.&nbsp; Banyodan, ankastreye, ocaktan f\u0131r\u0131na, kap\u0131 kolundan, mente\u015fesine kadar t\u00fcm detaylar uyum i\u00e7erisinde. Siyah\u0131n a\u011f\u0131rl\u0131\u011f\u0131n\u0131 bozmadan ah\u015fap kullan\u0131m\u0131yla da bir denge olu\u015fturduk. Kurgulad\u0131\u011f\u0131m\u0131z \u0131\u015f\u0131k senaryolar\u0131yla da m\u00fcthi\u015f bir ahenk sa\u011flad\u0131. Bu durum da art\u0131k evlerde yeni bir standart olu\u015fturdu\u201d diye konu\u015ftu.&nbsp;<\/span><\/p>\n<h2><b>EVLER\u0130N \u00c7EHRES\u0130 PORTO KOLEKS\u0130YONUYLA DE\u011e\u0130\u015e\u0130YOR<\/b><\/h2>\n<p><span style=\"font-weight: 400;\">Kad\u0131nlar\u0131n sat\u0131n alma karar\u0131nda t\u00fcm se\u00e7enekleri g\u00f6z \u00f6n\u00fcnde bulundurdu\u011funu belirten Uytun, kad\u0131n\u0131n erkekten farkl\u0131 olarak t\u00fcm se\u00e7enekleri g\u00f6rmeden sat\u0131n alma karar\u0131 vermedi\u011fine vurgu yaparak \u015funlar\u0131 kaydetti: \u201cBiz de t\u00fcm bu se\u00e7enekleri ihtiya\u00e7 ve beklentilere \u00f6zel olarak kar\u015f\u0131lamaya \u00e7al\u0131\u015f\u0131yoruz. Bu fuarda \u00f6zel ve yeni sundu\u011fumuz Porto koleksiyonumuz da bunlardan biri. Bu koleksiyonda hakim renk paslanmaz \u00e7elik ve gri.&nbsp;<\/span><\/p>\n<p><span style=\"font-weight: 400;\">\u00d6nemsedi\u011fimiz bir di\u011fer nokta ise kullan\u0131lan her malzemenin organizasyonlar\u0131n\u0131n ve ayd\u0131nlatmas\u0131n\u0131n olmas\u0131. Bu kapsamda Porto koleksiyonumuz da kendi i\u00e7inde uyumu yakalayan benzersiz koleksiyonlar\u0131m\u0131zdan biri.\u201d<\/span><\/p>\n<h2><b>B\u00dcY\u00dcK METROPOLLER\u0130N \u00c7\u00d6Z\u00dcM\u00dc TOKYO KOLEKS\u0130YONUNDA<\/b><\/h2>\n<p><span style=\"font-weight: 400;\">H\u00e4fele T\u00fcrkiye olarak m\u00fc\u015fteri beklentilerini s\u00fcrekli olarak analiz ettiklerini, yeni koleksiyon ya da \u00e7\u00f6z\u00fcmlerini de bu do\u011frultuda \u015fekillendirdiklerini ifade eden Uytun \u0130stanbul gibi metropollerde metrekare fiyatlar\u0131n\u0131n \u00e7ok pahal\u0131 oldu\u011funa dikkat \u00e7ekerek s\u00f6zlerine \u015f\u00f6yle devam etti:&nbsp;<\/span><\/p>\n<p><span style=\"font-weight: 400;\">\u201cK\u00fc\u00e7\u00fck metrekarede tam i\u015flevsellik ise bizim uzmanl\u0131k alan\u0131m\u0131z. Metrekare k\u00fc\u00e7\u00fcl\u00fcyor ancak ihtiya\u00e7 k\u00fc\u00e7\u00fclm\u00fcyor. Tokyo koleksiyonumuz ise tam da bu ihtiyaca y\u00f6nelik. <\/span>K\u00fc\u00e7\u00fck alanlarda bamba\u015fka bir uzmanl\u0131\u011f\u0131m\u0131z var. Ayn\u0131 metrekareyi birden fazla ama\u00e7 i\u00e7in kulland\u0131r\u0131yoruz. Burada da t\u00fcm detaylar\u0131n birbiriyle konu\u015fuyor olmas\u0131 gerekli. Bunu daha geli\u015ftirme a\u015famas\u0131nday\u0131z. \u00d6n\u00fcm\u00fczdeki y\u0131l yeni donan\u0131m ve aksesuarlar\u0131 i\u00e7eren 4 yeni koleksiyon daha gelecek.\u201d<\/p>\n","protected":false},"excerpt":{"rendered":"<p>T\u00fcrkiye ve d\u00fcnya \u00e7ap\u0131nda mobilya ve mimari donan\u0131mlar alan\u0131nda yenilik\u00e7i \u00fcr\u00fcnleri ve ak\u0131lc\u0131 \u00e7\u00f6z\u00fcmleriyle bilinen H\u00e4fele, T\u00fcrkiye\u2019de ba\u015far\u0131l\u0131 \u00e7al\u0131\u015fmalar\u0131na devam ediyor. H\u00e4fele Concept i\u015f modeliyle b\u00fcy\u00fcme ivmesini s\u00fcrd\u00fcren \u015firket, bu y\u0131l ilk kez kat\u0131ld\u0131\u011f\u0131 UNICERA Fuar\u0131\u2019nda sergiledi\u011fi yeni banyo vitrifiye, du\u015f, batarya ve aksesuar gruplar\u0131 ile mutfak ankastre \u00fcr\u00fcn grubundan olu\u015fan 2022 koleksiyonuyla b\u00fcy\u00fck be\u011feni [&hellip;]<\/p>\n","protected":false},"author":1,"featured_media":41198,"comment_status":"open","ping_status":"open","sticky":false,"template":"","format":"standard","meta":{"ngg_post_thumbnail":0},"categories":[26],"tags":[],"_links":{"self":[{"href":"https:\/\/emlaktuel.com\/index.php?rest_route=\/wp\/v2\/posts\/41197"}],"collection":[{"href":"https:\/\/emlaktuel.com\/index.php?rest_route=\/wp\/v2\/posts"}],"about":[{"href":"https:\/\/emlaktuel.com\/index.php?rest_route=\/wp\/v2\/types\/post"}],"author":[{"embeddable":true,"href":"https:\/\/emlaktuel.com\/index.php?rest_route=\/wp\/v2\/users\/1"}],"replies":[{"embeddable":true,"href":"https:\/\/emlaktuel.com\/index.php?rest_route=%2Fwp%2Fv2%2Fcomments&post=41197"}],"version-history":[{"count":1,"href":"https:\/\/emlaktuel.com\/index.php?rest_route=\/wp\/v2\/posts\/41197\/revisions"}],"predecessor-version":[{"id":41200,"href":"https:\/\/emlaktuel.com\/index.php?rest_route=\/wp\/v2\/posts\/41197\/revisions\/41200"}],"wp:featuredmedia":[{"embeddable":true,"href":"https:\/\/emlaktuel.com\/index.php?rest_route=\/wp\/v2\/media\/41198"}],"wp:attachment":[{"href":"https:\/\/emlaktuel.com\/index.php?rest_route=%2Fwp%2Fv2%2Fmedia&parent=41197"}],"wp:term":[{"taxonomy":"category","embeddable":true,"href":"https:\/\/emlaktuel.com\/index.php?rest_route=%2Fwp%2Fv2%2Fcategories&post=41197"},{"taxonomy":"post_tag","embeddable":true,"href":"https:\/\/emlaktuel.com\/index.php?rest_route=%2Fwp%2Fv2%2Ftags&post=41197"}],"curies":[{"name":"wp","href":"https:\/\/api.w.org\/{rel}","templated":true}]}}