{"id":41192,"date":"2022-12-06T14:39:51","date_gmt":"2022-12-06T11:39:51","guid":{"rendered":"https:\/\/emlaktuel.com\/?p=41192"},"modified":"2022-12-06T14:39:51","modified_gmt":"2022-12-06T11:39:51","slug":"togg-konsept-akilli-cihazi-iga-istanbul-havalimaninda-yolcularla-bulusuyor","status":"publish","type":"post","link":"https:\/\/emlaktuel.com\/?p=41192","title":{"rendered":"Togg Konsept Ak\u0131ll\u0131 Cihaz\u0131\u00a0\u0130GA \u0130stanbul Havaliman\u0131\u2019nda yolcularla bulu\u015fuyor"},"content":{"rendered":"<p>&nbsp;<\/p>\n<table class=\"m_1208573171866702630mailbody\" border=\"0\" width=\"100%\" cellspacing=\"0\" cellpadding=\"0\">\n<tbody>\n<tr>\n<td valign=\"top\"><strong>Togg Konsept Ak\u0131ll\u0131 Cihaz\u0131&nbsp;<\/strong><strong>\u0130GA \u0130stanbul Havaliman\u0131\u2019nda yolcularla bulu\u015fuyor<\/strong><\/p>\n<p><strong>T\u00fcrkiye\u2019nin mobilite alan\u0131nda hizmet veren k\u00fcresel teknoloji markas\u0131 Togg, ilk kez Ocak ay\u0131nda ABD\u2019de d\u00fczenlenen T\u00fcketici Elektroni\u011fi Fuar\u0131 CES 2022\u2019de tan\u0131tt\u0131\u011f\u0131 Konsept Ak\u0131ll\u0131 Cihaz\u0131\u2019n\u0131,&nbsp;<\/strong><strong>\u0130GA \u0130stanbul Havaliman\u0131\u2019nda sergilemeye ba\u015flad\u0131. T\u00fcrkiye\u2019nin iki gurur projesini bir araya getiren ve 15 Ocak 2023 tarihine kadar ger\u00e7ekle\u015fecek bu sergileme, \u0130GA \u0130stanbul Havaliman\u0131\u2019n\u0131 g\u00fcnl\u00fck olarak kullanan on binlerce yolcunun Togg vizyonunu yak\u0131ndan tan\u0131mas\u0131na f\u0131rsat verecek.&nbsp;<\/strong><\/p>\n<p>Togg vizyonunu yans\u0131tan \u2018Konsept Ak\u0131ll\u0131 Cihaz\u2019\u0131n yeni dura\u011f\u0131 \u0130GA \u0130stanbul Havaliman\u0131 oldu. Togg\u2019un gelecekte yollara \u00e7\u0131karaca\u011f\u0131 di\u011fer ak\u0131ll\u0131 cihazlarla ilgili \u00f6nemli ipu\u00e7lar\u0131 veren \u2018Konsept Ak\u0131ll\u0131 Cihaz\u2019, 5 Aral\u0131k itibar\u0131yla T\u00fcrkiye\u2019nin bir di\u011fer vizyon projesi olan \u0130GA \u0130stanbul Havaliman\u0131\u2019n\u0131n D\u0131\u015f Hatlar gidi\u015f salonunda sergilenmeye ba\u015flad\u0131. Togg\u2019un vizyonuyla benzer \u015fekilde sadece bug\u00fcn\u00fcn de\u011fil gelece\u011fin ula\u015f\u0131m ihtiya\u00e7lar\u0131n\u0131 kar\u015f\u0131lamaya y\u00f6nelik olarak tasarlanan, eri\u015filebilir, s\u00fcrd\u00fcr\u00fclebilir ve ak\u0131ll\u0131 teknolojileriyle insan\u0131 odak noktas\u0131na alan \u0130GA \u0130stanbul Havaliman\u0131\u2019nda ziyaret\u00e7ileriyle bulu\u015facak olan Togg Konsept Ak\u0131ll\u0131 Cihaz, 15 Ocak 2023 tarihine kadar sergilenecek. Bu sergileme ile \u0130GA \u0130stanbul Havaliman\u0131\u2019n\u0131 g\u00fcnl\u00fck olarak kullanan on binlerce yerli ve yabanc\u0131 yolcu, Togg vizyonuyla tan\u0131\u015fma f\u0131rsat\u0131 bulacak.&nbsp;<\/p>\n<p>Konsept Ak\u0131ll\u0131 Cihaz, Togg DNA\u2019s\u0131nda bulunan stil sahibi \u00f6zelliklerin korundu\u011fu, dinamik ve yenilik\u00e7i bir fastback. Fikri ve s\u0131nai m\u00fclkiyeti y\u00fczde 100 T\u00fcrkiye\u2019ye ait k\u00fcresel bir marka ortaya \u00e7\u0131karmak ve T\u00fcrk mobilite ekosisteminin \u00e7ekirde\u011fini olu\u015fturmak hedefiyle yola \u00e7\u0131kan Togg, uluslararas\u0131 teknik yeterlilik (homogolasyon) testlerinin tamamlanmas\u0131n\u0131n ard\u0131ndan 2023 y\u0131l\u0131n\u0131n ilk \u00e7eyre\u011finin sonunda C segmentindeki do\u011fu\u015ftan elektrikli SUV ile pazara \u00e7\u0131kacak.<\/td>\n<\/tr>\n<\/tbody>\n<\/table>\n","protected":false},"excerpt":{"rendered":"<p>&nbsp; Togg Konsept Ak\u0131ll\u0131 Cihaz\u0131&nbsp;\u0130GA \u0130stanbul Havaliman\u0131\u2019nda yolcularla bulu\u015fuyor T\u00fcrkiye\u2019nin mobilite alan\u0131nda hizmet veren k\u00fcresel teknoloji markas\u0131 Togg, ilk kez Ocak ay\u0131nda ABD\u2019de d\u00fczenlenen T\u00fcketici Elektroni\u011fi Fuar\u0131 CES 2022\u2019de tan\u0131tt\u0131\u011f\u0131 Konsept Ak\u0131ll\u0131 Cihaz\u0131\u2019n\u0131,&nbsp;\u0130GA \u0130stanbul Havaliman\u0131\u2019nda sergilemeye ba\u015flad\u0131. T\u00fcrkiye\u2019nin iki gurur projesini bir araya getiren ve 15 Ocak 2023 tarihine kadar ger\u00e7ekle\u015fecek bu sergileme, \u0130GA \u0130stanbul [&hellip;]<\/p>\n","protected":false},"author":1,"featured_media":41193,"comment_status":"open","ping_status":"open","sticky":false,"template":"","format":"standard","meta":{"ngg_post_thumbnail":0},"categories":[5215,5388],"tags":[14917],"_links":{"self":[{"href":"https:\/\/emlaktuel.com\/index.php?rest_route=\/wp\/v2\/posts\/41192"}],"collection":[{"href":"https:\/\/emlaktuel.com\/index.php?rest_route=\/wp\/v2\/posts"}],"about":[{"href":"https:\/\/emlaktuel.com\/index.php?rest_route=\/wp\/v2\/types\/post"}],"author":[{"embeddable":true,"href":"https:\/\/emlaktuel.com\/index.php?rest_route=\/wp\/v2\/users\/1"}],"replies":[{"embeddable":true,"href":"https:\/\/emlaktuel.com\/index.php?rest_route=%2Fwp%2Fv2%2Fcomments&post=41192"}],"version-history":[{"count":1,"href":"https:\/\/emlaktuel.com\/index.php?rest_route=\/wp\/v2\/posts\/41192\/revisions"}],"predecessor-version":[{"id":41194,"href":"https:\/\/emlaktuel.com\/index.php?rest_route=\/wp\/v2\/posts\/41192\/revisions\/41194"}],"wp:featuredmedia":[{"embeddable":true,"href":"https:\/\/emlaktuel.com\/index.php?rest_route=\/wp\/v2\/media\/41193"}],"wp:attachment":[{"href":"https:\/\/emlaktuel.com\/index.php?rest_route=%2Fwp%2Fv2%2Fmedia&parent=41192"}],"wp:term":[{"taxonomy":"category","embeddable":true,"href":"https:\/\/emlaktuel.com\/index.php?rest_route=%2Fwp%2Fv2%2Fcategories&post=41192"},{"taxonomy":"post_tag","embeddable":true,"href":"https:\/\/emlaktuel.com\/index.php?rest_route=%2Fwp%2Fv2%2Ftags&post=41192"}],"curies":[{"name":"wp","href":"https:\/\/api.w.org\/{rel}","templated":true}]}}