{"id":41138,"date":"2022-11-28T12:06:01","date_gmt":"2022-11-28T09:06:01","guid":{"rendered":"https:\/\/emlaktuel.com\/?p=41138"},"modified":"2022-11-28T12:06:01","modified_gmt":"2022-11-28T09:06:01","slug":"sedat-karakutuk-konut-fiyatlarindaki-yuksek-artis-kentsel-donusumu-durma-noktasina-getirdi","status":"publish","type":"post","link":"https:\/\/emlaktuel.com\/?p=41138","title":{"rendered":"Sedat Karak\u00fct\u00fck: \u201cKonut fiyatlar\u0131ndaki y\u00fcksek art\u0131\u015f  kentsel d\u00f6n\u00fc\u015f\u00fcm\u00fc durma noktas\u0131na getirdi\u201d"},"content":{"rendered":"<p class=\"p1\"><span class=\"s1\"><i>Golden Sign Kurucu Orta\u011f\u0131 Sedat Karak\u00fct\u00fck: <\/i><\/span><b>\u201cKonut fiyatlar\u0131ndaki y\u00fcksek art\u0131\u015f<\/b><\/p>\n<p class=\"p3\"><b>kentsel d\u00f6n\u00fc\u015f\u00fcm\u00fc durma noktas\u0131na getirdi\u201d.<\/b><\/p>\n<p class=\"p5\"><b><i>\u00dclkemizdeki yap\u0131 sto\u011funun yenilenmesinin \u00f6nemine dikkat \u00e7eken Golden Sign Kurucu Orta\u011f\u0131 Sedat Karak\u00fct\u00fck, bir noktaya kadar gelen kentsel d\u00f6n\u00fc\u015f\u00fcm hareketinin konut fiyatlar\u0131 nedeniyle yava\u015flad\u0131\u011f\u0131n\u0131n alt\u0131n\u0131 \u00e7izdi. Karak\u00fct\u00fck \u201cGelinen noktada kentsel d\u00f6n\u00fc\u015f\u00fcm\u00fcn h\u0131z\u0131n\u0131n kesildi\u011fini g\u00f6r\u00fcyoruz. D\u00f6vize endeksli in\u015faat hammaddeleri olan demir, \u00e7imento gibi girdilerdeki fahi\u015f y\u00fckseli\u015fler \u00fcretim taraf\u0131nda sekt\u00f6r\u00fc yava\u015flatt\u0131\u201d dedi.<\/i><\/b><\/p>\n<p class=\"p6\">Gayrimenkul de\u011ferler konusunda global yat\u0131r\u0131mc\u0131lara yat\u0131r\u0131m dan\u0131\u015fmanl\u0131\u011f\u0131 hizmeti veren Golden Sign Kurucu Orta\u011f\u0131 Sedat Karak\u00fct\u00fck, konut fiyatlar\u0131n\u0131n beklenmedik d\u00fczeyde artmas\u0131n\u0131n kentsel d\u00f6n\u00fc\u015f\u00fcm\u00fcn yava\u015flamas\u0131na neden oldu\u011funa dikkat \u00e7ekti. T\u00fcrkiye\u2019nin deprem \u00fclkesi oldu\u011funa ve Marmara B\u00f6lgesi\u2019ni etkileyecek bir deprem beklendi\u011fine vurgu yapan Karak\u00fct\u00fck, kentsel d\u00f6n\u00fc\u015f\u00fcm\u00fcn en \u00f6ncelikli konular\u0131n ba\u015f\u0131nda geldi\u011fini dile getirdi.<\/p>\n<p class=\"p8\">Marmara Depremi\u2019nin ard\u0131ndan yap\u0131 sisteminin d\u00fczenlenmesi ile ilgili ad\u0131mlar at\u0131ld\u0131\u011f\u0131n\u0131 hat\u0131rlatan Sedat Karak\u00fct\u00fck ancak kentsel d\u00f6n\u00fc\u015f\u00fcm\u00fcn \u00e7ok daha h\u0131zl\u0131 ilerlemesi gerekti\u011finin alt\u0131n\u0131 \u00e7izdi. Karak\u00fct\u00fck \u201c1999 Marmara depreminden sonra deprem y\u00f6netmeli\u011fi hayata ge\u00e7irildi. Yap\u0131 denetim yasas\u0131 \u00e7\u0131kar\u0131ld\u0131. Beton ve demir \u00fcretimi ile ilgili standartlar d\u00fczenlendi. Bu d\u00fczenlemeler 2000 y\u0131l\u0131 ve sonras\u0131nda in\u015fa edilen yap\u0131larda yarar sa\u011flad\u0131. Ancak \u00f6nceden yap\u0131lan binalar\u0131n durumu kentsel d\u00f6n\u00fc\u015f\u00fcm\u00fc elzem hale getirdi.<span class=\"Apple-converted-space\">&nbsp; <\/span>20 milyonluk mevcut yap\u0131 sto\u011funun 7 milyonunun g\u00fcvenli olmad\u0131\u011f\u0131 a\u00e7\u0131kland\u0131 ve bu yap\u0131lar\u0131n yenilenmesi i\u00e7in kanun \u00e7\u0131kar\u0131ld\u0131\u201d dedi.<\/p>\n<h2 class=\"p8\"><b>\u201cMahalle \u00f6l\u00e7e\u011finde d\u00f6n\u00fc\u015f\u00fcmler faydal\u0131 oldu\u201d<\/b><\/h2>\n<p class=\"p8\">Sonras\u0131nda gerek g\u00fc\u00e7l\u00fc m\u00fcteahhitler eliyle, gerek devlet eliyle kentsel d\u00f6n\u00fc\u015f\u00fcm\u00fcn bir noktaya getirildi\u011fini ifade eden Sedat Karak\u00fct\u00fck, ancak mevcut ekonomik \u015fartlarda d\u00f6n\u00fc\u015f\u00fcm h\u0131z\u0131n\u0131n yava\u015flad\u0131\u011f\u0131na dikkat \u00e7ekti. Bu yava\u015flaman\u0131n nedenini ise beklenmedik \u015fekilde artan konut fiyatlar\u0131na ba\u011flayan Karak\u00fct\u00fck \u201cMahalle \u00f6l\u00e7e\u011finde yap\u0131lan kentsel d\u00f6n\u00fc\u015f\u00fcmler, faydal\u0131 oldu. Bu y\u00f6ntemde sadece binalar yenilenmedi, beraberinde altyap\u0131 yenilendi, \u00e7evre d\u00fczenlemeleri de yap\u0131ld\u0131. Bunun d\u0131\u015f\u0131nda bina baz\u0131nda d\u00f6n\u00fc\u015f\u00fcmler de ger\u00e7ekle\u015ftirildi. Ancak gelinen noktada kentsel d\u00f6n\u00fc\u015f\u00fcm\u00fcn h\u0131z\u0131n\u0131n kesildi\u011fini g\u00f6r\u00fcyoruz. D\u00f6vize endeksi in\u015faat hammaddeleri olan demir, \u00e7imento gibi girdilerdeki fahi\u015f y\u00fckseli\u015fler \u00fcretim taraf\u0131nda sekt\u00f6r\u00fc yava\u015flatt\u0131. Talep y\u00fcksek, arz d\u00fc\u015f\u00fck olunca da konut fiyatlar\u0131 ve kiralar beklenmedik bi\u00e7imde y\u00fckseldi. Dolay\u0131s\u0131yla Kentsel d\u00f6n\u00fc\u015f\u00fcm durma noktas\u0131na geldi. Oysa sadece y\u00fcksek risk ta\u015f\u0131yan alanlar de\u011fil, niteliksiz yap\u0131lar da kentsel d\u00f6n\u00fc\u015f\u00fcm yerleri olarak g\u00f6r\u00fclmeli.<span class=\"Apple-converted-space\">&nbsp; <\/span>D\u00f6n\u00fc\u015f\u00fcm; altyap\u0131 sorunlar\u0131n\u0131n giderilmesi \u015feklinde de ele al\u0131nmal\u0131. Bir deprem \u00fclkesi olma ger\u00e7e\u011finden hareketle, g\u00fcvenli kentler kurabilmek \u00f6ncelikli hedefimiz olmal\u0131\u201d diye konu\u015ftu.<\/p>\n<p class=\"p11\">www.goldensign.com.tr<\/p>\n<p class=\"p11\"><span class=\"s2\">444 6 069<\/span><\/p>\n","protected":false},"excerpt":{"rendered":"<p>Golden Sign Kurucu Orta\u011f\u0131 Sedat Karak\u00fct\u00fck: \u201cKonut fiyatlar\u0131ndaki y\u00fcksek art\u0131\u015f kentsel d\u00f6n\u00fc\u015f\u00fcm\u00fc durma noktas\u0131na getirdi\u201d. \u00dclkemizdeki yap\u0131 sto\u011funun yenilenmesinin \u00f6nemine dikkat \u00e7eken Golden Sign Kurucu Orta\u011f\u0131 Sedat Karak\u00fct\u00fck, bir noktaya kadar gelen kentsel d\u00f6n\u00fc\u015f\u00fcm hareketinin konut fiyatlar\u0131 nedeniyle yava\u015flad\u0131\u011f\u0131n\u0131n alt\u0131n\u0131 \u00e7izdi. Karak\u00fct\u00fck \u201cGelinen noktada kentsel d\u00f6n\u00fc\u015f\u00fcm\u00fcn h\u0131z\u0131n\u0131n kesildi\u011fini g\u00f6r\u00fcyoruz. D\u00f6vize endeksli in\u015faat hammaddeleri olan demir, [&hellip;]<\/p>\n","protected":false},"author":1,"featured_media":40962,"comment_status":"open","ping_status":"open","sticky":false,"template":"","format":"standard","meta":{"ngg_post_thumbnail":0},"categories":[5388],"tags":[15608],"_links":{"self":[{"href":"https:\/\/emlaktuel.com\/index.php?rest_route=\/wp\/v2\/posts\/41138"}],"collection":[{"href":"https:\/\/emlaktuel.com\/index.php?rest_route=\/wp\/v2\/posts"}],"about":[{"href":"https:\/\/emlaktuel.com\/index.php?rest_route=\/wp\/v2\/types\/post"}],"author":[{"embeddable":true,"href":"https:\/\/emlaktuel.com\/index.php?rest_route=\/wp\/v2\/users\/1"}],"replies":[{"embeddable":true,"href":"https:\/\/emlaktuel.com\/index.php?rest_route=%2Fwp%2Fv2%2Fcomments&post=41138"}],"version-history":[{"count":1,"href":"https:\/\/emlaktuel.com\/index.php?rest_route=\/wp\/v2\/posts\/41138\/revisions"}],"predecessor-version":[{"id":41139,"href":"https:\/\/emlaktuel.com\/index.php?rest_route=\/wp\/v2\/posts\/41138\/revisions\/41139"}],"wp:featuredmedia":[{"embeddable":true,"href":"https:\/\/emlaktuel.com\/index.php?rest_route=\/wp\/v2\/media\/40962"}],"wp:attachment":[{"href":"https:\/\/emlaktuel.com\/index.php?rest_route=%2Fwp%2Fv2%2Fmedia&parent=41138"}],"wp:term":[{"taxonomy":"category","embeddable":true,"href":"https:\/\/emlaktuel.com\/index.php?rest_route=%2Fwp%2Fv2%2Fcategories&post=41138"},{"taxonomy":"post_tag","embeddable":true,"href":"https:\/\/emlaktuel.com\/index.php?rest_route=%2Fwp%2Fv2%2Ftags&post=41138"}],"curies":[{"name":"wp","href":"https:\/\/api.w.org\/{rel}","templated":true}]}}