{"id":41123,"date":"2022-11-23T19:42:20","date_gmt":"2022-11-23T16:42:20","guid":{"rendered":"https:\/\/emlaktuel.com\/?p=41123"},"modified":"2022-11-23T19:42:20","modified_gmt":"2022-11-23T16:42:20","slug":"galataport-istanbulda-yepyeni-bir-divan-deneyimi","status":"publish","type":"post","link":"https:\/\/emlaktuel.com\/?p=41123","title":{"rendered":"Galataport \u0130stanbul&#8217;da yepyeni bir Divan deneyimi"},"content":{"rendered":"<p><strong>Divan\u2019\u0131n yeni ve \u00f6zel konseptini Galataport \u0130stanbul\u2019a ta\u015f\u0131d\u0131\u011f\u0131 \u2018Divan at the Port\u2019, Karak\u00f6y\u2019\u00fcn tarihi Paket Postanesi i\u00e7inde kap\u0131lar\u0131n\u0131 a\u00e7t\u0131. \u00d6zenle olu\u015fturulmu\u015f men\u00fcs\u00fc, kendine \u00f6zg\u00fc i\u00e7 mimarisi ve Divan\u2019\u0131n imzas\u0131 haline gelmi\u015f kalite anlay\u0131\u015f\u0131 ile \u2018Divan at the Port\u2019, Karak\u00f6y\u2019de misafirlerini bekliyor.&nbsp;<\/strong><\/p>\n<p>Y\u0131llar\u0131n de\u011fi\u015fmeyen kusursuz Divan deneyimini yepyeni bir konseptle sunan \u2018Divan at the Port\u2019; 22 Kas\u0131m Sal\u0131 g\u00fcn\u00fc d\u00fczenlenen \u00f6zel bir davetle kap\u0131lar\u0131n\u0131 a\u00e7t\u0131. Yo\u011fun ilgi g\u00f6ren a\u00e7\u0131l\u0131\u015fa, sanat, gastronomi ve i\u015f d\u00fcnyas\u0131ndan de\u011ferli isimler kat\u0131ld\u0131.&nbsp;<\/p>\n<p>\u2018Divan at the Port\u2019, Galataport \u0130stanbul\u2019un simgelerinden biri olan tarihi Paket Postanesi i\u00e7indeki lokasyonunda, Divan\u2019\u0131n k\u00f6kl\u00fc miras\u0131n\u0131 mekan\u0131n kendine has atmosferi i\u00e7inde yorumluyor. Karak\u00f6y\u2019\u00fcn ilham verici dokusu, Bo\u011faz ve Tarihi Yar\u0131mada manzaras\u0131 ile bulu\u015ftu\u011fu Divan at the Port, \u00f6zel men\u00fcs\u00fc ve e\u015fsiz mimarisi ile yepyeni bir deneyim sunuyor.<\/p>\n<p>Divan at the Port ve \u0130stanbul\u2019un kendine \u00f6zg\u00fc ritminde ve tam da merkezindeki \u015f\u0131k ve \u00f6zenli atmosferinde, kahve, tatl\u0131, kokteyl, \u015farap ve yan\u0131nda keyifli at\u0131\u015ft\u0131rmal\u0131klarla yerli ve yabanc\u0131 misafirlerini bu muazzam deneyime davet ediyor.&nbsp;<\/p>\n<p>&nbsp;<\/p>\n","protected":false},"excerpt":{"rendered":"<p>Divan\u2019\u0131n yeni ve \u00f6zel konseptini Galataport \u0130stanbul\u2019a ta\u015f\u0131d\u0131\u011f\u0131 \u2018Divan at the Port\u2019, Karak\u00f6y\u2019\u00fcn tarihi Paket Postanesi i\u00e7inde kap\u0131lar\u0131n\u0131 a\u00e7t\u0131. \u00d6zenle olu\u015fturulmu\u015f men\u00fcs\u00fc, kendine \u00f6zg\u00fc i\u00e7 mimarisi ve Divan\u2019\u0131n imzas\u0131 haline gelmi\u015f kalite anlay\u0131\u015f\u0131 ile \u2018Divan at the Port\u2019, Karak\u00f6y\u2019de misafirlerini bekliyor.&nbsp; Y\u0131llar\u0131n de\u011fi\u015fmeyen kusursuz Divan deneyimini yepyeni bir konseptle sunan \u2018Divan at the Port\u2019; 22 [&hellip;]<\/p>\n","protected":false},"author":1,"featured_media":41124,"comment_status":"open","ping_status":"open","sticky":false,"template":"","format":"standard","meta":{"ngg_post_thumbnail":0},"categories":[26],"tags":[16631],"_links":{"self":[{"href":"https:\/\/emlaktuel.com\/index.php?rest_route=\/wp\/v2\/posts\/41123"}],"collection":[{"href":"https:\/\/emlaktuel.com\/index.php?rest_route=\/wp\/v2\/posts"}],"about":[{"href":"https:\/\/emlaktuel.com\/index.php?rest_route=\/wp\/v2\/types\/post"}],"author":[{"embeddable":true,"href":"https:\/\/emlaktuel.com\/index.php?rest_route=\/wp\/v2\/users\/1"}],"replies":[{"embeddable":true,"href":"https:\/\/emlaktuel.com\/index.php?rest_route=%2Fwp%2Fv2%2Fcomments&post=41123"}],"version-history":[{"count":1,"href":"https:\/\/emlaktuel.com\/index.php?rest_route=\/wp\/v2\/posts\/41123\/revisions"}],"predecessor-version":[{"id":41125,"href":"https:\/\/emlaktuel.com\/index.php?rest_route=\/wp\/v2\/posts\/41123\/revisions\/41125"}],"wp:featuredmedia":[{"embeddable":true,"href":"https:\/\/emlaktuel.com\/index.php?rest_route=\/wp\/v2\/media\/41124"}],"wp:attachment":[{"href":"https:\/\/emlaktuel.com\/index.php?rest_route=%2Fwp%2Fv2%2Fmedia&parent=41123"}],"wp:term":[{"taxonomy":"category","embeddable":true,"href":"https:\/\/emlaktuel.com\/index.php?rest_route=%2Fwp%2Fv2%2Fcategories&post=41123"},{"taxonomy":"post_tag","embeddable":true,"href":"https:\/\/emlaktuel.com\/index.php?rest_route=%2Fwp%2Fv2%2Ftags&post=41123"}],"curies":[{"name":"wp","href":"https:\/\/api.w.org\/{rel}","templated":true}]}}