{"id":41010,"date":"2022-11-12T11:42:37","date_gmt":"2022-11-12T08:42:37","guid":{"rendered":"https:\/\/emlaktuel.com\/?p=41010"},"modified":"2022-11-12T11:42:37","modified_gmt":"2022-11-12T08:42:37","slug":"ankaranin-prestijli-projesi-nev201-kapilarini-aciyor","status":"publish","type":"post","link":"https:\/\/emlaktuel.com\/?p=41010","title":{"rendered":"Ankara\u2019n\u0131n Prestijli Projesi Nev201 Kap\u0131lar\u0131n\u0131 A\u00e7\u0131yor\u2026"},"content":{"rendered":"<p><strong>Kalyon \u0130n\u015faat ve ASF ortak projesi olan Nev201 kap\u0131lar\u0131n\u0131 a\u00e7\u0131yor. Ankara Mevlana Bulvar\u0131\u2019nda hayata ge\u00e7irilen projede bas\u0131n mensuplar\u0131yla bir araya gelen Kalyon ve ASF y\u00f6neticileri projeyi anlatt\u0131.<\/strong><\/p>\n<p><img loading=\"lazy\" class=\"alignnone size-full wp-image-41012\" src=\"https:\/\/emlaktuel.com\/wp-content\/uploads\/2022\/11\/Nev201-1.jpg\" alt=\"\" width=\"709\" height=\"531\"><\/p>\n<p>ANKARA Mevlana Bulvar\u0131\u2019nda hayata ge\u00e7en Nev201\u2019de d\u00fczenlenen bas\u0131n toplant\u0131s\u0131na say\u0131da bas\u0131n mensubu kat\u0131ld\u0131.&nbsp;<\/p>\n<p>Kalyon \u0130n\u015faat ve&nbsp;Asfuro\u011flu Grubu (ASF)&nbsp;ortakl\u0131\u011f\u0131yla hayata ge\u00e7irilen Nev201 projesi tamamland\u0131. Ankara\u2019n\u0131n ticaret merkezi Mevlana Bulvar\u0131\u2019nda konumlanan, 239 adet ofis ve 35 adet ticari \u00fcniteden olu\u015fan proje, se\u00e7kin mimari plan\u0131, merkezi konumu ve sosyal imk\u00e2nlar\u0131 ile fark yarat\u0131yor. Mevlana Bulvar\u0131 ile Malazgirt Bulvar\u0131\u2019n\u0131n bulu\u015ftu\u011fu merkezi noktada konumlanan ofis yap\u0131s\u0131 ile dikkat \u00e7eken ve \u00e7al\u0131\u015fanlar\u0131 Ankara manzaras\u0131 ile kucaklayan Nev 201 94 ile 207 metrekare aras\u0131nda de\u011fi\u015fen ve birle\u015ftirilebilir ofis se\u00e7enekleri sunuyor. 2 yatay ve 34 katl\u0131 1 dikey bloktan olu\u015fan proje; 18 bin 631 metrekare proje alan\u0131 ve 122 bin 545 metrekare de in\u015faat alan\u0131 ile \u015fehrin yeni ticaret merkezi olmay\u0131 hedefliyor. \u00c7ok say\u0131da \u00f6d\u00fcl\u00fc ve uluslararas\u0131 ba\u015far\u0131s\u0131 bulunan \u00fcnl\u00fc mimar Emre Arolat imzas\u0131 ta\u015f\u0131yan Nev201, mimarisi ile de ofis olmaktan \u00f6tesini vadediyor. Projenin geni\u015f i\u00e7 bah\u00e7e alanlar\u0131, i\u015f hayat\u0131n\u0131 ayn\u0131 zamanda sosyal ya\u015fam\u0131n bir par\u00e7as\u0131 haline getiriyor. Modern mimarisiyle dikkat \u00e7eken Nev201, her katta yer alan ortak kullan\u0131m balkonlar\u0131 ve balkonlu ofis alternatifleri ile \u00e7al\u0131\u015fanlar\u0131n molalar\u0131n\u0131 keyifli hale getiriyor. Mevlana Bulvar\u0131\u2019nda konumlanan proje, 1274 adet otopark\u0131 ve rahat ula\u015f\u0131m imk\u00e2n\u0131 ile de hayat\u0131 kolayla\u015ft\u0131r\u0131yor.&nbsp;<\/p>\n<h2><strong>\u201cDe\u011fer katan yat\u0131r\u0131mlar\u0131m\u0131z devam edecek\u201d<\/strong><\/h2>\n<p>Kalyon \u0130n\u015faat olarak Nev 201 projesini hayata ge\u00e7irmenin mutlulu\u011funu ya\u015fad\u0131klar\u0131n\u0131 aktaran Ticari Gayrimenkullerden Sorumlu Gayrimenkul Grup M\u00fcd\u00fcr\u00fc Zekeriya Yelci \u201cNev201\u2019i ba\u015fkentin en prestijli projesi olarak hayata ge\u00e7irdik. Her i\u015f modeline uygun ofis se\u00e7enekleri ile \u00e7al\u0131\u015fma ortam\u0131n\u0131 konforlu k\u0131lan Nev201; ayr\u0131ca balkonlu ofis alternatifleri de fark yarat\u0131yor. Ba\u015fkentin yeni ticaret merkezi olan, yatay mimari plan\u0131nda, Emre Arolat imzas\u0131 ile bir ofisten beklenenlerin \u00f6tesini sunan projemiz, insan hayat\u0131n\u0131 zenginle\u015ftirecek tasar\u0131m\u0131 ile ofis k\u00fclt\u00fcr\u00fcn\u00fc farkl\u0131 bir noktaya ta\u015f\u0131yor. Nev201 gibi gibi de\u011ferli yat\u0131r\u0131mlar\u0131m\u0131z\u0131 hayata ge\u00e7irmeye devam edece\u011fiz\u201d dedi.<\/p>\n<h2><strong>\u201c\u0130\u015f hayat\u0131na yepyeni bir soluk geliyor\u201d<\/strong><\/h2>\n<p>M\u00fcze otel konseptinde in\u015fa edilen The Museum Hotel Antakya\u2019n\u0131n da sahibi&nbsp;<strong>Asfuro\u011flu Grubu Y\u00f6netim Kurulu Ba\u015fkan\u0131 Necmi Asfuro\u011flu<\/strong>&nbsp;ise \u015funlar\u0131 s\u00f6yledi: \u201c\u00d6zellikle son y\u0131llarda hayata ge\u00e7en ofis projelerine olan ilgiye bakt\u0131\u011f\u0131m\u0131zda Ankara memur \u015fehri alg\u0131s\u0131n\u0131n y\u0131k\u0131ld\u0131\u011f\u0131n\u0131 Ankara\u2019n\u0131n sanayisi, tekno firmalar\u0131, savunma sanayisi ve b\u00fcy\u00fck k\u00fc\u00e7\u00fck \u00f6l\u00e7ekli firmalar\u0131 ile d\u00fcnya pazar\u0131ndaki yerini ald\u0131\u011f\u0131 yads\u0131namaz bir ger\u00e7ek.&nbsp;Bu durum kentteki nitelikli ofise olan talebi artt\u0131r\u0131yor, talebin artmas\u0131yla da Ankara&#8217;da nitelikli ofis a\u00e7\u0131\u011f\u0131 meydana geliyor. Evet Ba\u015fkent&#8217;te in\u015fa edilen ofis say\u0131s\u0131 fazla ancak ne yaz\u0131k ki b\u00fct\u00fcn ihtiya\u00e7lara kar\u015f\u0131l\u0131k verebilecek nitelikli projelere az rastlan\u0131yor. Biz Nev201 projesi ile bu a\u00e7\u0131\u011f\u0131 kapat\u0131rken; her g\u00fcn de\u011ferlenen projemizin yat\u0131r\u0131m de\u011ferinin y\u00fcksekli\u011fine de dikkat \u00e7ekmek isteriz. \u00dclkemizin \u00f6d\u00fcll\u00fc mimarlar\u0131ndan Emre Arolat\u2019\u0131n imzas\u0131n\u0131 ta\u015f\u0131yan; geni\u015f sosyal ya\u015fam alanlar\u0131na, bah\u00e7elere, modern ofis se\u00e7eneklerine sahip Nev201\u2019in Ankara ticaret hayat\u0131na fayda getirmesini temenni ediyoruz.\u201d<\/p>\n<h2><strong>\u201cOfis projeleri yat\u0131r\u0131m i\u00e7in do\u011fru adres\u201d<\/strong><\/h2>\n<p>Y\u00f6nelinen ofis projelerinin konut projelerine g\u00f6re daha avantajl\u0131 oldu\u011funu s\u00f6yleyen&nbsp;<strong>Necmi Asfuro\u011flu&nbsp;<\/strong>s\u00f6zlerine \u015funlar\u0131 ekledi: \u201cKonut, arsa iyi bir yat\u0131r\u0131m arac\u0131 olmas\u0131na ra\u011fmen, kar getirme ve y\u0131llara oranla de\u011ferlenme durumuna bakt\u0131\u011f\u0131m\u0131zda ofis projelerinin daha fazla \u00f6n plana \u00e7\u0131kt\u0131\u011f\u0131n\u0131 d\u00fc\u015f\u00fcn\u00fcyorum. Kira getirisi sa\u011flama ve yat\u0131r\u0131mlar\u0131n bu y\u00f6nde yap\u0131lmas\u0131 noktas\u0131nda bir g\u00f6r\u00fc\u015f varsa \u00f6ncelik ofis projesi olmal\u0131. Ofis projesi tercih edilirken ise mutlaka; ula\u015f\u0131m, sosyal donat\u0131, teknik detaylar gibi \u00f6zelliklere dikkat edilmelidir. B\u00fct\u00fcn bu detaylar\u0131n d\u00fc\u015f\u00fcn\u00fcl\u00fcp hayata ge\u00e7irildi\u011fi&nbsp;Nev201 projesi, i\u015f hayat\u0131nda sizi daima bir ad\u0131m \u00f6ne \u00e7\u0131karman\u0131n yan\u0131 s\u0131ra se\u00e7kin mimari plan\u0131, merkezi konumu, rahat ula\u015f\u0131m\u0131 ve sundu\u011fu sosyal imkanlar ile sadece ofis olmaktan \u00e7ok daha \u00f6tesine ge\u00e7iyor. Ayn\u0131 zamanda her g\u00fcn de\u011ferlenen projemiz, yat\u0131r\u0131m de\u011ferinin y\u00fcksekli\u011fi ile de dikkat \u00e7ekiyor.\u201d<\/p>\n","protected":false},"excerpt":{"rendered":"<p>Kalyon \u0130n\u015faat ve ASF ortak projesi olan Nev201 kap\u0131lar\u0131n\u0131 a\u00e7\u0131yor. Ankara Mevlana Bulvar\u0131\u2019nda hayata ge\u00e7irilen projede bas\u0131n mensuplar\u0131yla bir araya gelen Kalyon ve ASF y\u00f6neticileri projeyi anlatt\u0131. ANKARA Mevlana Bulvar\u0131\u2019nda hayata ge\u00e7en Nev201\u2019de d\u00fczenlenen bas\u0131n toplant\u0131s\u0131na say\u0131da bas\u0131n mensubu kat\u0131ld\u0131.&nbsp; Kalyon \u0130n\u015faat ve&nbsp;Asfuro\u011flu Grubu (ASF)&nbsp;ortakl\u0131\u011f\u0131yla hayata ge\u00e7irilen Nev201 projesi tamamland\u0131. Ankara\u2019n\u0131n ticaret merkezi Mevlana Bulvar\u0131\u2019nda [&hellip;]<\/p>\n","protected":false},"author":1,"featured_media":41011,"comment_status":"open","ping_status":"open","sticky":false,"template":"","format":"standard","meta":{"ngg_post_thumbnail":0},"categories":[219,5388],"tags":[128,16612,14070,16611],"_links":{"self":[{"href":"https:\/\/emlaktuel.com\/index.php?rest_route=\/wp\/v2\/posts\/41010"}],"collection":[{"href":"https:\/\/emlaktuel.com\/index.php?rest_route=\/wp\/v2\/posts"}],"about":[{"href":"https:\/\/emlaktuel.com\/index.php?rest_route=\/wp\/v2\/types\/post"}],"author":[{"embeddable":true,"href":"https:\/\/emlaktuel.com\/index.php?rest_route=\/wp\/v2\/users\/1"}],"replies":[{"embeddable":true,"href":"https:\/\/emlaktuel.com\/index.php?rest_route=%2Fwp%2Fv2%2Fcomments&post=41010"}],"version-history":[{"count":1,"href":"https:\/\/emlaktuel.com\/index.php?rest_route=\/wp\/v2\/posts\/41010\/revisions"}],"predecessor-version":[{"id":41013,"href":"https:\/\/emlaktuel.com\/index.php?rest_route=\/wp\/v2\/posts\/41010\/revisions\/41013"}],"wp:featuredmedia":[{"embeddable":true,"href":"https:\/\/emlaktuel.com\/index.php?rest_route=\/wp\/v2\/media\/41011"}],"wp:attachment":[{"href":"https:\/\/emlaktuel.com\/index.php?rest_route=%2Fwp%2Fv2%2Fmedia&parent=41010"}],"wp:term":[{"taxonomy":"category","embeddable":true,"href":"https:\/\/emlaktuel.com\/index.php?rest_route=%2Fwp%2Fv2%2Fcategories&post=41010"},{"taxonomy":"post_tag","embeddable":true,"href":"https:\/\/emlaktuel.com\/index.php?rest_route=%2Fwp%2Fv2%2Ftags&post=41010"}],"curies":[{"name":"wp","href":"https:\/\/api.w.org\/{rel}","templated":true}]}}