{"id":40999,"date":"2022-11-11T10:41:46","date_gmt":"2022-11-11T07:41:46","guid":{"rendered":"https:\/\/emlaktuel.com\/?p=40999"},"modified":"2022-11-11T10:41:46","modified_gmt":"2022-11-11T07:41:46","slug":"insaat-gecen-seneye-gore-yavas-seyrediyor","status":"publish","type":"post","link":"https:\/\/emlaktuel.com\/?p=40999","title":{"rendered":"\u0130n\u015faat Ge\u00e7en Seneye G\u00f6re Yava\u015f Seyrediyor"},"content":{"rendered":"<p><b>T\u00fcrkiye Haz\u0131r Beton Birli\u011fi (THBB), her ay merakla beklenen in\u015faat ile ba\u011flant\u0131l\u0131 imalat ve hizmet sekt\u00f6rlerindeki mevcut durum ile beklenen geli\u015fmeleri g\u00f6steren \u201cHaz\u0131r Beton Endeksi\u201d 2022 Ekim Ay\u0131 Raporu\u2019nu a\u00e7\u0131klad\u0131. Faaliyet Endeksi\u2019nin, ekim ay\u0131nda e\u015fik de\u011ferin \u00fczerine \u00e7\u0131ksa da istikrars\u0131z oldu\u011fu g\u00f6r\u00fclmektedir. Birle\u015fik Beton Endeksi, faaliyetteki art\u0131\u015f\u0131n etkisi ile y\u00fckselmi\u015f gibi g\u00f6r\u00fcnmesine ra\u011fmen sekt\u00f6rde h\u00e2l\u00e2 durgunlu\u011fa i\u015faret etmektedir.<\/b><\/p>\n<p>T\u00fcrkiye Haz\u0131r Beton Birli\u011fi (THBB) her ay a\u00e7\u0131klad\u0131\u011f\u0131 Haz\u0131r Beton Endeksi ile T\u00fcrkiye\u2019de in\u015faat sekt\u00f6r\u00fc ve ba\u011flant\u0131l\u0131 imalat ve hizmet sekt\u00f6rlerindeki mevcut durumu ve beklenen geli\u015fmeleri ortaya koymaktad\u0131r. \u0130n\u015faat sekt\u00f6r\u00fcn\u00fcn en temel girdilerinden biri olan ve ayn\u0131 zamanda \u00fcretiminden sonra k\u0131sa bir s\u00fcre i\u00e7inde stoklanmadan in\u015faatlarda kullan\u0131lan haz\u0131r betonla ilgili bu Endeks, in\u015faat sekt\u00f6r\u00fcn\u00fcn b\u00fcy\u00fcme h\u0131z\u0131n\u0131 ortaya koyan en \u00f6nemli g\u00f6stergelerinden biridir.<\/p>\n<p>Haz\u0131r Beton Endeksi Ekim Ay\u0131 Raporu\u2019na g\u00f6re, Faaliyet Endeksi\u2019nin istikrars\u0131z oldu\u011fu g\u00f6r\u00fclmektedir. Ekim ay\u0131nda e\u015fik de\u011ferin \u00fczerine \u00e7\u0131ksa da Faaliyet Endeksi\u2019nin s\u00fcrd\u00fcr\u00fclebilirli\u011fi \u015f\u00fcphelidir. G\u00fcven Endeksi 5 ayd\u0131r, Beklenti Endeksi ise 1 y\u0131ld\u0131r e\u015fik de\u011ferin alt\u0131nda kalmaktad\u0131r. Birle\u015fik Beton Endeksi, faaliyetteki art\u0131\u015f\u0131n etkisi ile y\u00fckselmi\u015f g\u00f6r\u00fcnmesine ra\u011fmen sekt\u00f6rde h\u00e2l\u00e2 durgunlu\u011fa i\u015faret etmektedir.<\/p>\n<p>Her 4 endeks de ge\u00e7en y\u0131l\u0131n ayn\u0131 d\u00f6nemine k\u0131yasla gerilemi\u015f g\u00f6r\u00fcl\u00fcrken, \u00f6zellikle beklentideki y\u00fcksek gerileme dikkat \u00e7ekiyor. Beklenti ve g\u00fcvenin ge\u00e7en y\u0131la k\u0131yasla d\u00fc\u015f\u00fck kalmas\u0131, hem mevcut durum hem de \u00f6n\u00fcm\u00fczdeki d\u00f6nem i\u00e7in in\u015faat sekt\u00f6r\u00fcnde beklenen canlanman\u0131n h\u00e2l\u00e2 uzak oldu\u011funun g\u00f6stergesidir.<\/p>\n<p>Raporun sonu\u00e7lar\u0131n\u0131 de\u011ferlendiren THBB Y\u00f6netim Kurulu Ba\u015fkan\u0131 Yavuz I\u015f\u0131k, \u201cFaaliyet Endeksi\u2019nin ekim ay\u0131nda e\u015fik de\u011ferin \u00fczerine \u00e7\u0131ksa da istikrars\u0131z oldu\u011fu g\u00f6r\u00fclmektedir. Bu nedenle Faaliyet Endeksi\u2019nin s\u00fcrd\u00fcr\u00fclebilirli\u011fi \u015f\u00fcphelidir.\u201d dedi.<\/p>\n<p>\u0130n\u015faat sekt\u00f6r\u00fcndeki verileri de de\u011ferlendiren Yavuz I\u015f\u0131k, \u201cT\u00dc\u0130K taraf\u0131ndan a\u00e7\u0131klanan ekonomik g\u00fcven endeksleri sekt\u00f6rel bazda incelendi\u011finde en d\u00fc\u015f\u00fck rakam\u0131n in\u015faat taraf\u0131nda oldu\u011fu anla\u015f\u0131lmaktad\u0131r. Ekim ay\u0131nda 90 de\u011feri ile y\u0131l i\u00e7erisindeki en y\u00fcksek de\u011ferine ula\u015fsa da h\u00e2len reel kesim ortalamas\u0131n\u0131n %11 alt\u0131nda devam etmektedir. \u00d6zellikle al\u0131nan kay\u0131tl\u0131 sipari\u015flerin mevcut d\u00fczeyi olduk\u00e7a d\u00fc\u015f\u00fckt\u00fcr. \u0130n\u015faat sekt\u00f6r\u00fcn\u00fcn mevcut faaliyet d\u00fczeyinin istihdamda bir d\u00fc\u015f\u00fc\u015fe yol a\u00e7mas\u0131 beklenmemekle birlikte sekt\u00f6r\u00fcn potansiyelini g\u00f6sterebilmesi i\u00e7in ilk el konuta olan talebin y\u00fckselmesi gerekmektedir.\u201d dedi.<\/p>\n<p>&nbsp;<\/p>\n","protected":false},"excerpt":{"rendered":"<p>T\u00fcrkiye Haz\u0131r Beton Birli\u011fi (THBB), her ay merakla beklenen in\u015faat ile ba\u011flant\u0131l\u0131 imalat ve hizmet sekt\u00f6rlerindeki mevcut durum ile beklenen geli\u015fmeleri g\u00f6steren \u201cHaz\u0131r Beton Endeksi\u201d 2022 Ekim Ay\u0131 Raporu\u2019nu a\u00e7\u0131klad\u0131. Faaliyet Endeksi\u2019nin, ekim ay\u0131nda e\u015fik de\u011ferin \u00fczerine \u00e7\u0131ksa da istikrars\u0131z oldu\u011fu g\u00f6r\u00fclmektedir. Birle\u015fik Beton Endeksi, faaliyetteki art\u0131\u015f\u0131n etkisi ile y\u00fckselmi\u015f gibi g\u00f6r\u00fcnmesine ra\u011fmen sekt\u00f6rde h\u00e2l\u00e2 [&hellip;]<\/p>\n","protected":false},"author":1,"featured_media":41000,"comment_status":"open","ping_status":"open","sticky":false,"template":"","format":"standard","meta":{"ngg_post_thumbnail":0},"categories":[5388],"tags":[67],"_links":{"self":[{"href":"https:\/\/emlaktuel.com\/index.php?rest_route=\/wp\/v2\/posts\/40999"}],"collection":[{"href":"https:\/\/emlaktuel.com\/index.php?rest_route=\/wp\/v2\/posts"}],"about":[{"href":"https:\/\/emlaktuel.com\/index.php?rest_route=\/wp\/v2\/types\/post"}],"author":[{"embeddable":true,"href":"https:\/\/emlaktuel.com\/index.php?rest_route=\/wp\/v2\/users\/1"}],"replies":[{"embeddable":true,"href":"https:\/\/emlaktuel.com\/index.php?rest_route=%2Fwp%2Fv2%2Fcomments&post=40999"}],"version-history":[{"count":1,"href":"https:\/\/emlaktuel.com\/index.php?rest_route=\/wp\/v2\/posts\/40999\/revisions"}],"predecessor-version":[{"id":41001,"href":"https:\/\/emlaktuel.com\/index.php?rest_route=\/wp\/v2\/posts\/40999\/revisions\/41001"}],"wp:featuredmedia":[{"embeddable":true,"href":"https:\/\/emlaktuel.com\/index.php?rest_route=\/wp\/v2\/media\/41000"}],"wp:attachment":[{"href":"https:\/\/emlaktuel.com\/index.php?rest_route=%2Fwp%2Fv2%2Fmedia&parent=40999"}],"wp:term":[{"taxonomy":"category","embeddable":true,"href":"https:\/\/emlaktuel.com\/index.php?rest_route=%2Fwp%2Fv2%2Fcategories&post=40999"},{"taxonomy":"post_tag","embeddable":true,"href":"https:\/\/emlaktuel.com\/index.php?rest_route=%2Fwp%2Fv2%2Ftags&post=40999"}],"curies":[{"name":"wp","href":"https:\/\/api.w.org\/{rel}","templated":true}]}}