{"id":40991,"date":"2022-11-08T18:49:26","date_gmt":"2022-11-08T15:49:26","guid":{"rendered":"https:\/\/emlaktuel.com\/?p=40991"},"modified":"2022-11-08T19:05:07","modified_gmt":"2022-11-08T16:05:07","slug":"gelirlerdeki-artis-konut-sektorunde-hareketlilige-neden-olacak","status":"publish","type":"post","link":"https:\/\/emlaktuel.com\/?p=40991","title":{"rendered":"Gelirlerdeki art\u0131\u015f konut sekt\u00f6r\u00fcnde hareketlili\u011fe neden olacak"},"content":{"rendered":"<p class=\"p1\"><b><i>H\u00fck\u00fcmetin \u00fczerinde \u00e7al\u0131\u015ft\u0131\u011f\u0131 EYT d\u00fczenlemesi ve yeni y\u0131lla birlikte \u00fccretlerde ya\u015fanmas\u0131 beklenen ciddi art\u0131\u015fla piyasadaki para bollu\u011funun artaca\u011f\u0131na dikkat \u00e7eken uzmanlar, bu durumun konut sat\u0131\u015f ve kiralamalar\u0131nda hareketlili\u011fe yol a\u00e7abilece\u011fini ifade etti.<\/i><\/b><\/p>\n<p class=\"p1\">Kerem N\u00fckte Gayrimenkul Ankara Direkt\u00f6r\u00fc Muhammet Din\u00e7, konut piyasas\u0131nda ya\u015fanan durgunlu\u011fun yeni y\u0131lla birlikte geride kalaca\u011f\u0131n\u0131 s\u00f6yledi. Gayrimenkul sekt\u00f6r\u00fcnde son y\u0131llarda ya\u015fanan haraketlili\u011fin yerini durgunlu\u011fa b\u0131rakt\u0131\u011f\u0131n\u0131 vurgulayan Muhammet Din\u00e7, konuttaki arz s\u0131k\u0131nt\u0131s\u0131n\u0131n, nakit ak\u0131\u015f\u0131ndaki bozulman\u0131n ve kredi bulmadaki zorluklar\u0131n piyasalar\u0131 olumsuz etkiledi\u011fini kaydetti. Din\u00e7, yeni y\u0131lla birlikte sekt\u00f6r\u00fc olumsuz etkileyen bir\u00e7ok unsurun ortadan kalkaca\u011f\u0131n\u0131, arz konusunda da h\u00fck\u00fcmetin ad\u0131mlar\u0131n\u0131n sekt\u00f6r\u00fc hareketlendirece\u011fini ileri s\u00fcrd\u00fc.<\/p>\n<h2 class=\"p1\">Para musluklar\u0131 a\u00e7\u0131lacak&nbsp;<\/h2>\n<p class=\"p1\">Gelecek yaz aylar\u0131nda ger\u00e7ekle\u015fmesi beklenen genel se\u00e7imler \u00f6ncesinde piyasalar\u0131n hareketlenece\u011fini, gayrimenkul sekt\u00f6r\u00fcn\u00fcn de bu hareketlilikten nasibini alaca\u011f\u0131n\u0131 s\u00f6yleyen Muhammet Din\u00e7, h\u00fck\u00fcmetin de ekonomi alan\u0131nda ataca\u011f\u0131 ad\u0131mlar\u0131n bu hareketlili\u011fi art\u0131raca\u011f\u0131n\u0131 savundu. Din\u00e7, \u201cBu y\u0131l\u0131n sonu itibar\u0131yla emeklilik hayali kuranlar i\u00e7in EYT d\u00fczenlemesi devreye girecek, yeni y\u0131lda ciddi oranda asgari \u00fccret art\u0131\u015f\u0131 ger\u00e7ekle\u015fecek, ayn\u0131 zamanda \u00e7al\u0131\u015fanlar\u0131n maa\u015flar\u0131nda da enflasyon oran\u0131nda zamlar olacak. Se\u00e7im \u00f6ncesi kredi musluklar\u0131n\u0131n da yeniden a\u00e7\u0131lmas\u0131 g\u00fcndemde. T\u00fcm bu geli\u015fmeler para musluklar\u0131n\u0131n a\u00e7\u0131laca\u011f\u0131 ve gayrimenkul piyasas\u0131n\u0131n hareketlenece\u011finin \u00f6nce i\u015faretleri\u201d de\u011ferlendirmesinde bulundu.<\/p>\n<h2 class=\"p1\">Yabanc\u0131lar\u0131n konuta ilgisi de piyasay\u0131 daha da hareketlendirecek&nbsp;<\/h2>\n<p class=\"p1\">Din\u00e7, sekt\u00f6rdeki daralmay\u0131 ortadan kald\u0131racak ad\u0131mlar\u0131n at\u0131lmaya ba\u015fland\u0131\u011f\u0131n\u0131, kar\u015f\u0131l\u0131\u011f\u0131n\u0131n ise \u00f6n\u00fcm\u00fczdeki y\u0131lla birlikte al\u0131nmaya ba\u015flayaca\u011f\u0131n\u0131 vurgulayarak, yabanc\u0131lar\u0131n T\u00fcrkiye\u2019deki konut talebine olan ilgisinin de piyasadaki canl\u0131l\u0131\u011fa katk\u0131 verece\u011fini kaydetti. Din\u00e7, <span class=\"s1\">\u2018\u2019Sekt\u00f6r\u00fcn canlanmas\u0131 i\u00e7in banka kredilerine ula\u015fmada ya\u015fanan zorluklar\u0131n \u00e7\u00f6z\u00fclmesi, faiz oranlar\u0131n\u0131n d\u00fc\u015fmesi, vade say\u0131lar\u0131n\u0131n artt\u0131r\u0131lmas\u0131 ve \u00e7e\u015fitli vergisel d\u00fczenlemeler de g\u00fcndeme gelebilir\u201d ifadelerini kulland\u0131. <\/span><\/p>\n","protected":false},"excerpt":{"rendered":"<p>H\u00fck\u00fcmetin \u00fczerinde \u00e7al\u0131\u015ft\u0131\u011f\u0131 EYT d\u00fczenlemesi ve yeni y\u0131lla birlikte \u00fccretlerde ya\u015fanmas\u0131 beklenen ciddi art\u0131\u015fla piyasadaki para bollu\u011funun artaca\u011f\u0131na dikkat \u00e7eken uzmanlar, bu durumun konut sat\u0131\u015f ve kiralamalar\u0131nda hareketlili\u011fe yol a\u00e7abilece\u011fini ifade etti. Kerem N\u00fckte Gayrimenkul Ankara Direkt\u00f6r\u00fc Muhammet Din\u00e7, konut piyasas\u0131nda ya\u015fanan durgunlu\u011fun yeni y\u0131lla birlikte geride kalaca\u011f\u0131n\u0131 s\u00f6yledi. Gayrimenkul sekt\u00f6r\u00fcnde son y\u0131llarda ya\u015fanan haraketlili\u011fin [&hellip;]<\/p>\n","protected":false},"author":1,"featured_media":40994,"comment_status":"open","ping_status":"open","sticky":false,"template":"","format":"standard","meta":{"ngg_post_thumbnail":0},"categories":[5388],"tags":[],"_links":{"self":[{"href":"https:\/\/emlaktuel.com\/index.php?rest_route=\/wp\/v2\/posts\/40991"}],"collection":[{"href":"https:\/\/emlaktuel.com\/index.php?rest_route=\/wp\/v2\/posts"}],"about":[{"href":"https:\/\/emlaktuel.com\/index.php?rest_route=\/wp\/v2\/types\/post"}],"author":[{"embeddable":true,"href":"https:\/\/emlaktuel.com\/index.php?rest_route=\/wp\/v2\/users\/1"}],"replies":[{"embeddable":true,"href":"https:\/\/emlaktuel.com\/index.php?rest_route=%2Fwp%2Fv2%2Fcomments&post=40991"}],"version-history":[{"count":1,"href":"https:\/\/emlaktuel.com\/index.php?rest_route=\/wp\/v2\/posts\/40991\/revisions"}],"predecessor-version":[{"id":40993,"href":"https:\/\/emlaktuel.com\/index.php?rest_route=\/wp\/v2\/posts\/40991\/revisions\/40993"}],"wp:featuredmedia":[{"embeddable":true,"href":"https:\/\/emlaktuel.com\/index.php?rest_route=\/wp\/v2\/media\/40994"}],"wp:attachment":[{"href":"https:\/\/emlaktuel.com\/index.php?rest_route=%2Fwp%2Fv2%2Fmedia&parent=40991"}],"wp:term":[{"taxonomy":"category","embeddable":true,"href":"https:\/\/emlaktuel.com\/index.php?rest_route=%2Fwp%2Fv2%2Fcategories&post=40991"},{"taxonomy":"post_tag","embeddable":true,"href":"https:\/\/emlaktuel.com\/index.php?rest_route=%2Fwp%2Fv2%2Ftags&post=40991"}],"curies":[{"name":"wp","href":"https:\/\/api.w.org\/{rel}","templated":true}]}}