{"id":40859,"date":"2022-11-01T11:46:51","date_gmt":"2022-11-01T08:46:51","guid":{"rendered":"https:\/\/emlaktuel.com\/?p=40859"},"modified":"2022-11-01T11:46:51","modified_gmt":"2022-11-01T08:46:51","slug":"toggda-liderlik-takimi-irem-sadikoglu-ile-daha-da-guclendi","status":"publish","type":"post","link":"https:\/\/emlaktuel.com\/?p=40859","title":{"rendered":"Togg&#8217;da liderlik tak\u0131m\u0131 \u0130rem Sad\u0131ko\u011flu ile daha da g\u00fc\u00e7lendi"},"content":{"rendered":"<p><strong>\u0130rem Sad\u0131ko\u011flu Togg&#8217;a CFO olarak atand\u0131.<\/strong><\/p>\n<p><strong>T\u00fcrkiye\u2019nin mobilite alan\u0131nda hizmet veren k\u00fcresel teknoloji markas\u0131 olan Togg&#8217;un b\u00fcnyesine finans ekiplerine liderlik yapan \u0130rem Sad\u0131ko\u011flu, Finanstan Sorumlu \u00dcst D\u00fczey Y\u00f6netici (CFO) olarak atand\u0131.<\/strong><\/p>\n<p>Togg, uluslararas\u0131 tecr\u00fcbeye sahip \u00fcst d\u00fczey y\u00f6netici atamalar\u0131yla organizasyon yap\u0131s\u0131n\u0131 g\u00fc\u00e7lendirmeye devam ediyor. Togg b\u00fcnyesinde iki y\u0131ld\u0131r finans ekiplerine liderlik yapan \u0130rem Sad\u0131ko\u011flu, 1 Kas\u0131m itibar\u0131yla CFO olarak sorumluluk \u00fcstlenecek.<\/p>\n<p>16 y\u0131ldan fazla s\u00fcredir T\u00fcrkiye ve Amerika\u2019daki \u00e7ok uluslu i\u015fletmelerde otomobil, perakende, \u00fcretim ve hizmet sekt\u00f6rlerinde finans alan\u0131 ile \u015firket al\u0131mlar\u0131, birle\u015fmeleri, halka arz gibi operasyonlarda global deneyime sahip olan Sad\u0131ko\u011flu, \u0130stanbul Teknik \u00dcniversitesi \u0130\u015fletme M\u00fchendisli\u011fi mezunu. Inholland \u00dcniversitesi\u2019nde Pazarlama, Kaliforniya \u00dcniversitesi\u2019nde (UCLA) \u0130\u015fletme Y\u00f6netimi alanlar\u0131nda da e\u011fitim g\u00f6ren \u0130rem Sad\u0131ko\u011flu, i\u015f hayat\u0131na T\u00fcrkiye PwC\u2019de ba\u015flad\u0131 ve Amerika\u2019da devam etti. 2013 y\u0131l\u0131nda, Global T\u00fcrkiye\u2019nin yolunu a\u00e7an ilk 500 Global T\u00fcrk\u2019ten biri olarak se\u00e7ilen Sad\u0131ko\u011flu, T\u00fcrkiye\u2019ye d\u00f6nd\u00fckten sonra Finansal Risk M\u00fcd\u00fcrl\u00fc\u011f\u00fc\u2019nden Genel M\u00fcd\u00fcrl\u00fc\u011fe pek \u00e7ok farkl\u0131 g\u00f6revde bulundu.&nbsp;<\/p>\n<p>Ekim 2020\u2019den bu yana Togg finans ekiplerine liderlik yapan \u0130rem Sad\u0131ko\u011flu, 1 Kas\u0131m itibar\u0131yla CFO olarak g\u00f6revini s\u00fcrd\u00fcrecek.<\/p>\n","protected":false},"excerpt":{"rendered":"<p>\u0130rem Sad\u0131ko\u011flu Togg&#8217;a CFO olarak atand\u0131. T\u00fcrkiye\u2019nin mobilite alan\u0131nda hizmet veren k\u00fcresel teknoloji markas\u0131 olan Togg&#8217;un b\u00fcnyesine finans ekiplerine liderlik yapan \u0130rem Sad\u0131ko\u011flu, Finanstan Sorumlu \u00dcst D\u00fczey Y\u00f6netici (CFO) olarak atand\u0131. Togg, uluslararas\u0131 tecr\u00fcbeye sahip \u00fcst d\u00fczey y\u00f6netici atamalar\u0131yla organizasyon yap\u0131s\u0131n\u0131 g\u00fc\u00e7lendirmeye devam ediyor. Togg b\u00fcnyesinde iki y\u0131ld\u0131r finans ekiplerine liderlik yapan \u0130rem Sad\u0131ko\u011flu, 1 [&hellip;]<\/p>\n","protected":false},"author":1,"featured_media":40860,"comment_status":"open","ping_status":"open","sticky":false,"template":"","format":"standard","meta":{"ngg_post_thumbnail":0},"categories":[5215],"tags":[16573,14917],"_links":{"self":[{"href":"https:\/\/emlaktuel.com\/index.php?rest_route=\/wp\/v2\/posts\/40859"}],"collection":[{"href":"https:\/\/emlaktuel.com\/index.php?rest_route=\/wp\/v2\/posts"}],"about":[{"href":"https:\/\/emlaktuel.com\/index.php?rest_route=\/wp\/v2\/types\/post"}],"author":[{"embeddable":true,"href":"https:\/\/emlaktuel.com\/index.php?rest_route=\/wp\/v2\/users\/1"}],"replies":[{"embeddable":true,"href":"https:\/\/emlaktuel.com\/index.php?rest_route=%2Fwp%2Fv2%2Fcomments&post=40859"}],"version-history":[{"count":1,"href":"https:\/\/emlaktuel.com\/index.php?rest_route=\/wp\/v2\/posts\/40859\/revisions"}],"predecessor-version":[{"id":40861,"href":"https:\/\/emlaktuel.com\/index.php?rest_route=\/wp\/v2\/posts\/40859\/revisions\/40861"}],"wp:featuredmedia":[{"embeddable":true,"href":"https:\/\/emlaktuel.com\/index.php?rest_route=\/wp\/v2\/media\/40860"}],"wp:attachment":[{"href":"https:\/\/emlaktuel.com\/index.php?rest_route=%2Fwp%2Fv2%2Fmedia&parent=40859"}],"wp:term":[{"taxonomy":"category","embeddable":true,"href":"https:\/\/emlaktuel.com\/index.php?rest_route=%2Fwp%2Fv2%2Fcategories&post=40859"},{"taxonomy":"post_tag","embeddable":true,"href":"https:\/\/emlaktuel.com\/index.php?rest_route=%2Fwp%2Fv2%2Ftags&post=40859"}],"curies":[{"name":"wp","href":"https:\/\/api.w.org\/{rel}","templated":true}]}}