{"id":40857,"date":"2022-11-01T11:41:59","date_gmt":"2022-11-01T08:41:59","guid":{"rendered":"https:\/\/emlaktuel.com\/?p=40857"},"modified":"2022-11-01T17:07:27","modified_gmt":"2022-11-01T14:07:27","slug":"40857","status":"publish","type":"post","link":"https:\/\/emlaktuel.com\/?p=40857","title":{"rendered":"TOK\u0130 Sosyal konutlara ba\u015fvuru 5 milyonu a\u015ft\u0131"},"content":{"rendered":"<p><strong>\u00c7evre, \u015eehircilik ve \u0130klim De\u011fi\u015fikli\u011fi Bakan\u0131 Murat Kurum, sosyal medya hesab\u0131ndan payla\u015f\u0131mda bulunarak TOK\u0130&#8217;nin ger\u00e7ekle\u015ftirdi\u011fi&nbsp; \u201c\u0130lk Evim\u201d kampanyas\u0131na 8 milyon vatanda\u015f\u0131m\u0131z\u0131n ba\u015fvurdu\u011funu, bu ba\u015fvurulardan ge\u00e7erli olan say\u0131n\u0131n 5 milyon 135 bin 324 oldu\u011funu s\u00f6yleyerek projeye 2 milyon 030 bin 277 gencin ba\u015fvuru yapt\u0131\u011f\u0131n\u0131 s\u00f6yledi.<\/strong><\/p>\n<p>Bankalar ve e-Devletten m\u00fcracaat s\u00fcresi tamamlanan <strong>\u201c\u0130lk Evim, \u0130lk \u0130\u015f Yerim\u201d<\/strong> projesine ili\u015fkin resm\u00ee sosyal medya hesab\u0131ndan a\u00e7\u0131klamalar yapan Bakan Murat Kurum, yapt\u0131\u011f\u0131 payla\u015f\u0131ma \u015fu \u015fekilde:<\/p>\n<p><strong><em>\u201c\u0130lk Evim projemize milletimiz g\u00fcvendi, inand\u0131! 1,5 ayda 8 milyon vatanda\u015f\u0131m\u0131z ba\u015fvurdu. Ge\u00e7erli ba\u015fvuru say\u0131s\u0131 5 milyon 135 bin 324! Projemize en \u00e7ok da gen\u00e7lerimiz ilgi g\u00f6sterdi. 2 milyon 30 bin 277 gencimizin ba\u015fvurusu var. En \u00e7ok ba\u015fvuru ise \u0130stanbul\u2019dan.\u201d, \u201cDaha ba\u015fvuru s\u00fcreci devam ederken, ge\u00e7en hafta ilk temellerimizi att\u0131k. 17 ilde 6 bine yak\u0131n konutumuz h\u0131zla y\u00fckseliyor. Kuralar\u0131m\u0131z\u0131 da bir an \u00f6nce \u00e7ekip, Mart ay\u0131na kadar hepsini tamamlayaca\u011f\u0131z. S\u00f6z verdi\u011fimiz gibi 2 y\u0131l i\u00e7inde 250.000 konutumuzu teslim edece\u011fiz.\u201d, \u201cProjemize sahip \u00e7\u0131kan t\u00fcm vatanda\u015flar\u0131m\u0131za m\u00fcte\u015fekkiriz! Milletimiz i\u00e7in en g\u00fczelini yapt\u0131k, yap\u0131yoruz, yapaca\u011f\u0131z!\u201d&nbsp;<\/em><\/strong><\/p>\n","protected":false},"excerpt":{"rendered":"<p>\u00c7evre, \u015eehircilik ve \u0130klim De\u011fi\u015fikli\u011fi Bakan\u0131 Murat Kurum, sosyal medya hesab\u0131ndan payla\u015f\u0131mda bulunarak TOK\u0130&#8217;nin ger\u00e7ekle\u015ftirdi\u011fi&nbsp; \u201c\u0130lk Evim\u201d kampanyas\u0131na 8 milyon vatanda\u015f\u0131m\u0131z\u0131n ba\u015fvurdu\u011funu, bu ba\u015fvurulardan ge\u00e7erli olan say\u0131n\u0131n 5 milyon 135 bin 324 oldu\u011funu s\u00f6yleyerek projeye 2 milyon 030 bin 277 gencin ba\u015fvuru yapt\u0131\u011f\u0131n\u0131 s\u00f6yledi. Bankalar ve e-Devletten m\u00fcracaat s\u00fcresi tamamlanan \u201c\u0130lk Evim, \u0130lk \u0130\u015f Yerim\u201d [&hellip;]<\/p>\n","protected":false},"author":1,"featured_media":40809,"comment_status":"open","ping_status":"open","sticky":false,"template":"","format":"standard","meta":{"ngg_post_thumbnail":0},"categories":[5388],"tags":[12821,16542,16543],"_links":{"self":[{"href":"https:\/\/emlaktuel.com\/index.php?rest_route=\/wp\/v2\/posts\/40857"}],"collection":[{"href":"https:\/\/emlaktuel.com\/index.php?rest_route=\/wp\/v2\/posts"}],"about":[{"href":"https:\/\/emlaktuel.com\/index.php?rest_route=\/wp\/v2\/types\/post"}],"author":[{"embeddable":true,"href":"https:\/\/emlaktuel.com\/index.php?rest_route=\/wp\/v2\/users\/1"}],"replies":[{"embeddable":true,"href":"https:\/\/emlaktuel.com\/index.php?rest_route=%2Fwp%2Fv2%2Fcomments&post=40857"}],"version-history":[{"count":2,"href":"https:\/\/emlaktuel.com\/index.php?rest_route=\/wp\/v2\/posts\/40857\/revisions"}],"predecessor-version":[{"id":40871,"href":"https:\/\/emlaktuel.com\/index.php?rest_route=\/wp\/v2\/posts\/40857\/revisions\/40871"}],"wp:featuredmedia":[{"embeddable":true,"href":"https:\/\/emlaktuel.com\/index.php?rest_route=\/wp\/v2\/media\/40809"}],"wp:attachment":[{"href":"https:\/\/emlaktuel.com\/index.php?rest_route=%2Fwp%2Fv2%2Fmedia&parent=40857"}],"wp:term":[{"taxonomy":"category","embeddable":true,"href":"https:\/\/emlaktuel.com\/index.php?rest_route=%2Fwp%2Fv2%2Fcategories&post=40857"},{"taxonomy":"post_tag","embeddable":true,"href":"https:\/\/emlaktuel.com\/index.php?rest_route=%2Fwp%2Fv2%2Ftags&post=40857"}],"curies":[{"name":"wp","href":"https:\/\/api.w.org\/{rel}","templated":true}]}}