{"id":40772,"date":"2022-10-28T00:26:57","date_gmt":"2022-10-27T21:26:57","guid":{"rendered":"https:\/\/emlaktuel.com\/?p=40772"},"modified":"2022-10-28T00:26:57","modified_gmt":"2022-10-27T21:26:57","slug":"sivasspor-bayragi-zirveye-dikti","status":"publish","type":"post","link":"https:\/\/emlaktuel.com\/?p=40772","title":{"rendered":"Sivasspor bayra\u011f\u0131 zirveye dikti"},"content":{"rendered":"<p class=\"p1\"><span class=\"s1\">KONFERANS Ligi G Grubu\u2019nda Sivasspor, sahas\u0131nda Rumen ekibi CFR Cluj\u2019u 3-0 ma\u011flup ederek liderli\u011fe y\u00fckseldi. Yi\u011fido\u2019nun gollerini 22 ve 73. dakikalarda Yatabare ve 64\u2019te Gradel kaydetti. \u0130kinci turu garantileyen garantileyen k\u0131rm\u0131z\u0131-beyazl\u0131lar, son haftada Slavia Prag\u2019la berabere bile kalsa gruptan lider \u00e7\u0131kacak.<\/span><\/p>\n","protected":false},"excerpt":{"rendered":"<p>KONFERANS Ligi G Grubu\u2019nda Sivasspor, sahas\u0131nda Rumen ekibi CFR Cluj\u2019u 3-0 ma\u011flup ederek liderli\u011fe y\u00fckseldi. Yi\u011fido\u2019nun gollerini 22 ve 73. dakikalarda Yatabare ve 64\u2019te Gradel kaydetti. \u0130kinci turu garantileyen garantileyen k\u0131rm\u0131z\u0131-beyazl\u0131lar, son haftada Slavia Prag\u2019la berabere bile kalsa gruptan lider \u00e7\u0131kacak.<\/p>\n","protected":false},"author":1,"featured_media":40774,"comment_status":"open","ping_status":"open","sticky":false,"template":"","format":"standard","meta":{"ngg_post_thumbnail":0},"categories":[5214],"tags":[16549,16550],"_links":{"self":[{"href":"https:\/\/emlaktuel.com\/index.php?rest_route=\/wp\/v2\/posts\/40772"}],"collection":[{"href":"https:\/\/emlaktuel.com\/index.php?rest_route=\/wp\/v2\/posts"}],"about":[{"href":"https:\/\/emlaktuel.com\/index.php?rest_route=\/wp\/v2\/types\/post"}],"author":[{"embeddable":true,"href":"https:\/\/emlaktuel.com\/index.php?rest_route=\/wp\/v2\/users\/1"}],"replies":[{"embeddable":true,"href":"https:\/\/emlaktuel.com\/index.php?rest_route=%2Fwp%2Fv2%2Fcomments&post=40772"}],"version-history":[{"count":1,"href":"https:\/\/emlaktuel.com\/index.php?rest_route=\/wp\/v2\/posts\/40772\/revisions"}],"predecessor-version":[{"id":40775,"href":"https:\/\/emlaktuel.com\/index.php?rest_route=\/wp\/v2\/posts\/40772\/revisions\/40775"}],"wp:featuredmedia":[{"embeddable":true,"href":"https:\/\/emlaktuel.com\/index.php?rest_route=\/wp\/v2\/media\/40774"}],"wp:attachment":[{"href":"https:\/\/emlaktuel.com\/index.php?rest_route=%2Fwp%2Fv2%2Fmedia&parent=40772"}],"wp:term":[{"taxonomy":"category","embeddable":true,"href":"https:\/\/emlaktuel.com\/index.php?rest_route=%2Fwp%2Fv2%2Fcategories&post=40772"},{"taxonomy":"post_tag","embeddable":true,"href":"https:\/\/emlaktuel.com\/index.php?rest_route=%2Fwp%2Fv2%2Ftags&post=40772"}],"curies":[{"name":"wp","href":"https:\/\/api.w.org\/{rel}","templated":true}]}}