{"id":40716,"date":"2022-10-25T22:13:50","date_gmt":"2022-10-25T19:13:50","guid":{"rendered":"https:\/\/emlaktuel.com\/?p=40716"},"modified":"2022-10-25T22:13:50","modified_gmt":"2022-10-25T19:13:50","slug":"bursanin-yeni-cazibe-merkezi-downtown-dev-markalari-bulusturuyor","status":"publish","type":"post","link":"https:\/\/emlaktuel.com\/?p=40716","title":{"rendered":"Bursa\u2019n\u0131n yeni cazibe merkezi &#8220;DownTown&#8221; dev markalar\u0131 bulu\u015fturuyor"},"content":{"rendered":"<p class=\"p4\"><span class=\"s2\"><b>Bursa\u2019da hayata ge\u00e7irilen en b\u00fcy\u00fck ve en prestijli projelerden birisi olan ve At\u0131\u015f Yap\u0131 taraf\u0131ndan ya\u015fama ge\u00e7irilen \u201cDownTown\u201d projesi, Bursa&#8217;n\u0131n cazibe merkezlerinden biri olmaya aday. Konut, <\/b><\/span><b>otel, <span class=\"s2\">ofis,<\/span> sanat ve k\u00fclt\u00fcr merkezi, oyun park\u0131, m\u00fcze, estetik, termal sa\u011fl\u0131k ve spor merkezi gibi bir\u00e7ok yap\u0131y\u0131 \u00e7at\u0131s\u0131 alt\u0131nda bar\u0131nd\u0131ran proje, Al\u0131\u015fveri\u015f Merkezi ile de olduk\u00e7a iddial\u0131 olarak geliyor. Bu strateji do\u011frultusu ile AVM b\u00f6l\u00fcm\u00fcn\u00fcn kiralama ve y\u00f6netimini T\u00fcrkiye\u2019nin en b\u00fcy\u00fck gruplar\u0131ndan biri olan Fiba Commercial Properties\u2019a emanet eden DownTown\u2019da, yerli ve yabanc\u0131 bir \u00e7ok g\u00fc\u00e7l\u00fc dev marka yak\u0131n bir zamanda Bursal\u0131larla bulu\u015facak.<\/b><\/p>\n<p class=\"p5\">At\u0131\u015f \u015eirketler Grubu taraf\u0131ndan Bursa\u2019da hayata ge\u00e7irilen DownTown projesi konsepti, loft daireleri, k\u00fclt\u00fcr&amp;sanat alanlar\u0131 ve Al\u0131\u015fveri\u015f Merkezi ile fark yaratarak \u00f6ne \u00e7\u0131kmaya haz\u0131rlan\u0131yor.<b> <\/b>Perakende sekt\u00f6r\u00fcn\u00fcn heyecanla bekledi\u011fi DownTown\u2019un Al\u0131\u015fveri\u015f Merkezi (AVM) b\u00f6l\u00fcm\u00fcn\u00fcn kiralama ve y\u00f6netimini, T\u00fcrkiye\u2019nin en b\u00fcy\u00fck gruplar\u0131ndan Fiba Commercial Properties (Fiba CP) yapacak.<span class=\"Apple-converted-space\">&nbsp; <\/span>Downtown\u2019da ger\u00e7ekle\u015ftirilen bas\u0131n toplant\u0131s\u0131yla duyurulan i\u015f birli\u011fi ile pek \u00e7ok s\u00fcrpriz marka Bursa\u2019ya gelecek. Toplam kiralanabilir 72 bin metrekarelik alana sahip olan AVM b\u00f6l\u00fcm\u00fcnde \u015fimdiye dek 3 bin 315 metrekarelik alan\u0131n s\u00f6zle\u015fmesi imzalan\u0131rken; ulusal ve uluslararas\u0131 pek \u00e7ok marka ile de \u00f6n s\u00f6zle\u015fmeler yap\u0131lm\u0131\u015f durumda. Toplant\u0131da ger\u00e7ekle\u015fen imza t\u00f6renine <span class=\"s2\">At\u0131\u015f \u015eirketler Grubu Y\u00f6netim Kurulu Ba\u015fkan\u0131 H\u00fcsamettin At\u0131\u015f,<\/span> At\u0131\u015f \u015eirketler Grubu CEO\u2019su Ahmet At\u0131\u015f, <span class=\"s2\">Fiba CP CEO\u2019su ve Y\u00f6netim Kurulu \u00dcyesi Yurdaer Kahraman, Pars Toprak A.\u015e. Y\u00f6netim Kurulu \u00dcyeleri Ahmet Erd\u00f6nmez ile <\/span><span class=\"s3\">Pars Toprak A.\u015e. Y\u00f6netim Kurulu \u00dcyesi Halil \u0130brahim Erd\u00f6nmez kat\u0131ld\u0131.<\/span><\/p>\n<h2 class=\"p7\"><b>Bursa\u2019de en b\u00fcy\u00fck AVM olacak<\/b><\/h2>\n<p class=\"p8\">Downtown\u2019da bir \u00e7ok \u00f6nemli markalar ma\u011fazalar\u0131yla yer alacaklar. Bunlardan birisi de \u201cVakko World\u201d. \u201cVakko World\u201d b\u00f6lgedeki en b\u00fcy\u00fck Vakko olma \u00f6zelli\u011fi ile de ad\u0131ndan s\u00f6z ettirecek.<span class=\"Apple-converted-space\">&nbsp; <\/span><b>Vakko,<\/b>&nbsp;<b>Vakkorama, V2K, ile <\/b>Bursa\u2019da bir ilk olacak<b> Vakko Couture&amp;Wedding <\/b>ve<span class=\"Apple-converted-space\">&nbsp; <\/span><b>Vakko Bistrot<\/b>&nbsp;markalar\u0131yla projede yer alacak. Yine Vakko Grub markalar\u0131ndan olan <b>W Collection\u2019\u0131n&nbsp;<\/b>da DownTown\u2019da 300 metrekarelik bir alanda yer almas\u0131 i\u00e7in \u00f6n s\u00f6zle\u015fmesi yap\u0131lm\u0131\u015f durumda.<\/p>\n<p class=\"p8\">Bas\u0131n toplant\u0131s\u0131nda bu i\u015f birli\u011finden duyduklar\u0131 mutlulu\u011fu dile getiren At\u0131\u015f \u015eirketler Grubu CEO\u2019su Ba\u015fkan\u0131 Ahmet At\u0131\u015f, \u201cF\u0130BA Commercial Properties ile yapt\u0131\u011f\u0131m\u0131z bu i\u015f birli\u011finde, AVM y\u00f6netimi alan\u0131n\u0131 en iyisine b\u0131rakt\u0131\u011f\u0131m\u0131z i\u00e7in i\u00e7imiz rahat. \u00d6zye\u011fin Ailesi ile b\u00f6yle bir i\u015fbirli\u011fi yapt\u0131\u011f\u0131m\u0131z i\u00e7in \u00e7ok mutluyuz. Ayr\u0131ca yapt\u0131\u011f\u0131m\u0131z i\u015fbirli\u011fi bununla da kalmayacak, gerek finansal piyasalarda gerekse de \u00fcniversite aya\u011f\u0131nda yapaca\u011f\u0131m\u0131z giri\u015fimlerle \u00e7al\u0131\u015fma sistemlerimizi ta\u00e7land\u0131raca\u011f\u0131z. Biz Downtown Projesi i\u00e7indeki her yap\u0131lanmada l\u00fcks\u00fc ve \u00e7izgi \u00fcst\u00fc deneyimleri ziyaret\u00e7i ve m\u00fc\u015fterilerimize sunma amac\u0131 ile yola \u00e7\u0131kt\u0131k. Downtown AVM ile Bursa\u2019ya getirece\u011fimiz yeni markalar ve sunaca\u011f\u0131m\u0131z yeni nesil al\u0131\u015fveri\u015f deneyimleriyle, \u015fehrin en cazibeli AVM\u2019sini kurma stratejisi \u00e7er\u00e7evesinde aksiyon al\u0131yoruz. 18 Mart 2023\u2019te Downtown AVM E\u011flence ve Ya\u015fam Merkezi\u2019ni a\u00e7may\u0131 planl\u0131yoruz. \u015eu anda bununla ilgili planlamalarda y\u00fczde 50 dolulu\u011fa da ula\u015fm\u0131\u015f bulunuyoruz. Biz standart bir AVM de\u011fil, ziyaret\u00e7ilerin haftan\u0131n \u00fc\u00e7 d\u00f6rt g\u00fcn\u00fc gelip vakit ge\u00e7irece\u011fi bir ya\u015fam merkezi kurma amac\u0131nday\u0131z \u201d \u015feklinde konu\u015ftu.<\/p>\n<p class=\"p8\">Toplant\u0131da s\u00f6z alan Fiba CP CEO\u2019su ve Y\u00f6netim Kurulu \u00dcyesi Yurdaer Kahraman ise Downtown\u2019\u0131n, \u2018Bursa\u2019n\u0131n en b\u00fcy\u00fck yeni nesil karma ya\u015fam merkezi\u2019 oldu\u011funa dikkat \u00e7ekerek s\u00f6zlerini \u015f\u00f6yle s\u00fcrd\u00fcrd\u00fc:<b> \u201c<\/b>Fiba CP olarak hem ulusal hem global pazarda t\u00fcm sekt\u00f6r\u00fcm\u00fcze ve payda\u015flar\u0131m\u0131za s\u00fcrd\u00fcr\u00fclebilir, yenilik\u00e7i ve fark yaratan \u00e7\u00f6z\u00fcmler sunuyoruz. AVM, ofis, otel, rezidans ve sinema gibi ticari gayrimenkul yat\u0131r\u0131mlar\u0131 alan\u0131nda sadece T\u00fcrkiye\u2019de de\u011fil, Do\u011fu Avrupa ve \u00c7in\u2019de de aktif olarak \u00e7\u00f6z\u00fcm ortakl\u0131\u011f\u0131 sunuyoruz. Bu kapsamda perakende sekt\u00f6r\u00fcn\u00fcn heyecanla bekledi\u011fi Downtown\u2019un AVM b\u00f6l\u00fcm\u00fcn\u00fcn kiralama ve y\u00f6netimini \u00fcstlendi\u011fimiz yeni bir anla\u015fma yapmaktan b\u00fcy\u00fck mutluluk duyuyoruz.&nbsp; Bursa\u2019n\u0131n en b\u00fcy\u00fck yeni nesil karma ya\u015fam merkezi olarak hayata ge\u00e7irilen Downtown i\u00e7in hem ulusal hemde uluslararas\u0131 projelerde y\u00fcksek deneyim sahibi ekibimiz ile \u00e7al\u0131\u015fmaya ba\u015flad\u0131k. Bursam\u0131z ve b\u00f6lgesi i\u00e7in yeni de\u011fer olacak al\u0131\u015fveri\u015f merkezinde hem i\u015f ortaklar\u0131m\u0131z hem de ziyaret\u00e7ilerimiz i\u00e7in y\u00fcksek kalite standartlar\u0131n\u0131n olu\u015fturulmas\u0131n\u0131 sa\u011flayaca\u011f\u0131z. Yeni nesil al\u0131\u015fveri\u015f deneyiminin ya\u015fat\u0131laca\u011f\u0131 Downtown AVM\u2019de yeni nesil y\u00f6netim anlay\u0131\u015f\u0131 ile birlikte markaya katma de\u011fer yarat\u0131rken, di\u011fer projelerde de \u00e7\u00f6z\u00fcm orta\u011f\u0131 olarak ilerlemeyi planl\u0131yoruz\u201d dedi.<\/p>\n<p class=\"p8\">\u0130mza t\u00f6reninin bir di\u011fer kat\u0131l\u0131mc\u0131s\u0131 olan Pars Toprak A.\u015e. Y\u00f6netim Kurulu \u00dcyesi Ahmet Erd\u00f6nmez ise bu projede yola sadece finansal kayg\u0131larla \u00e7\u0131kmad\u0131klar\u0131n\u0131, k\u00fclt\u00fcr-sanat ve ya\u015fam de\u011ferlerin de \u00fczerinde durduklar\u0131n\u0131 s\u00f6yledi. Erd\u00f6nmez, \u201cProje i\u00e7erisinde hayata ge\u00e7irece\u011fimiz m\u00fczemizde 15-20 bin par\u00e7ay\u0131 sergiliyor olaca\u011f\u0131z. Burada Atat\u00fcrk ile ilgili de s\u00fcrprizlerimiz bulunacak\u201d diye konu\u015ftu.<\/p>\n<h2 class=\"p7\"><b>\u201cEVINN Design Center&#8221; ve <\/b><b>\u201cDas Das\u201d da Bursalal\u0131rla Bulu\u015facak<\/b><\/h2>\n<p class=\"p5\">500 ki\u015filik kapasitesi, tiyatro, konser, seminer, lansman gibi birbirinden farkl\u0131 organizasyonlar\u0131n yap\u0131labilece\u011fi \u00e7ok ama\u00e7l\u0131 salonu ile Bursa\u2019n\u0131n yeni sahnesi; DAS DAS, DownTown\u2019da yer alacak. 6000 metrekare alanda toplam 4 katta konumland\u0131r\u0131lacak olan EVINN Design Center ise tasar\u0131m, dekorasyon ve sanat alanlar\u0131n\u0131 kendine \u00f6zg\u00fc mimari bir dokunu\u015f ve yenilik\u00e7i bir dille harmanlayarak ziyaret\u00e7ileri ile bulu\u015fturan bir konsept sunacak.<\/p>\n<p class=\"p10\"><span class=\"s1\"><b>Downtown Hakk\u0131nda:<\/b><\/span><\/p>\n<p class=\"p11\">Bursa\u2019n\u0131n en \u00e7ok n\u00fcfusa sahip il\u00e7esi Osmangazi ile en h\u0131zl\u0131 geli\u015fen ve b\u00fcy\u00fcyen il\u00e7esi Nil\u00fcfer aras\u0131nda yer alan Downtown Bursa; avantajl\u0131 konumu, kolay ula\u015f\u0131labilir olmas\u0131, modern mimarisi ve b\u00fcnyesinde yer alan farkl\u0131 amaca hizmet eden b\u00f6l\u00fcmleri ile her g\u00fcn binlerce ki\u015fiye hizmet verecek. Ma\u011faza \u00e7e\u015fitlili\u011fi, sosyal ve k\u00fclt\u00fcrel alanlar\u0131, rahat giri\u015f \u00e7\u0131k\u0131\u015flar\u0131, yeme-i\u00e7me alanlar\u0131, tiyatro ve sinema salonlar\u0131, g\u00f6steri havuzu, m\u00fcze, otel, i\u015f merkezleri, konut, rezidans, a\u00e7\u0131k teras ve caddeleriyle \u015fehrin merkezinde yeni bir ya\u015fama imza atan Downtown Bursa; 1008 adet farkl\u0131 tip ve b\u00fcy\u00fckl\u00fckte konut ve rezidans\u0131n yan\u0131nda, teknolojiyle ya\u015fam\u0131 birle\u015ftiren 49 adet ofisi ile sakinlerine y\u00fcksek standartlarda konfor sunuyor.<\/p>\n<p class=\"p10\"><span class=\"s1\"><b>Fiba CP Hakk\u0131nda:<\/b><\/span><\/p>\n<p class=\"p11\">Fiba Grubu\u2019nun finans ve finans d\u0131\u015f\u0131 sekt\u00f6r deneyimini, ticari gayrimenkul deneyimi ile birle\u015ftiren Fiba Commercial Properties, ulusal ve uluslarars\u0131 platformda \u00f6nde gelen ticari gayrimenkul yat\u0131r\u0131mc\u0131lar\u0131ndand\u0131r. Mevcut portf\u00f6y\u00fcnde 12 al\u0131\u015fveri\u015f merkezi ba\u015fta olmak \u00fczere, 700.000 m2 kiralanabilir alan, 1000\u2019i a\u015fk\u0131m marka ve ma\u011faza, 5 ofis binas\u0131, 4 rezidans, 1 Otel ve 3 sinemas\u0131 bulunan Fiba Commercial Properties; T\u00fcrkiye, \u00c7in, Romanya ve Moldova\u2019da operasyonlar\u0131na devam etmektedir. Edindi\u011fi bu tecr\u00fcbelerle di\u011fer payda\u015flar\u0131n\u0131n yat\u0131r\u0131mlar\u0131na da de\u011fer katma hedefiyle 2018 y\u0131l\u0131n\u0131n son \u00e7eyre\u011finde y\u00f6netim hizmeti de vermeye ba\u015flad\u0131.<\/p>\n","protected":false},"excerpt":{"rendered":"<p>Bursa\u2019da hayata ge\u00e7irilen en b\u00fcy\u00fck ve en prestijli projelerden birisi olan ve At\u0131\u015f Yap\u0131 taraf\u0131ndan ya\u015fama ge\u00e7irilen \u201cDownTown\u201d projesi, Bursa&#8217;n\u0131n cazibe merkezlerinden biri olmaya aday. Konut, otel, ofis, sanat ve k\u00fclt\u00fcr merkezi, oyun park\u0131, m\u00fcze, estetik, termal sa\u011fl\u0131k ve spor merkezi gibi bir\u00e7ok yap\u0131y\u0131 \u00e7at\u0131s\u0131 alt\u0131nda bar\u0131nd\u0131ran proje, Al\u0131\u015fveri\u015f Merkezi ile de olduk\u00e7a iddial\u0131 olarak [&hellip;]<\/p>\n","protected":false},"author":1,"featured_media":40717,"comment_status":"open","ping_status":"open","sticky":false,"template":"","format":"standard","meta":{"ngg_post_thumbnail":0},"categories":[5388],"tags":[],"_links":{"self":[{"href":"https:\/\/emlaktuel.com\/index.php?rest_route=\/wp\/v2\/posts\/40716"}],"collection":[{"href":"https:\/\/emlaktuel.com\/index.php?rest_route=\/wp\/v2\/posts"}],"about":[{"href":"https:\/\/emlaktuel.com\/index.php?rest_route=\/wp\/v2\/types\/post"}],"author":[{"embeddable":true,"href":"https:\/\/emlaktuel.com\/index.php?rest_route=\/wp\/v2\/users\/1"}],"replies":[{"embeddable":true,"href":"https:\/\/emlaktuel.com\/index.php?rest_route=%2Fwp%2Fv2%2Fcomments&post=40716"}],"version-history":[{"count":1,"href":"https:\/\/emlaktuel.com\/index.php?rest_route=\/wp\/v2\/posts\/40716\/revisions"}],"predecessor-version":[{"id":40718,"href":"https:\/\/emlaktuel.com\/index.php?rest_route=\/wp\/v2\/posts\/40716\/revisions\/40718"}],"wp:featuredmedia":[{"embeddable":true,"href":"https:\/\/emlaktuel.com\/index.php?rest_route=\/wp\/v2\/media\/40717"}],"wp:attachment":[{"href":"https:\/\/emlaktuel.com\/index.php?rest_route=%2Fwp%2Fv2%2Fmedia&parent=40716"}],"wp:term":[{"taxonomy":"category","embeddable":true,"href":"https:\/\/emlaktuel.com\/index.php?rest_route=%2Fwp%2Fv2%2Fcategories&post=40716"},{"taxonomy":"post_tag","embeddable":true,"href":"https:\/\/emlaktuel.com\/index.php?rest_route=%2Fwp%2Fv2%2Ftags&post=40716"}],"curies":[{"name":"wp","href":"https:\/\/api.w.org\/{rel}","templated":true}]}}