{"id":40652,"date":"2022-10-23T11:52:53","date_gmt":"2022-10-23T08:52:53","guid":{"rendered":"https:\/\/emlaktuel.com\/?p=40652"},"modified":"2022-10-23T11:53:14","modified_gmt":"2022-10-23T08:53:14","slug":"dikkat-toki-500-bin-sosyal-konut-icin-son-tarih-yaklasti","status":"publish","type":"post","link":"https:\/\/emlaktuel.com\/?p=40652","title":{"rendered":"Dikkat! TOK\u0130 500 bin Sosyal Konut i\u00e7in son tarih yakla\u015ft\u0131"},"content":{"rendered":"<p>Toplu Konut \u0130daresi taraf\u0131ndan yap\u0131lacak olan (TOK\u0130) sosyal 500 bin konut ba\u015fvurusu i\u00e7in son bu hafta sona gelindi. 13 Eyl\u00fcl 2022&#8217;de Cumhurba\u015fkan\u0131 Recep Tayyip Erdo\u011fan taraf\u0131ndan ayr\u0131nt\u0131lar\u0131 ile duyurularak ba\u015flayan, sosyal konut ba\u015fvurular\u0131 Ekim ay\u0131n\u0131n 31&#8217;de sona erecek. Cumhuriyet tarihinde en b\u00fcy\u00fck sosyal konut hamlesi olarak ev sahibi olmak isteyenlere umut olan 500 bin sosyal konutun 250 bini iki sene i\u00e7erisinde bitirilcek.&nbsp;<\/p>\n<p>TOK\u0130 500 bin Sosyal konut vatanda\u015flar\u0131m\u0131z taraf\u0131ndan b\u00fcy\u00fck ilgisiyle kar\u015f\u0131land\u0131 ve \u015fimdiye kadar 7,5 milyon ki\u015fi ba\u015fvuruda bulundu. Ba\u015fvurular bir hafta daha devam edecek. Bu hafta ile ba\u015fvuru say\u0131lar\u0131n\u0131n 8 milyonu a\u015fmas\u0131 bekleniyor.<\/p>\n<p>Tapu ve gelir kay\u0131tlar\u0131n\u0131 g\u00f6steren sistem \u00fczerinden denetleme yapan Toplu Konut \u0130daresi (TOK\u0130), ba\u015fvuruda bulunanlar\u0131n \u015fartlar\u0131 yerine getirip getirmedi\u011fini sistem \u00fczerinden kontrol ediyor. Yeni \u015eafak&#8217;ta ki habere g\u00f6re, \u015fimdiye kadar yap\u0131lan denetimlerle \u015fartlar\u0131 uymad\u0131\u011f\u0131 i\u00e7in 2,7 milyon vatanda\u015f\u0131n ba\u015fvurusu ge\u00e7erli say\u0131lmad\u0131. \u015eartlara uygun olmad\u0131\u011f\u0131 i\u00e7in elenen ve kuraya dahil edilmeyecek ba\u015fvuru sahiplerine SMS at\u0131l\u0131yor ve bilgi veriliyor.&nbsp;<\/p>\n<h2>Kuralar i\u00e7in haz\u0131rl\u0131klara ba\u015flanacak<\/h2>\n<p>T\u00fcrkiye genelinde 81 ilimizde hayata ge\u00e7irilecek olan TOK\u0130 500 bin sosyal konutun 250 bini i\u00e7in iki senede tamamlanmas\u0131 planlan\u0131yor. 5 y\u0131l i\u00e7erisinde de ise hepsi bitirilerek hak sahiplerine teslim edilecek bu konutlar, T\u00fcrkiye\u2019de senelik olarak 800 bin konut ihtiyac\u0131n\u0131n \u00f6nemli bir k\u0131sm\u0131n\u0131 kar\u015f\u0131layarak konut piyasayas\u0131na nefes ald\u0131rmas\u0131 \u00f6ng\u00f6r\u00fcl\u00fcyor.&nbsp;<\/p>\n<p>Bir milyon arsan\u0131n 250 biniin ve 50 bin i\u015f yeri i\u00e7in ise ilk 10 bin adedinin iki y\u0131l i\u00e7erisinde tamamlanmas\u0131 planlan\u0131yor.&nbsp; \u0130ki y\u0131lda tamamlanmas\u0131 planlanan sosyal konut ve i\u015f yeri ile tahsis edilecek sosyal konut arsalar\u0131 kuralar\u0131 i\u00e7in bu y\u0131l ba\u015flayacak ve gelecek senenin ilk \u00fc\u00e7 ay\u0131nda bitirilecek.&nbsp;<\/p>\n<p><strong>\u201c\u0130lk Evim \u0130lk \u0130\u015f Yerim\u201d<\/strong> hamlesinin \u00f6nemli bir k\u0131sm\u0131da arsa ile i\u015f yerlerinden meydana geliyor. <strong>\u2018\u0130lk Evim Arsa<\/strong>\u2019 ve \u2018\u0130lk \u0130\u015f Yerim\u2019 kampanyas\u0131 i\u00e7in ba\u015fvuru tarihi 10 Ekim 2022&#8217;de ba\u015flad\u0131 ve 7 Kas\u0131m 2022 tarihinde sona erecek.<\/p>\n","protected":false},"excerpt":{"rendered":"<p>Toplu Konut \u0130daresi taraf\u0131ndan yap\u0131lacak olan (TOK\u0130) sosyal 500 bin konut ba\u015fvurusu i\u00e7in son bu hafta sona gelindi. 13 Eyl\u00fcl 2022&#8217;de Cumhurba\u015fkan\u0131 Recep Tayyip Erdo\u011fan taraf\u0131ndan ayr\u0131nt\u0131lar\u0131 ile duyurularak ba\u015flayan, sosyal konut ba\u015fvurular\u0131 Ekim ay\u0131n\u0131n 31&#8217;de sona erecek. Cumhuriyet tarihinde en b\u00fcy\u00fck sosyal konut hamlesi olarak ev sahibi olmak isteyenlere umut olan 500 bin sosyal [&hellip;]<\/p>\n","protected":false},"author":1,"featured_media":37872,"comment_status":"open","ping_status":"open","sticky":false,"template":"","format":"standard","meta":{"ngg_post_thumbnail":0},"categories":[5388],"tags":[16450,16515],"_links":{"self":[{"href":"https:\/\/emlaktuel.com\/index.php?rest_route=\/wp\/v2\/posts\/40652"}],"collection":[{"href":"https:\/\/emlaktuel.com\/index.php?rest_route=\/wp\/v2\/posts"}],"about":[{"href":"https:\/\/emlaktuel.com\/index.php?rest_route=\/wp\/v2\/types\/post"}],"author":[{"embeddable":true,"href":"https:\/\/emlaktuel.com\/index.php?rest_route=\/wp\/v2\/users\/1"}],"replies":[{"embeddable":true,"href":"https:\/\/emlaktuel.com\/index.php?rest_route=%2Fwp%2Fv2%2Fcomments&post=40652"}],"version-history":[{"count":1,"href":"https:\/\/emlaktuel.com\/index.php?rest_route=\/wp\/v2\/posts\/40652\/revisions"}],"predecessor-version":[{"id":40653,"href":"https:\/\/emlaktuel.com\/index.php?rest_route=\/wp\/v2\/posts\/40652\/revisions\/40653"}],"wp:featuredmedia":[{"embeddable":true,"href":"https:\/\/emlaktuel.com\/index.php?rest_route=\/wp\/v2\/media\/37872"}],"wp:attachment":[{"href":"https:\/\/emlaktuel.com\/index.php?rest_route=%2Fwp%2Fv2%2Fmedia&parent=40652"}],"wp:term":[{"taxonomy":"category","embeddable":true,"href":"https:\/\/emlaktuel.com\/index.php?rest_route=%2Fwp%2Fv2%2Fcategories&post=40652"},{"taxonomy":"post_tag","embeddable":true,"href":"https:\/\/emlaktuel.com\/index.php?rest_route=%2Fwp%2Fv2%2Ftags&post=40652"}],"curies":[{"name":"wp","href":"https:\/\/api.w.org\/{rel}","templated":true}]}}