{"id":40647,"date":"2022-10-22T12:30:23","date_gmt":"2022-10-22T09:30:23","guid":{"rendered":"https:\/\/emlaktuel.com\/?p=40647"},"modified":"2022-10-22T15:04:36","modified_gmt":"2022-10-22T12:04:36","slug":"yuvam-bahcesehir-evlerinde-cadde-dukkanlari-satisa-cikiyor","status":"publish","type":"post","link":"https:\/\/emlaktuel.com\/?p=40647","title":{"rendered":"Yuvam Bah\u00e7e\u015fehir Evleri&#8217;nde cadde d\u00fckkanlar\u0131 sat\u0131\u015fa \u00e7\u0131k\u0131yor"},"content":{"rendered":"<p>Ticaretin kalbi Yuvam Bah\u00e7e\u015fehir Evleri&#8217;nde atacak.&nbsp;<\/p>\n<p>Ba\u015fak\u015fehir Belediyesi\u2019nin&nbsp;sosyal konut projesi Yuvam Bah\u00e7e\u015fehir&nbsp;Evleri\u2019nde&nbsp;cadde&nbsp;d\u00fc<wbr>kk\u00e2nlar\u0131 30 Ekim\u2019de sat\u0131\u015fa \u00e7\u0131k\u0131yor. Konumu itibariyle b\u00f6lgede ticaretin yeni merkezi olacak 37 ma\u011faza ve d\u00fckk\u00e2n, a\u00e7\u0131k art\u0131rma usul\u00fcyle sat\u0131\u015fa sunulacak.&nbsp;<\/p>\n<p>Ba\u015fak\u015fehir Belediyesi taraf\u0131ndan in\u015fa edilen&nbsp;sosyal konutprojesi&nbsp;Yuvam Bah\u00e7e\u015fehir Evleri, sat\u0131\u015fa sunuldu\u011fu ilk g\u00fcnden itibaren&nbsp;yo\u011fun talep g\u00f6rd\u00fc. Bah\u00e7e\u015fehir\u2019in merkezinde yeni bir&nbsp;hayat\u0131n ba\u015flayaca\u011f\u0131 projede konutlar\u0131n ard\u0131ndan&nbsp;ticari \u00fcniteler de&nbsp;sat\u0131\u015fa \u00e7\u0131kar\u0131l\u0131yor.<\/p>\n<h2>24 ay&nbsp;\u201c0\u201d&nbsp;faiz&nbsp;f\u0131rsat\u0131yla sat\u0131\u015fa \u00e7\u0131k\u0131yor<\/h2>\n<p>Yuvam Bah\u00e7e\u015fehir Evleri&nbsp;Cadde D\u00fckk\u00e2nlar\u0131\u2019n\u0131n&nbsp;sat\u0131\u015f\u0131yla ilgili detaylar belli oldu. 80 ila&nbsp;2&nbsp;bin 600 metrekare kullan\u0131m aral\u0131\u011f\u0131ndaki d\u00fckk\u00e2n ve ma\u011fazalar i\u00e7in yat\u0131r\u0131mc\u0131lara&nbsp;24 ay&nbsp;s\u0131f\u0131rfaiz&nbsp;imk\u00e2n\u0131&nbsp;<wbr>sa\u011flanacak. Ticari \u00fcniteler,&nbsp;KDV&nbsp;d\u00e2hil&nbsp;3 milyon 500 bin&nbsp;liradan ba\u015flayan&nbsp;muhammen bedellerle sat\u0131\u015fa sunulacak.<\/p>\n<h2>Bah\u00e7e\u015fehir\u2019in&nbsp;yeni ticaret merkezi&nbsp;<\/h2>\n<p>B\u00f6lgede&nbsp;ticaretin yeni&nbsp;merkezi&nbsp;olacak&nbsp;37&nbsp;d\u00fckkan ve&nbsp;ma\u011faza,&nbsp;30 Ekim&nbsp;Pazar g\u00fcn\u00fc&nbsp;a\u00e7\u0131k art\u0131rma usul\u00fcyle&nbsp;sat\u0131lacak. Ula\u015f\u0131m kolayl\u0131\u011f\u0131n\u0131n yan\u0131 s\u0131ra sosyal aktivite merkezlerine yak\u0131nl\u0131\u011f\u0131yla dikkat \u00e7eken&nbsp;Yuvam Bah\u00e7e\u015fehir Evleri;&nbsp;Bah\u00e7e\u015fehir G\u00f6let, Esenkent Bah\u00e7e\u015fehir Yolu ve Pazart\u00fcrk Caddesi\u2019nin kesi\u015fiminde&nbsp;yer al\u0131yor.<\/p>\n","protected":false},"excerpt":{"rendered":"<p>Ticaretin kalbi Yuvam Bah\u00e7e\u015fehir Evleri&#8217;nde atacak.&nbsp; Ba\u015fak\u015fehir Belediyesi\u2019nin&nbsp;sosyal konut projesi Yuvam Bah\u00e7e\u015fehir&nbsp;Evleri\u2019nde&nbsp;cadde&nbsp;d\u00fckk\u00e2nlar\u0131 30 Ekim\u2019de sat\u0131\u015fa \u00e7\u0131k\u0131yor. Konumu itibariyle b\u00f6lgede ticaretin yeni merkezi olacak 37 ma\u011faza ve d\u00fckk\u00e2n, a\u00e7\u0131k art\u0131rma usul\u00fcyle sat\u0131\u015fa sunulacak.&nbsp; Ba\u015fak\u015fehir Belediyesi taraf\u0131ndan in\u015fa edilen&nbsp;sosyal konutprojesi&nbsp;Yuvam Bah\u00e7e\u015fehir Evleri, sat\u0131\u015fa sunuldu\u011fu ilk g\u00fcnden itibaren&nbsp;yo\u011fun talep g\u00f6rd\u00fc. Bah\u00e7e\u015fehir\u2019in merkezinde yeni bir&nbsp;hayat\u0131n ba\u015flayaca\u011f\u0131 projede konutlar\u0131n ard\u0131ndan&nbsp;ticari [&hellip;]<\/p>\n","protected":false},"author":1,"featured_media":40648,"comment_status":"open","ping_status":"open","sticky":false,"template":"","format":"standard","meta":{"ngg_post_thumbnail":0},"categories":[5388],"tags":[],"_links":{"self":[{"href":"https:\/\/emlaktuel.com\/index.php?rest_route=\/wp\/v2\/posts\/40647"}],"collection":[{"href":"https:\/\/emlaktuel.com\/index.php?rest_route=\/wp\/v2\/posts"}],"about":[{"href":"https:\/\/emlaktuel.com\/index.php?rest_route=\/wp\/v2\/types\/post"}],"author":[{"embeddable":true,"href":"https:\/\/emlaktuel.com\/index.php?rest_route=\/wp\/v2\/users\/1"}],"replies":[{"embeddable":true,"href":"https:\/\/emlaktuel.com\/index.php?rest_route=%2Fwp%2Fv2%2Fcomments&post=40647"}],"version-history":[{"count":2,"href":"https:\/\/emlaktuel.com\/index.php?rest_route=\/wp\/v2\/posts\/40647\/revisions"}],"predecessor-version":[{"id":40650,"href":"https:\/\/emlaktuel.com\/index.php?rest_route=\/wp\/v2\/posts\/40647\/revisions\/40650"}],"wp:featuredmedia":[{"embeddable":true,"href":"https:\/\/emlaktuel.com\/index.php?rest_route=\/wp\/v2\/media\/40648"}],"wp:attachment":[{"href":"https:\/\/emlaktuel.com\/index.php?rest_route=%2Fwp%2Fv2%2Fmedia&parent=40647"}],"wp:term":[{"taxonomy":"category","embeddable":true,"href":"https:\/\/emlaktuel.com\/index.php?rest_route=%2Fwp%2Fv2%2Fcategories&post=40647"},{"taxonomy":"post_tag","embeddable":true,"href":"https:\/\/emlaktuel.com\/index.php?rest_route=%2Fwp%2Fv2%2Ftags&post=40647"}],"curies":[{"name":"wp","href":"https:\/\/api.w.org\/{rel}","templated":true}]}}