{"id":40532,"date":"2022-10-11T10:49:57","date_gmt":"2022-10-11T07:49:57","guid":{"rendered":"https:\/\/emlaktuel.com\/?p=40532"},"modified":"2022-10-11T10:49:57","modified_gmt":"2022-10-11T07:49:57","slug":"insaat-sektorunde-trafo-secmenin-puf-noktalari","status":"publish","type":"post","link":"https:\/\/emlaktuel.com\/?p=40532","title":{"rendered":"\u0130n\u015faat sekt\u00f6r\u00fcnde trafo se\u00e7menin p\u00fcf noktalar\u0131"},"content":{"rendered":"<h2><b style=\"font-size: 16px;\"><i>A\u011f\u0131rl\u0131kl\u0131 olarak bir elektrik devresindeki ak\u0131m ve gerilimi y\u00fckseltme ve d\u00fc\u015f\u00fcrmenin yan\u0131 s\u0131ra elektrik enerjisinin aktar\u0131m\u0131 ve da\u011f\u0131t\u0131m\u0131 i\u00e7in kullan\u0131lan trafolar, in\u015faat sekt\u00f6r\u00fcnde \u00e7ok \u00f6nemli bir rol oynuyor. Dolay\u0131s\u0131yla se\u00e7imleri dikkatlice yapmak gerekiyor. \u00dcretim kapasitesi, \u00e7al\u0131\u015fan say\u0131s\u0131 ve ihracat oran\u0131 a\u00e7\u0131s\u0131ndan T\u00fcrkiye\u2019de al\u00e7ak gerilim trafo ve reakt\u00f6r sekt\u00f6r\u00fcn\u00fcn lider firmas\u0131 konumunda olan Elektra Elektronik, trafo se\u00e7iminin p\u00fcf noktalar\u0131n\u0131 payla\u015ft\u0131. Hatal\u0131 se\u00e7imlerin pek \u00e7ok olumsuz sonu\u00e7 do\u011furabilece\u011fini belirten <\/i><\/b><b style=\"font-size: 16px;\"><i>Elektra Elektronik Sat\u0131\u015f Direkt\u00f6r\u00fc \u0130lker \u00c7\u0131nar, bu s\u00fcre\u00e7te ilk etapta do\u011fru analiz, do\u011fru \u00f6l\u00e7\u00fcmleme ve saha \u00e7al\u0131\u015fmas\u0131n\u0131n kritik \u00f6nem ta\u015f\u0131d\u0131\u011f\u0131n\u0131n alt\u0131n\u0131 \u00e7izdi.<\/i><\/b><\/h2>\n<p>Enerji iletiminde ve da\u011f\u0131t\u0131m\u0131nda kullan\u0131lan transformat\u00f6rler k\u0131sa ismiyle trafolar, \u00fclkemizde hemen hemen b\u00fct\u00fcn sekt\u00f6rlerde kullan\u0131l\u0131yor. \u00d6zellikle in\u015faat sekt\u00f6r\u00fcnde ya\u015fanan b\u00fcy\u00fcme ve artan elektrik enerjisi talebi ile trafolar g\u00fcn ge\u00e7tik\u00e7e \u00e7ok daha \u00f6nemli bir hale geliyor. \u00d6zellikle bu alanda in\u015fa edilecek binan\u0131n ihtiya\u00e7 duyaca\u011f\u0131 enerjiye uygun g\u00fc\u00e7te transformat\u00f6r planlamas\u0131 kritik \u00f6nem ta\u015f\u0131yor.<\/p>\n<p>\u0130n\u015faat sekt\u00f6r\u00fcnde trafo se\u00e7iminde dikkat edilmesi gereken noktalar\u0131 payla\u015fan&nbsp;<b>Elektra Elektronik Sat\u0131\u015f Direkt\u00f6r\u00fc \u0130lker \u00c7\u0131nar<\/b>, \u201c\u0130n\u015faat sekt\u00f6r\u00fc dedi\u011fimizde hi\u00e7bir zaman tek bir sekt\u00f6rden bahsedemeyiz. \u00d6ncelikle s\u00fcre\u00e7 sonunda ortaya ne t\u00fcr bir ihtiyaca hizmet edecek bir bina \u00e7\u0131kacak bunu bilmemiz gerekiyor. Bir hastane mi, bir AVM mi yoksa \u00fcretim yapacak bir fabrika m\u0131 yap\u0131l\u0131yor, i\u015fte bunu \u00f6\u011frenip o yap\u0131n\u0131n ihtiya\u00e7 duyaca\u011f\u0131 enerjiye uygun g\u00fc\u00e7te transformat\u00f6r planlamas\u0131n\u0131n yap\u0131lmas\u0131 \u00f6nem ta\u015f\u0131yor. Do\u011fru analizin, do\u011fru \u00f6l\u00e7\u00fcmlemenin ve saha \u00e7al\u0131\u015fmas\u0131n\u0131n ilk etapta dikkat edilmesi gereken noktalar oldu\u011funu s\u00f6yleyebilirim. Genel olarak da trafo i\u00e7in se\u00e7ilecek firman\u0131n \u00fcretici firma olmas\u0131na, sekt\u00f6rdeki yerine \u00f6zellikle \u00e7ok dikkat edilmeli. Kurumsal firmalar, \u00fcretim a\u015famas\u0131nda ihtiyac\u0131 belirleyip, ger\u00e7ekle\u015fmesi olas\u0131 s\u0131k\u0131nt\u0131lar\u0131 en ba\u015ftan saptayarak ona uygun \u00fcretim yapabiliyor. Ayr\u0131ca \u00fcr\u00fcn\u00fcn\u00fcn arkas\u0131nda durabilen, teknik olarak kolay ula\u015f\u0131m\u0131 olacak firmalarla \u00e7al\u0131\u015fmak \u00f6nemli.\u201d dedi.<\/p>\n<p><b>Yanl\u0131\u015f trafo se\u00e7imi g\u00fcvenlik sorunlar\u0131na maliyet kay\u0131plar\u0131na yol a\u00e7abiliyor<\/b><\/p>\n<p>\u0130n\u015faat sekt\u00f6r\u00fcnde yanl\u0131\u015f trafo se\u00e7iminde ne gibi sonu\u00e7lar do\u011fabilece\u011fine de\u011finen&nbsp;<b>\u0130lker \u00c7\u0131nar<\/b>, \u201c\u00d6ncelikli olarak in\u015faat sekt\u00f6r\u00fcnde fizilibilite \u00e7al\u0131\u015fmalar\u0131nda yap\u0131lacak do\u011fru trafo se\u00e7imi in\u015faat\u0131n maliyet hesaplamalar\u0131na da do\u011frudan katk\u0131da bulunuyor. Konusunda uzman firmalarla \u00e7al\u0131\u015f\u0131ld\u0131\u011f\u0131nda risk pay\u0131 d\u00fc\u015f\u00fck hesaplamalarla maliyet hesab\u0131nda hata ya\u015fanmas\u0131n\u0131n \u00f6n\u00fcne ge\u00e7ilebiliyor. Yanl\u0131\u015f trafo se\u00e7imi ayn\u0131 zamanda g\u00fcvenlik a\u00e7\u0131s\u0131ndan da pek \u00e7ok s\u0131k\u0131nt\u0131 do\u011furabiliyor, \u00f6rne\u011fin voltajda yap\u0131lan yanl\u0131\u015f hesaplamalar uzun vadede yang\u0131n riski ortaya \u00e7\u0131karabiliyor. Ya da asans\u00f6r\u00fcn ba\u011fland\u0131\u011f\u0131 trafoda ya\u015fanan s\u0131k\u0131nt\u0131lar asans\u00f6r\u00fcn \u00e7al\u0131\u015fmas\u0131n\u0131 engelleyebiliyor. Benzer \u015fekilde yanl\u0131\u015f trafo se\u00e7imi sonras\u0131 ya\u015fanacak aksakl\u0131klar, e\u011fer o in\u015faat bir \u00fcretim tesisiyse, \u00fcretimde durmalara ve maliyet kay\u0131plar\u0131na yol a\u00e7abiliyor.\u201d \u015feklinde konu\u015ftu.<\/p>\n<p>&nbsp;<\/p>\n<p>&nbsp;<\/p>\n<p>&nbsp;<\/p>\n<p><b>Elektri\u011fe ba\u011fl\u0131 makine ve ekipmanlar\u0131n en verimli \u015fekilde \u00e7al\u0131\u015fmas\u0131n\u0131 sa\u011fl\u0131yor<\/b><\/p>\n<p>Trafo \u00e7\u00f6z\u00fcmleriyle de i\u015fletmelerdeki&nbsp;<a rel=\"noreferrer\" name=\"m_1964809465383616095__Hlk80801311\"><\/a>elektri\u011fe ba\u011fl\u0131 makine ve ekipmanlar\u0131n en verimli \u015fekilde \u00e7al\u0131\u015fmas\u0131n\u0131 sa\u011flad\u0131klar\u0131n\u0131 belirten&nbsp;<b>\u00c7\u0131nar<\/b>, s\u00f6zlerini \u015f\u00f6yle noktalad\u0131:\u201cElektra Elektronik olarak 40 y\u0131l\u0131 a\u015fk\u0131n tecr\u00fcbemiz, teknik kadromuz, global pazar bilgimiz, kalite sistemlerimiz ve d\u00fcnyan\u0131n \u00f6nde gelen elektrik firmalar\u0131yla yapt\u0131\u011f\u0131m\u0131z OEM anla\u015fmalar\u0131m\u0131zla \u00f6ne \u00e7\u0131k\u0131yor, in\u015faat sekt\u00f6r\u00fcnde de bir\u00e7ok projede tercih ediliyoruz. Bug\u00fcne kadar demiryolu projeleri, \u015fehir hastaneleri, h\u00fck\u00fcmet binalar\u0131, kamp\u00fcsler, hava limanlar\u0131 ve fabrikalar gibi \u00e7ok say\u0131da projede \u00fcr\u00fcn ve \u00e7\u00f6z\u00fcmlerimiz kullan\u0131ld\u0131. Ar-Ge yat\u0131r\u0131mlar\u0131m\u0131z\u0131 her ge\u00e7en g\u00fcn daha da art\u0131rarak \u00fcretti\u011fimiz yeni nesil \u00fcr\u00fcn ve \u00e7\u00f6z\u00fcmlerle gerek i\u00e7 piyasada gerekse ihracat pazarlar\u0131nda s\u00f6z sahibi olmaya artan bir ivmeyle devam ediyoruz.\u201d<\/p>\n","protected":false},"excerpt":{"rendered":"<p>A\u011f\u0131rl\u0131kl\u0131 olarak bir elektrik devresindeki ak\u0131m ve gerilimi y\u00fckseltme ve d\u00fc\u015f\u00fcrmenin yan\u0131 s\u0131ra elektrik enerjisinin aktar\u0131m\u0131 ve da\u011f\u0131t\u0131m\u0131 i\u00e7in kullan\u0131lan trafolar, in\u015faat sekt\u00f6r\u00fcnde \u00e7ok \u00f6nemli bir rol oynuyor. Dolay\u0131s\u0131yla se\u00e7imleri dikkatlice yapmak gerekiyor. \u00dcretim kapasitesi, \u00e7al\u0131\u015fan say\u0131s\u0131 ve ihracat oran\u0131 a\u00e7\u0131s\u0131ndan T\u00fcrkiye\u2019de al\u00e7ak gerilim trafo ve reakt\u00f6r sekt\u00f6r\u00fcn\u00fcn lider firmas\u0131 konumunda olan Elektra Elektronik, trafo [&hellip;]<\/p>\n","protected":false},"author":1,"featured_media":35633,"comment_status":"open","ping_status":"open","sticky":false,"template":"","format":"standard","meta":{"ngg_post_thumbnail":0},"categories":[26],"tags":[],"_links":{"self":[{"href":"https:\/\/emlaktuel.com\/index.php?rest_route=\/wp\/v2\/posts\/40532"}],"collection":[{"href":"https:\/\/emlaktuel.com\/index.php?rest_route=\/wp\/v2\/posts"}],"about":[{"href":"https:\/\/emlaktuel.com\/index.php?rest_route=\/wp\/v2\/types\/post"}],"author":[{"embeddable":true,"href":"https:\/\/emlaktuel.com\/index.php?rest_route=\/wp\/v2\/users\/1"}],"replies":[{"embeddable":true,"href":"https:\/\/emlaktuel.com\/index.php?rest_route=%2Fwp%2Fv2%2Fcomments&post=40532"}],"version-history":[{"count":1,"href":"https:\/\/emlaktuel.com\/index.php?rest_route=\/wp\/v2\/posts\/40532\/revisions"}],"predecessor-version":[{"id":40533,"href":"https:\/\/emlaktuel.com\/index.php?rest_route=\/wp\/v2\/posts\/40532\/revisions\/40533"}],"wp:featuredmedia":[{"embeddable":true,"href":"https:\/\/emlaktuel.com\/index.php?rest_route=\/wp\/v2\/media\/35633"}],"wp:attachment":[{"href":"https:\/\/emlaktuel.com\/index.php?rest_route=%2Fwp%2Fv2%2Fmedia&parent=40532"}],"wp:term":[{"taxonomy":"category","embeddable":true,"href":"https:\/\/emlaktuel.com\/index.php?rest_route=%2Fwp%2Fv2%2Fcategories&post=40532"},{"taxonomy":"post_tag","embeddable":true,"href":"https:\/\/emlaktuel.com\/index.php?rest_route=%2Fwp%2Fv2%2Ftags&post=40532"}],"curies":[{"name":"wp","href":"https:\/\/api.w.org\/{rel}","templated":true}]}}