{"id":40508,"date":"2022-10-06T16:38:40","date_gmt":"2022-10-06T13:38:40","guid":{"rendered":"https:\/\/emlaktuel.com\/?p=40508"},"modified":"2022-10-06T16:38:40","modified_gmt":"2022-10-06T13:38:40","slug":"schaeffler-e-mobilite-gelistirme-ve-uretim-kampusunu-genisletiyor","status":"publish","type":"post","link":"https:\/\/emlaktuel.com\/?p=40508","title":{"rendered":"Schaeffler e-mobilite geli\u015ftirme ve \u00fcretim kamp\u00fcs\u00fcn\u00fc geni\u015fletiyor"},"content":{"rendered":"<p><b>Almanya merkezli teknoloji \u015firketi Schaeffler, 50 milyon euroluk yeni yat\u0131r\u0131mla elektromobilite stratejisini hayata ge\u00e7iriyor<\/b><\/p>\n<p><b><i>Otomotiv ve end\u00fcstri sekt\u00f6rlerinin k\u00fcresel \u00e7apta lider tedarik\u00e7ilerinden Schaeffler, 50 milyon euroluk yeni yat\u0131r\u0131mla elektromobilite stratejisini hayata ge\u00e7irmeye haz\u0131rlan\u0131yor. Almanya\u2019da yer alacak yeni tesis, \u00e7evre dostu ve s\u00fcrd\u00fcr\u00fclebilir bir tasar\u0131ma sahip olacak. Ultra verimlilik kriterlerini kar\u015f\u0131layan elektrikli motor tesisi, b\u00fcy\u00fck projeler i\u00e7in son teknoloji \u00e7al\u0131\u015fma ortam\u0131 sunacak.<\/i><\/b><\/p>\n<p>Otomotiv ve end\u00fcstri sekt\u00f6rlerinin k\u00fcresel \u00e7apta lider tedarik\u00e7ilerinden Schaeffler, yeni bir bina kompleksiyle Almanya\u2019n\u0131n B\u00fchl \u015fehrindeki elektromobilite geli\u015ftirme ve \u00fcretim kamp\u00fcs\u00fcn\u00fc geni\u015fletiyor. Yakla\u015f\u0131k 8.000 metrekarelik bir alan\u0131 kaplayacak olan tesis, Schaeffler\u2019in Otomotiv Teknolojileri ana merkezinde elektrikli mobilite i\u00e7in yeni bir m\u00fckemmellik merkezi olacak. Proje yakla\u015f\u0131k 50 milyon euroluk bir yat\u0131r\u0131mla hayata ge\u00e7iyor. Konuyla ilgili a\u00e7\u0131klama yapan&nbsp;<b>Schaeffler AG Otomotiv Teknolojileri B\u00f6l\u00fcm\u00fc CEO\u2019su Matthias Zink<\/b>, \u201cElektromobilite alan\u0131ndaki faaliyetlerimizi \u00f6nemli \u00f6l\u00e7\u00fcde art\u0131r\u0131yor ve b\u00fcy\u00fck projeler \u00fcstleniyoruz. Bu alandaki yeniliklerimiz i\u00e7in yepyeni ve son teknoloji \u00e7al\u0131\u015fma alanlar\u0131 yarat\u0131yoruz.\u201d dedi. Schaeffler\u2019in 2021 y\u0131l\u0131nda elektrikli aktarma organ\u0131 \u00e7\u00f6z\u00fcmlerinin sat\u0131\u015flar\u0131ndan elde etti\u011fi gelir 1 milyar euroyu ge\u00e7ti. Schaeffler ayn\u0131 zamanda otomotiv ve end\u00fcstri sekt\u00f6rlerinin tedarik\u00e7isi olarak d\u00fcnya \u00e7ap\u0131nda toplam 3,2 milyar euroluk yat\u0131r\u0131mla yeni elektromobilite projelerini hayata ge\u00e7irdi. Devam\u0131nda ise toplam de\u011feri 3,2 milyar euroya ula\u015fan yeni sipari\u015fler alarak 2022 hedeflerine y\u0131l\u0131n ilk yar\u0131s\u0131nda ula\u015fm\u0131\u015f oldu.<\/p>\n<p>Projelerin b\u00fcy\u00fck bir k\u0131sm\u0131, geni\u015fletilmi\u015f elektromobilite kamp\u00fcs\u00fcnden ge\u00e7ecek. Schaeffler\u2019in 2025 Yol Haritas\u0131 stratejik program\u0131 kapsam\u0131nda yap\u0131lan yeni tesis, \u015firketin e-mobilite imkanlar\u0131n\u0131n art\u0131r\u0131lmas\u0131 a\u00e7\u0131s\u0131ndan \u00f6nemli bir kilometre ta\u015f\u0131n\u0131 temsil ediyor. Eyl\u00fcl 2022\u2019de ba\u015flan\u0131lan in\u015faat\u0131n 2024 y\u0131l\u0131n\u0131n sonbahar aylar\u0131nda tamamlanmas\u0131 planlan\u0131yor.&nbsp;<b>B\u00fchl Belediye Ba\u015fkan\u0131 Hubert Schnurr<\/b>&nbsp;ise konuyla ilgili \u015f\u00f6yle konu\u015ftu; \u201cGeli\u015ftirme merkezinin in\u015fas\u0131, i\u015fletmenin niteli\u011fi ve \u00f6zellikle de b\u00f6lgedeki i\u015f g\u00fcc\u00fcn\u00fcn gelece\u011fi a\u00e7\u0131s\u0131ndan B\u00fchl i\u00e7in \u00f6nemli bir geli\u015fme.\u201d Hubert Schnurr, 2018 y\u0131l\u0131nda B\u00fchl\u2019deki Schaeffler Otomotiv b\u00f6l\u00fcm\u00fcn\u00fcn global genel merkezinin duyurusunun ard\u0131ndan geli\u015ftirme merkezinin in\u015fas\u0131yla birlikte \u015firketin hem B\u00fchl\u2019deki konumunu g\u00fc\u00e7lendirece\u011fini hem de \u201cgelece\u011fin mobilitesindeki\u201d yerini alaca\u011f\u0131n\u0131 \u00f6ng\u00f6r\u00fcyor.<\/p>\n<h2><b>Y\u00fcksek s\u00fcrd\u00fcr\u00fclebilirlik performans\u0131 sunan ultra modern \u00e7al\u0131\u015fma alanlar\u0131<\/b><\/h2>\n<p>Almanya\u2019n\u0131n B\u00fchl \u015fehrindeki Bussmatten sanayi b\u00f6lgesinde yer alacak olan yeni kompleks, bir k\u00f6pr\u00fcyle birbirine ba\u011flanaca\u011f\u0131 iki binadan olu\u015facak. Toplamda 15.000 metrekarelik bir alan\u0131 kaplayacak olan tesis, yakla\u015f\u0131k 400 \u00e7al\u0131\u015fan ile \u00fcstlenilen projeleri i\u015f birli\u011fi i\u00e7erisinde y\u00fcr\u00fctmesine ve elektrikli aktarma organlar\u0131 i\u00e7in yeni sistemler geli\u015ftirilmesine olanak tan\u0131yacak.&nbsp;<b>Schaeffler E-Mobilite B\u00f6l\u00fcm M\u00fcd\u00fcr\u00fc Dr. Jochen Schr\u00f6der<\/b>, \u201cSchaeffler ileride entegre mekanik, elektronik ve yaz\u0131l\u0131m sistemlerinde daha fazla proje \u00fcstlenmek istiyor. Ortaya \u00e7\u0131kabilecek karma\u015f\u0131kl\u0131klar\u0131 en iyi \u015fekilde y\u00f6netmek amac\u0131yla g\u00fc\u00e7l\u00fc proje ekipleri ve gelece\u011fe y\u00f6nelik bir \u00e7al\u0131\u015fma ortam\u0131 olu\u015fturuyoruz.\u201d \u015feklinde konu\u015ftu. Tesiste farkl\u0131 disiplinlerdeki ekipler i\u00e7in \u00e7al\u0131\u015fma alanlar\u0131, kapsaml\u0131 i\u015f birli\u011fi ve networking b\u00f6lgeleri, laboratuvarlar ve at\u00f6lyeler yer alacak. Konferans merkezi yap\u0131lmas\u0131 da planlar aras\u0131nda. Yeni kompleks, Schaeffler\u2019in Bussmatten park\u0131nda elektromobilite i\u00e7in bile\u015fen ve sistemler geli\u015ftirdi\u011fi \u00fc\u00e7 binas\u0131na ek olarak yap\u0131lacak. Ba\u011flant\u0131y\u0131 sa\u011flayacak k\u00f6pr\u00fc de sahada bulunan farkl\u0131 ekipler aras\u0131ndaki ileti\u015fimi ve diyalo\u011fu g\u00fc\u00e7lendirecek. Schaeffler\u2019in E-Mobilite B\u00f6l\u00fcm\u00fcn\u00fcn genel merkezi, Bussmatten\u2019de yer al\u0131yor.<\/p>\n<p>\u00c7evre ko\u015fullar\u0131 ve s\u00fcrd\u00fcr\u00fclebilirlik, s\u00fcrecin en ba\u015f\u0131ndan itibaren \u00f6nemli bir rol oynayacak. Kompleks, enerjisinin b\u00fcy\u00fck bir k\u0131sm\u0131n\u0131 \u00e7at\u0131 ve cephe \u00fczeri g\u00fcne\u015f panellerinden alacak. S\u00fcrd\u00fcr\u00fclebilir so\u011futma ve \u0131s\u0131 \u00fcretimi \u0131s\u0131 pompalar\u0131 taraf\u0131ndan sa\u011flan\u0131rken, sahada bulunacak toplama deposu da sulama ve s\u0131hhi tesisat gibi \u00e7e\u015fitli uygulamalarda kullan\u0131lmak \u00fczere ya\u011fmur suyunu toplayacak. Yeni kompleks, DGNB\u2019nin (Alman S\u00fcrd\u00fcr\u00fclebilir Binalar Konseyi) Alt\u0131n Standard\u0131na uygun olarak in\u015fa edilecek.<\/p>\n<h2><b>Ultra verimli elektrikli motor \u00fcretimi<\/b><\/h2>\n<p>Schaeffler \u015fu anda \u015fanz\u0131man bile\u015fenlerinin \u00fcretiminin yap\u0131ld\u0131\u011f\u0131 Bussmatten b\u00f6lgesindeki binalardan birinde UltraELab elektrikli motorlar\u0131 i\u00e7in ultra modern bir tesis in\u015fa ediyor. Bu amiral gemisi global tesis, Baden-W\u00fcrttemberg eyaleti taraf\u0131ndan Schaeffler ve di\u011fer \u015firketlerle birlikte geli\u015ftirilen \u201cultra verimli fabrika\u201d konseptinin ilkelerine uygun olarak in\u015fa ediliyor.&nbsp;<b>Jochen Schr\u00f6der<\/b>, \u201cUltraELab ile verimlilikte ve \u00fcretkenlikte \u00e7\u0131tay\u0131 y\u00fckseltmeyi ve s\u00fcrd\u00fcr\u00fclebilirli\u011fe anlaml\u0131 bir katk\u0131da bulunmay\u0131 hedefliyoruz.\u201d dedi. Bu hedeflerin b\u00fcy\u00fck bir k\u0131sm\u0131na, her aktarma organ\u0131n\u0131n kalbi olan elektrikli motorlar\u0131n \u00e7evik ve esnek \u00fcretimiyle ula\u015f\u0131lacak. \u015eirket, motorlar\u0131n \u00fcretiminde sabit \u00fcretim hatlar\u0131 yerine yeniden d\u00fczenlenebilen ve \u00f6l\u00e7eklendirilebilen esnek dijital teknoloji mod\u00fcllerini kullanacak. Standartla\u015ft\u0131r\u0131lm\u0131\u015f aray\u00fczler ve son teknoloji BT entegrasyonu sayesinde mod\u00fcllerin kurulumu ve yap\u0131land\u0131r\u0131lmas\u0131, geleneksel sistemlere k\u0131yasla \u00e7ok daha basit ve h\u0131zl\u0131 olacak. Bu yenilik\u00e7i \u00fcretim konsepti, Alman Federal Ekonomi ve \u0130klim Koruma Bakanl\u0131\u011f\u0131\u2019n\u0131n (BMWK) finansman deste\u011fi ve 17 farkl\u0131 konsorsiyum orta\u011f\u0131yla birlikte Schaeffler taraf\u0131ndan y\u00f6netilen AgiloDrive2 projesi kapsam\u0131nda geli\u015ftiriliyor.&nbsp;<b>Schr\u00f6der<\/b>, \u201cAmac\u0131m\u0131z, yenilik\u00e7i elektrikli motorlar\u0131n esnek ve verimli \u00fcretimini sa\u011flamak.\u201d diye ekledi. Uzmanlar\u0131n \u00e7evik \u00fcretim tesisini test edebilece\u011fi bir pilot tesis \u015fimdiden olu\u015fturulmu\u015f durumda. Bu tesis, dijital ikiziyle birlikte end\u00fcstriyel \u00f6l\u00e7ekli \u00fcretim tesisi i\u00e7in bir yol haritas\u0131 niteli\u011finde olacak.&nbsp;<b>Schr\u00f6der<\/b>, \u201cElektrikli motor geli\u015ftirme ve \u00fcretim faaliyetlerini tek bir yerde entegre ederek, s\u00fcrekli \u00fcr\u00fcn iyile\u015ftirmeye y\u00f6nelik \u00f6nemli sinerjilerden faydalan\u0131yoruz.\u201d \u015feklinde s\u00f6zlerini noktalad\u0131.<\/p>\n","protected":false},"excerpt":{"rendered":"<p>Almanya merkezli teknoloji \u015firketi Schaeffler, 50 milyon euroluk yeni yat\u0131r\u0131mla elektromobilite stratejisini hayata ge\u00e7iriyor Otomotiv ve end\u00fcstri sekt\u00f6rlerinin k\u00fcresel \u00e7apta lider tedarik\u00e7ilerinden Schaeffler, 50 milyon euroluk yeni yat\u0131r\u0131mla elektromobilite stratejisini hayata ge\u00e7irmeye haz\u0131rlan\u0131yor. Almanya\u2019da yer alacak yeni tesis, \u00e7evre dostu ve s\u00fcrd\u00fcr\u00fclebilir bir tasar\u0131ma sahip olacak. Ultra verimlilik kriterlerini kar\u015f\u0131layan elektrikli motor tesisi, b\u00fcy\u00fck projeler [&hellip;]<\/p>\n","protected":false},"author":1,"featured_media":40509,"comment_status":"open","ping_status":"open","sticky":false,"template":"","format":"standard","meta":{"ngg_post_thumbnail":0},"categories":[26],"tags":[],"_links":{"self":[{"href":"https:\/\/emlaktuel.com\/index.php?rest_route=\/wp\/v2\/posts\/40508"}],"collection":[{"href":"https:\/\/emlaktuel.com\/index.php?rest_route=\/wp\/v2\/posts"}],"about":[{"href":"https:\/\/emlaktuel.com\/index.php?rest_route=\/wp\/v2\/types\/post"}],"author":[{"embeddable":true,"href":"https:\/\/emlaktuel.com\/index.php?rest_route=\/wp\/v2\/users\/1"}],"replies":[{"embeddable":true,"href":"https:\/\/emlaktuel.com\/index.php?rest_route=%2Fwp%2Fv2%2Fcomments&post=40508"}],"version-history":[{"count":1,"href":"https:\/\/emlaktuel.com\/index.php?rest_route=\/wp\/v2\/posts\/40508\/revisions"}],"predecessor-version":[{"id":40510,"href":"https:\/\/emlaktuel.com\/index.php?rest_route=\/wp\/v2\/posts\/40508\/revisions\/40510"}],"wp:featuredmedia":[{"embeddable":true,"href":"https:\/\/emlaktuel.com\/index.php?rest_route=\/wp\/v2\/media\/40509"}],"wp:attachment":[{"href":"https:\/\/emlaktuel.com\/index.php?rest_route=%2Fwp%2Fv2%2Fmedia&parent=40508"}],"wp:term":[{"taxonomy":"category","embeddable":true,"href":"https:\/\/emlaktuel.com\/index.php?rest_route=%2Fwp%2Fv2%2Fcategories&post=40508"},{"taxonomy":"post_tag","embeddable":true,"href":"https:\/\/emlaktuel.com\/index.php?rest_route=%2Fwp%2Fv2%2Ftags&post=40508"}],"curies":[{"name":"wp","href":"https:\/\/api.w.org\/{rel}","templated":true}]}}