{"id":40505,"date":"2022-10-06T16:36:38","date_gmt":"2022-10-06T13:36:38","guid":{"rendered":"https:\/\/emlaktuel.com\/?p=40505"},"modified":"2022-10-06T16:39:20","modified_gmt":"2022-10-06T13:39:20","slug":"su-cnin-etkilerini-nasil-hissedecegimiz-konusunda-cok-onemli-bir-rol-oynuyor","status":"publish","type":"post","link":"https:\/\/emlaktuel.com\/?p=40505","title":{"rendered":"Su, iklim de\u011fi\u015fikli\u011finin etkilerini nas\u0131l hissedece\u011fimiz konusunda \u00e7ok \u00f6nemli bir rol oynuyor"},"content":{"rendered":"<p><b><i>Xylem Orta Do\u011fu ve T\u00fcrkiye Direkt\u00f6r\u00fc Naji Skaf, iklim de\u011fi\u015fikli\u011fi kar\u015f\u0131s\u0131nda su tasarrufunun kritik \u00f6nemine dikkat \u00e7ekti<\/i><\/b><\/p>\n<h3><b>Su, iklim de\u011fi\u015fikli\u011finin etkilerini nas\u0131l hissedece\u011fimiz konusunda \u00e7ok \u00f6nemli bir rol oynuyor<\/b><\/h3>\n<p><b><i>D\u00fcnya iklim de\u011fi\u015fikli\u011finin yarataca\u011f\u0131 tehditlerle kar\u015f\u0131 kar\u015f\u0131ya bulunuyor ve bu noktada suyun bilin\u00e7li kullan\u0131m\u0131 b\u00fcy\u00fck \u00f6nem ta\u015f\u0131yor. Kendisini d\u00fcnya genelindeki en zorlu su sorunlar\u0131n\u0131 \u00e7\u00f6zmeye adam\u0131\u015f lider su teknolojisi \u015firketi&nbsp;<\/i><\/b><b><i>Xylem\u2019in Orta Do\u011fu ve T\u00fcrkiye Direkt\u00f6r\u00fc Naji Skaf konuyla ilgili yapt\u0131\u011f\u0131 a\u00e7\u0131klamada,<\/i><\/b><b><i>&nbsp;gezegendeki her bir insan\u0131n s\u00fcrd\u00fcr\u00fclebilir suya eri\u015fiminin sa\u011flanmas\u0131n\u0131n yaln\u0131zca temel bir insan hakk\u0131 de\u011fil, ayn\u0131 zamanda iklim de\u011fi\u015fikli\u011fini \u00f6nleme stratejisinin de kritik bir par\u00e7as\u0131 oldu\u011funun alt\u0131n\u0131 \u00e7izdi.<\/i><\/b><\/p>\n<p>D\u00fcnyan\u0131n d\u00f6rt bir yan\u0131nda meydana gelen \u00e7evresel krizler ve su felaketleri; su ve suyun t\u00fcketimi konusunda bilin\u00e7li olmay\u0131 art\u0131k bir zorunlulu\u011fa d\u00f6n\u00fc\u015ft\u00fcr\u00fcyor. Birle\u015fmi\u015f Milletler\u2019e g\u00f6re iki milyardan fazla insan, b\u00fcy\u00fck su problemi ya\u015fanan \u00fclkelerde ya\u015fam\u0131n\u0131 s\u00fcrd\u00fcr\u00fcyor. Bir\u00e7ok b\u00f6lgede kurakl\u0131klar \u015fimdiden ciddi su k\u0131tl\u0131\u011f\u0131na neden oluyor. N\u00fcfus ve su talebi artt\u0131k\u00e7a ve \u0130klim de\u011fi\u015fikli\u011finin etkileri yo\u011funla\u015ft\u0131k\u00e7a bu durumun daha da k\u00f6t\u00fcye gitmesi bekleniyor. Suyu daha eri\u015filebilir ve uygun fiyatl\u0131, su sistemlerini ise daha esnek hale getiren teknolojiler ve \u00e7\u00f6z\u00fcmler hayata ge\u00e7iren lider su teknolojisi \u015firketi Xylem ise suyun daha verimli kullan\u0131m\u0131, korunmas\u0131 ve gelecekte yeniden kullan\u0131lmas\u0131 i\u00e7in var g\u00fcc\u00fcyle \u00e7al\u0131\u015f\u0131yor. Suyun s\u00fcrd\u00fcr\u00fclebilirli\u011fine katk\u0131da bulunmay\u0131 ama\u00e7layan \u015firket; su tasarrufunun \u00f6nemine de her f\u0131rsatta dikkat \u00e7ekiyor.<\/p>\n<h2><b>2025\u2019e kadar 16,5 milyar metrek\u00fcpten fazla su tasarrufu sa\u011flamay\u0131 hedefliyor<\/b><\/h2>\n<p>\u0130klim de\u011fi\u015fikli\u011finin etkilerinin azalt\u0131lmas\u0131 konusunda su tasarrufunun \u00e7ok \u00f6nemli bir rol\u00fc oldu\u011funu belirten&nbsp;<b>Xylem Orta Do\u011fu ve T\u00fcrkiye Direkt\u00f6r\u00fc Naji Skaf<\/b>,\u201cXylem olarak, d\u00fcnyan\u0131n kar\u015f\u0131 kar\u015f\u0131ya kald\u0131\u011f\u0131 su a\u00e7maz\u0131n\u0131n iki boyutu oldu\u011funa inan\u0131yoruz. Artan talebi kar\u015f\u0131lamak i\u00e7in arz\u0131 art\u0131rmak, genellikle do\u011fal kaynaklar\u0131 t\u00fcketen ve gezegenimize zarar veren s\u00fcrd\u00fcr\u00fclemez \u00e7\u00f6z\u00fcmlerle ger\u00e7ekle\u015fiyor. Su k\u0131tl\u0131\u011f\u0131, de\u011fi\u015fen demografiler, ekstrem hava ko\u015fullar\u0131 ve eskiyen altyap\u0131 da kritik durumdaki su \u015febekelerini tehdit ediyor. \u0130\u015fte bu y\u00fczden su konusunda her zamankinden \u00e7ok daha ak\u0131ll\u0131ca hareket etmeliyiz.Xylem&#8217;de iklim de\u011fi\u015fikli\u011finin etkilerinin azalt\u0131lmas\u0131 amac\u0131yla su tasarrufunun sa\u011flanmas\u0131 misyonumuzun merkezinde yer al\u0131yor. D\u00fcnya \u00e7ap\u0131ndaki su problemlerini \u00e7\u00f6zme taahh\u00fcd\u00fcm\u00fcz, su kayb\u0131n\u0131 \u00f6nleyen ve suyun yeniden kullan\u0131m\u0131n\u0131 m\u00fcmk\u00fcn k\u0131lan teknolojiler sayesinde 16,5 milyar metrek\u00fcpten fazla su tasarrufu sa\u011flayarak k\u00fcresel su y\u00f6netimini optimize etmeyi i\u00e7eren 2025 S\u00fcrd\u00fcr\u00fclebilirlik Hedeflerimiz kapsam\u0131na girmektedir. Bunu su kayb\u0131n\u0131 \u00f6nleyen ve suyun yeniden kullan\u0131m\u0131n\u0131 m\u00fcmk\u00fcn k\u0131lan teknolojiler sayesinde ba\u015faraca\u011f\u0131z\u201d \u015feklinde konu\u015ftu.<\/p>\n<h2><b>\u201cSu tasarrufu i\u00e7in birlikte \u00e7al\u0131\u015fmal\u0131y\u0131z\u201d<\/b><\/h2>\n<p>Do\u011fru bir su y\u00f6netimi i\u00e7in geli\u015fen teknolojilerin y\u00fcksek katma de\u011fer sa\u011flayaca\u011f\u0131n\u0131 vurgulayan&nbsp;<b>Naji Skaf<\/b>&nbsp;s\u00f6zlerini \u015f\u00f6yle noktalad\u0131: \u201cG\u00fcn\u00fcm\u00fczde su y\u00f6netimi yeniden \u015fekilleniyor. Bug\u00fcn 10 y\u0131l \u00f6ncesinde eri\u015filmesi m\u00fcmk\u00fcn g\u00f6r\u00fcnmeyen su, enerji ve maliyet verimliliklerinin sa\u011fland\u0131\u011f\u0131na tan\u0131kl\u0131k ediyoruz. Bu anlamda bu teknolojilerden b\u00fct\u00fcn g\u00fcc\u00fcm\u00fczle yararlanmam\u0131z gerekiyor. Ak\u0131ll\u0131 su \u015febekeleri yaln\u0131zca g\u00fcnl\u00fck su y\u00f6netimini iyile\u015ftirmeye hizmet etmekle kalmay\u0131p ayn\u0131 zamanda do\u011fal afetler ve \u00e7evresel de\u011fi\u015fimler ba\u011flam\u0131nda su ihtiya\u00e7lar\u0131n\u0131n y\u00f6netilmesinde uzun vadeli bir rol \u00fcstlenecek. Kamu kurumlar\u0131 dijital inovasyon sa\u011flayarak, ekonomik g\u00fcvenlik ve b\u00fcy\u00fcme \u00fczerinde do\u011frudan bir etkiye neden olabilecek ve ayn\u0131 zamanda \u00e7evre a\u00e7\u0131s\u0131ndan katk\u0131lar sa\u011flayacak olan end\u00fcstri, ticari, konut bina servisleri ve tar\u0131m gibi sekt\u00f6rler i\u00e7in su g\u00fcvenli\u011finin artt\u0131r\u0131lmas\u0131n\u0131 garanti edebilir. \u0130yile\u015ftirilmi\u015f su y\u00f6netimi ile nehirlerin, g\u00f6llerin ve akarsular\u0131n daha az kirlenmesini sa\u011flayabilir, daha g\u00fcvenilir ve verimli \u015febekeler elde edilmesine imk\u00e2n tan\u0131yabiliriz. Su bizim en de\u011ferli kayna\u011f\u0131m\u0131z. Onu korumak i\u00e7in birlikte \u00e7al\u0131\u015fmal\u0131y\u0131z. Daha fazla zaman kaybetmeden hepimiz \u00fcst\u00fcm\u00fcze d\u00fc\u015fen g\u00f6revleri yerine getirmeliyiz.\u201d<\/p>\n<p>&nbsp;<\/p>\n","protected":false},"excerpt":{"rendered":"<p>Xylem Orta Do\u011fu ve T\u00fcrkiye Direkt\u00f6r\u00fc Naji Skaf, iklim de\u011fi\u015fikli\u011fi kar\u015f\u0131s\u0131nda su tasarrufunun kritik \u00f6nemine dikkat \u00e7ekti Su, iklim de\u011fi\u015fikli\u011finin etkilerini nas\u0131l hissedece\u011fimiz konusunda \u00e7ok \u00f6nemli bir rol oynuyor D\u00fcnya iklim de\u011fi\u015fikli\u011finin yarataca\u011f\u0131 tehditlerle kar\u015f\u0131 kar\u015f\u0131ya bulunuyor ve bu noktada suyun bilin\u00e7li kullan\u0131m\u0131 b\u00fcy\u00fck \u00f6nem ta\u015f\u0131yor. Kendisini d\u00fcnya genelindeki en zorlu su sorunlar\u0131n\u0131 \u00e7\u00f6zmeye adam\u0131\u015f [&hellip;]<\/p>\n","protected":false},"author":1,"featured_media":40506,"comment_status":"open","ping_status":"open","sticky":false,"template":"","format":"standard","meta":{"ngg_post_thumbnail":0},"categories":[26],"tags":[16495,16493,16494],"_links":{"self":[{"href":"https:\/\/emlaktuel.com\/index.php?rest_route=\/wp\/v2\/posts\/40505"}],"collection":[{"href":"https:\/\/emlaktuel.com\/index.php?rest_route=\/wp\/v2\/posts"}],"about":[{"href":"https:\/\/emlaktuel.com\/index.php?rest_route=\/wp\/v2\/types\/post"}],"author":[{"embeddable":true,"href":"https:\/\/emlaktuel.com\/index.php?rest_route=\/wp\/v2\/users\/1"}],"replies":[{"embeddable":true,"href":"https:\/\/emlaktuel.com\/index.php?rest_route=%2Fwp%2Fv2%2Fcomments&post=40505"}],"version-history":[{"count":3,"href":"https:\/\/emlaktuel.com\/index.php?rest_route=\/wp\/v2\/posts\/40505\/revisions"}],"predecessor-version":[{"id":40512,"href":"https:\/\/emlaktuel.com\/index.php?rest_route=\/wp\/v2\/posts\/40505\/revisions\/40512"}],"wp:featuredmedia":[{"embeddable":true,"href":"https:\/\/emlaktuel.com\/index.php?rest_route=\/wp\/v2\/media\/40506"}],"wp:attachment":[{"href":"https:\/\/emlaktuel.com\/index.php?rest_route=%2Fwp%2Fv2%2Fmedia&parent=40505"}],"wp:term":[{"taxonomy":"category","embeddable":true,"href":"https:\/\/emlaktuel.com\/index.php?rest_route=%2Fwp%2Fv2%2Fcategories&post=40505"},{"taxonomy":"post_tag","embeddable":true,"href":"https:\/\/emlaktuel.com\/index.php?rest_route=%2Fwp%2Fv2%2Ftags&post=40505"}],"curies":[{"name":"wp","href":"https:\/\/api.w.org\/{rel}","templated":true}]}}