{"id":40499,"date":"2022-10-06T12:40:25","date_gmt":"2022-10-06T09:40:25","guid":{"rendered":"https:\/\/emlaktuel.com\/?p=40499"},"modified":"2022-10-06T12:40:25","modified_gmt":"2022-10-06T09:40:25","slug":"kamiad-genis-kapsamli-sicil-affi-torba-yasa-teklifine-dahil-edildi","status":"publish","type":"post","link":"https:\/\/emlaktuel.com\/?p=40499","title":{"rendered":"KAM\u0130AD: Geni\u015f Kapsaml\u0131 Sicil Aff\u0131 torba yasa teklifine dahil edildi"},"content":{"rendered":"<p>Kamu M\u00fcteahhitleri ve \u0130\u015f \u0130nsanlar\u0131 Derne\u011fi (KAM\u0130AD) Genel Ba\u015fkan\u0131 Ali Ad\u0131g\u00fczel ve beraberindeki heyet AK Parti&nbsp;Grup Ba\u015fkanvekili Mustafa Elita\u015f\u2019\u0131 ziyaret etti. Yap\u0131lan g\u00f6r\u00fc\u015fmede Elita\u015f\u2019\u0131n, \u201cGeni\u015f Kapsaml\u0131 Sicil Aff\u0131n\u0131n\u201d Ekim ay\u0131nda TBMM\u2019ye gelecek olan torba yasa teklifine dahil edildi\u011fi bilgisini payla\u015ft\u0131\u011f\u0131 bildirildi.<\/p>\n<p>KAM\u0130AD taraf\u0131ndan yap\u0131lan a\u00e7\u0131klamada, taahh\u00fct sekt\u00f6r\u00fcnde ya\u015fanan problemlerin ve \u00e7\u00f6z\u00fcm \u00f6nerilerinin konu\u015fuldu\u011fu belirtildi.<\/p>\n<p>KAM\u0130AD Genel Ba\u015fkan\u0131 Ali Ad\u0131g\u00fczel, \u201cSekt\u00f6r\u00fcn en b\u00fcy\u00fck problemi olan y\u00fcksek enflasyonun telafisi i\u00e7in TBMM\u2019de kabul edilerek y\u00fcr\u00fcrl\u00fc\u011fe giren fiyat fark\u0131 yasa de\u011fi\u015fiklikleri beklentileri kar\u015f\u0131layamad\u0131. D\u00fczenlemeler, in\u015faat sekt\u00f6r\u00fc ile onun do\u011frudan ve dolayl\u0131 etkisi alt\u0131ndaki 250\u2019den fazla alt sekt\u00f6r\u00fcn sorunlar\u0131na \u00e7are olmad\u0131\u201d dedi.<\/p>\n<h2><strong>3000\u2019den fazla kamu m\u00fcteahhidi \u015firketlerini kapatmak zorunda kald\u0131<\/strong><\/h2>\n<p>Y\u0131l\u0131n ilk 8 ay\u0131nda 3000\u2019den fazla kamu m\u00fcteahhidi \u015firketlerini kapatmak zorunda kald\u0131\u011f\u0131n\u0131 belirten Ad\u0131g\u00fczel, \u201cBu yaralar sar\u0131lmaz, sekt\u00f6r\u00fcn ya\u015fad\u0131\u011f\u0131 sorunlara tatmin edici ve kal\u0131c\u0131 \u00e7\u00f6z\u00fcmler getirilmezse, T\u00fcrkiye\u2019deki 80 bine yak\u0131n m\u00fcteahhittin ticari faaliyetleri duracak. Bu da bir milyona yak\u0131n i\u015f\u00e7inin do\u011frudan i\u015fsiz kalmas\u0131 anlam\u0131na geliyor. Kamuya i\u015f yapan m\u00fcteahhitler i\u00e7in ivedi bir \u015fekilde tedbirler al\u0131nmal\u0131 ve bu tedbirler Ekim ay\u0131nda TBMM\u2019ye gelecek olan torba yasa teklifine dahil edilmelidir\u201d&nbsp; \u0130fadelerini kulland\u0131.<\/p>\n<p>\u00d6ncelikli taleplerini a\u00e7\u0131klayan Ali Ad\u0131g\u00fczel, \u201cTeminat\u0131 irad kaydedilen ve ihale yasakl\u0131s\u0131 olan y\u00fcklenicilerin teminatlar\u0131n\u0131n iadesi ve sicil aff\u0131 getirilmesi, i\u015fin ger\u00e7ekle\u015fme y\u00fczdesine bak\u0131lmaks\u0131z\u0131n \u015farts\u0131z tasfiye hakk\u0131 verilmesini de i\u00e7eren yeni bir ek fiyat fark\u0131 ve tasfiye yasa de\u011fi\u015fikli\u011finin y\u00fcr\u00fcrl\u00fc\u011fe girmesi, ayr\u0131ca art\u0131r\u0131ml\u0131 fiyat fark\u0131&nbsp; katsay\u0131lar\u0131n\u0131n ( B ve D) 2,00 gibi&nbsp; makul bir seviyeye \u00e7ekilmesidir\u201d dedi.<\/p>\n<p>\u00d6te yandan g\u00f6r\u00fc\u015fmede AK Parti Grup Ba\u015fkanvekili Mustafa Elita\u015f\u2019\u0131n konuyu ilgili bakanl\u0131klarla g\u00f6r\u00fc\u015fece\u011fini, Kamu \u0130hale Kurumu\u2019nun da bu \u00e7al\u0131\u015fmaya dahil edilece\u011fini s\u00f6yledi\u011fi belirtildi. Elita\u015f\u2019\u0131n, \u201cGeni\u015f Kapsaml\u0131 Sicil Aff\u0131n\u0131n\u201d Ekim ay\u0131nda TBMM\u2019ye gelecek olan torba yasa teklifine dahil edildi\u011fi bilgisini payla\u015ft\u0131\u011f\u0131 bildirildi.<\/p>\n","protected":false},"excerpt":{"rendered":"<p>Kamu M\u00fcteahhitleri ve \u0130\u015f \u0130nsanlar\u0131 Derne\u011fi (KAM\u0130AD) Genel Ba\u015fkan\u0131 Ali Ad\u0131g\u00fczel ve beraberindeki heyet AK Parti&nbsp;Grup Ba\u015fkanvekili Mustafa Elita\u015f\u2019\u0131 ziyaret etti. Yap\u0131lan g\u00f6r\u00fc\u015fmede Elita\u015f\u2019\u0131n, \u201cGeni\u015f Kapsaml\u0131 Sicil Aff\u0131n\u0131n\u201d Ekim ay\u0131nda TBMM\u2019ye gelecek olan torba yasa teklifine dahil edildi\u011fi bilgisini payla\u015ft\u0131\u011f\u0131 bildirildi. KAM\u0130AD taraf\u0131ndan yap\u0131lan a\u00e7\u0131klamada, taahh\u00fct sekt\u00f6r\u00fcnde ya\u015fanan problemlerin ve \u00e7\u00f6z\u00fcm \u00f6nerilerinin konu\u015fuldu\u011fu belirtildi. KAM\u0130AD [&hellip;]<\/p>\n","protected":false},"author":1,"featured_media":40500,"comment_status":"open","ping_status":"open","sticky":false,"template":"","format":"standard","meta":{"ngg_post_thumbnail":0},"categories":[5388],"tags":[16491],"_links":{"self":[{"href":"https:\/\/emlaktuel.com\/index.php?rest_route=\/wp\/v2\/posts\/40499"}],"collection":[{"href":"https:\/\/emlaktuel.com\/index.php?rest_route=\/wp\/v2\/posts"}],"about":[{"href":"https:\/\/emlaktuel.com\/index.php?rest_route=\/wp\/v2\/types\/post"}],"author":[{"embeddable":true,"href":"https:\/\/emlaktuel.com\/index.php?rest_route=\/wp\/v2\/users\/1"}],"replies":[{"embeddable":true,"href":"https:\/\/emlaktuel.com\/index.php?rest_route=%2Fwp%2Fv2%2Fcomments&post=40499"}],"version-history":[{"count":1,"href":"https:\/\/emlaktuel.com\/index.php?rest_route=\/wp\/v2\/posts\/40499\/revisions"}],"predecessor-version":[{"id":40501,"href":"https:\/\/emlaktuel.com\/index.php?rest_route=\/wp\/v2\/posts\/40499\/revisions\/40501"}],"wp:featuredmedia":[{"embeddable":true,"href":"https:\/\/emlaktuel.com\/index.php?rest_route=\/wp\/v2\/media\/40500"}],"wp:attachment":[{"href":"https:\/\/emlaktuel.com\/index.php?rest_route=%2Fwp%2Fv2%2Fmedia&parent=40499"}],"wp:term":[{"taxonomy":"category","embeddable":true,"href":"https:\/\/emlaktuel.com\/index.php?rest_route=%2Fwp%2Fv2%2Fcategories&post=40499"},{"taxonomy":"post_tag","embeddable":true,"href":"https:\/\/emlaktuel.com\/index.php?rest_route=%2Fwp%2Fv2%2Ftags&post=40499"}],"curies":[{"name":"wp","href":"https:\/\/api.w.org\/{rel}","templated":true}]}}