{"id":40470,"date":"2022-10-05T12:01:37","date_gmt":"2022-10-05T09:01:37","guid":{"rendered":"https:\/\/emlaktuel.com\/?p=40470"},"modified":"2022-10-05T12:01:37","modified_gmt":"2022-10-05T09:01:37","slug":"imsad-dis-ticaret-insaat-malzemeleri-ihracati-3478-milyar-dolarla-yeni-zirvesine-ulasti","status":"publish","type":"post","link":"https:\/\/emlaktuel.com\/?p=40470","title":{"rendered":"\u0130MSAD d\u0131\u015f ticaret: \u0130n\u015faat malzemeleri ihracat\u0131\u00a034,78 milyar dolarla\u00a0yeni zirvesine ula\u015ft\u0131"},"content":{"rendered":"<p><strong>T\u00fcrkiye \u0130n\u015faat Malzemesi Sanayicileri Derne\u011fi\u2019nin (T\u00fcrkiye \u0130MSAD) haz\u0131rlad\u0131\u011f\u0131 D\u0131\u015f Ticaret Endeksi\u2019nin a\u011fustos ay\u0131 sonu\u00e7lar\u0131n\u0131 a\u00e7\u0131klad\u0131. Pazarlardaki yava\u015flamaya ra\u011fmen in\u015faat malzemeleri ihracat performans\u0131 a\u011fustos ay\u0131nda yeniden h\u0131z kazan\u0131rken buna ba\u011fl\u0131 olarak y\u0131ll\u0131k (son 12 ayl\u0131k) ihracat 34,78 milyar dolarla yeni zirvesine ula\u015ft\u0131. \u0130hracat ge\u00e7en y\u0131l\u0131n a\u011fustos ay\u0131na g\u00f6re de\u011fer olarak y\u00fczde 5,5 art\u0131\u015fla 2,99 milyar dolar oldu.<\/strong><\/p>\n<p>\u0130n\u015faat malzemesi sekt\u00f6r\u00fcn\u00fcn \u00e7at\u0131 kurulu\u015fu<strong>&nbsp;T\u00fcrkiye \u0130MSAD<\/strong>&nbsp;taraf\u0131ndan haz\u0131rlanan&nbsp;<strong>\u0130n\u015faat Malzemeleri Sanayi D\u0131\u015f Ticaret Endeksi<\/strong>\u2019ne g\u00f6re a\u011fustos ay\u0131nda, pazarlardaki yava\u015flamaya ra\u011fmen in\u015faat malzemeleri ihracat performans\u0131 yeniden h\u0131z kazand\u0131. \u0130hracat ge\u00e7en y\u0131l\u0131n a\u011fustos ay\u0131na g\u00f6re de\u011fer olarak y\u00fczde&nbsp;<strong>5,5<\/strong>&nbsp;art\u0131\u015fla&nbsp;<strong>2,99<\/strong>&nbsp;milyar dolar oldu. B\u00f6ylece de\u011fer olarak y\u0131l\u0131n en y\u00fcksek d\u00f6rd\u00fcnc\u00fc ayl\u0131k ihracat\u0131 ger\u00e7ekle\u015fti. De\u011fer olarak art\u0131\u015f kaydeden ihracat, miktar olarak ge\u00e7en y\u0131l\u0131n a\u011fustos ay\u0131na g\u00f6re y\u00fczde&nbsp;<strong>11,4<\/strong>&nbsp;azalarak&nbsp;<strong>5,18<\/strong>&nbsp;milyon ton olarak ger\u00e7ekle\u015fti.<\/p>\n<p>\u0130n\u015faat malzemeleri sanayi ortalama y\u0131ll\u0131k ihracat birim fiyat\u0131 ge\u00e7en y\u0131l\u0131n a\u011fustos ay\u0131na g\u00f6re y\u00fczde&nbsp;<strong>20,8<\/strong>&nbsp;art\u0131\u015fla&nbsp;<strong>0,48<\/strong>&nbsp;dolar\/kg\u2019dan&nbsp;<strong>0,58<\/strong>&nbsp;dolar\/kg seviyesine \u00e7\u0131kt\u0131.&nbsp;<\/p>\n<p>\u0130hracatta de\u011fer olarak y\u00fcksek performans yakalan\u0131rken ithalatta da art\u0131\u015f ya\u015fand\u0131. 2022 y\u0131l\u0131 a\u011fustos ay\u0131nda in\u015faat malzemeleri ithalat\u0131 ge\u00e7en y\u0131la g\u00f6re y\u00fczde&nbsp;<strong>24,5<\/strong>&nbsp;art\u0131\u015fla&nbsp;<strong>920<\/strong>&nbsp;milyon dolara ula\u015ft\u0131. Miktar olarak a\u011fustos ay\u0131nda in\u015faat malzemeleri ithalat\u0131&nbsp;<strong>315 bin 466<\/strong>&nbsp;ton oldu. De\u011fer ve miktar olarak a\u011fustos ay\u0131nda y\u0131l\u0131n en y\u00fcksek \u00fc\u00e7\u00fcnc\u00fc ayl\u0131k ithalat\u0131 yap\u0131ld\u0131. \u0130n\u015faat malzemeleri sanayi ortalama ithalat birim fiyat\u0131 a\u011fustos ay\u0131nda&nbsp;<strong>2,92<\/strong>&nbsp;dolar\/kg olarak ger\u00e7ekle\u015fti.<\/p>\n<p><strong>Y\u0131ll\u0131k ihracat tarihin en y\u00fcksek seviyesine ula\u015ft\u0131&nbsp;<\/strong><\/p>\n<p>A\u011fustos ay\u0131 ihracat performans\u0131na ba\u011fl\u0131 olarak in\u015faat malzemeleri y\u0131ll\u0131k (son 12 ayl\u0131k) ihracat\u0131&nbsp;<strong>34,78<\/strong>&nbsp;milyar dolarla yeni tarihi zirvesine ula\u015ft\u0131. Y\u0131ll\u0131k ihracat miktar olarak&nbsp;<strong>62,3<\/strong>&nbsp;milyon tona inerken, ihracat birim fiyat\u0131 y\u0131ll\u0131k ortalama&nbsp;<strong>0,56&nbsp;<\/strong>dolar\/kg oldu.<\/p>\n<p>\u0130hracatta y\u00fcksek performansla yeni rekor k\u0131r\u0131l\u0131rken, pazarlardaki yava\u015flaman\u0131n etkisi miktarlardaki d\u00fc\u015f\u00fc\u015flerle kendini g\u00f6sterdi. De\u011fer taraf\u0131ndaki art\u0131\u015f\u0131, ge\u00e7en seneye g\u00f6re halen daha y\u00fcksek olan ihracat birim fiyatlar\u0131 sa\u011flad\u0131. Fiyatlarda ba\u015flayan d\u00fc\u015f\u00fc\u015flerin etkisinin y\u0131l\u0131n son aylar\u0131nda yans\u0131mas\u0131 bekleniyor.<\/p>\n<p><strong>Alt sekt\u00f6rlerde fiyat d\u00fc\u015f\u00fc\u015fleri ihracat performans\u0131n\u0131 farkl\u0131la\u015ft\u0131rmaya ba\u015flad\u0131 &nbsp;<\/strong><\/p>\n<p>A\u011fustos ay\u0131nda in\u015faat malzemeleri ihracat performans\u0131 alt sekt\u00f6rler itibar\u0131yla ge\u00e7en y\u0131l\u0131n ayn\u0131 ay\u0131 ile kar\u015f\u0131la\u015ft\u0131r\u0131ld\u0131\u011f\u0131nda farkl\u0131l\u0131klar g\u00f6sterdi.&nbsp;<strong>Yedi<\/strong>&nbsp;alt sekt\u00f6rde ger\u00e7ekle\u015fen de\u011fer art\u0131\u015flar\u0131 daha \u00e7ok birim fiyat art\u0131\u015flar\u0131ndan kaynakland\u0131. Miktar olarak ise d\u00fc\u015f\u00fc\u015fler g\u00f6r\u00fcld\u00fc.<\/p>\n<p>A\u011fustos ay\u0131nda&nbsp;<strong>sekiz<\/strong>&nbsp;alt \u00fcr\u00fcn grubunun&nbsp;<strong>yedisinde<\/strong>&nbsp;ihracat birim fiyatlar\u0131 ge\u00e7en y\u0131la g\u00f6re y\u00fckseldi. K\u00fcresel emtia ve nihai \u00fcr\u00fcn fiyatlar\u0131 d\u00fc\u015f\u00fc\u015f e\u011filimine girmekle birlikte halen ge\u00e7en y\u0131l\u0131n yaz d\u00f6nemi fiyatlar\u0131n\u0131n \u00fczerinde bulunuyor.<\/p>\n<p>2022 y\u0131l\u0131 a\u011fustos ay\u0131nda demir \u00e7elik \u00fcr\u00fcnlerin ortalama ihracat birim fiyat\u0131 ge\u00e7en y\u0131l\u0131n a\u011fustos ay\u0131na g\u00f6re y\u00fczde&nbsp;<strong>6,4<\/strong>, mineral, ta\u015f ve toprak \u00fcr\u00fcnlerin ortalama ihracat birim fiyat\u0131 y\u00fczde&nbsp;<strong>25,6<\/strong>, metal bazl\u0131 \u00fcr\u00fcnlerin ise y\u00fczde&nbsp;<strong>18,2<\/strong>&nbsp;y\u00fckseldi. Bu d\u00f6nemde yal\u0131t\u0131m malzemelerinde ortalama ihracat birim fiyat\u0131 y\u00fczde&nbsp;<strong>16,1<\/strong>, a\u011fa\u00e7 ve ah\u015fap \u00fcr\u00fcnlerin y\u00fczde&nbsp;<strong>24,7<\/strong>&nbsp;artt\u0131. &nbsp; &nbsp;&nbsp;<\/p>\n<p>2022 y\u0131l\u0131 a\u011fustos<strong>&nbsp;ay\u0131nda sekiz<\/strong>&nbsp;alt \u00fcr\u00fcn grubunun&nbsp;<strong>d\u00f6rd\u00fcnde<\/strong>&nbsp;ihracat miktar olarak 2021 y\u0131l\u0131 a\u011fustos ay\u0131n\u0131n \u00fczerinde ger\u00e7ekle\u015firken&nbsp;<strong>d\u00f6rt<\/strong>&nbsp;alt sekt\u00f6rde d\u00fc\u015f\u00fc\u015f ya\u015fand\u0131. Miktar olarak d\u00fc\u015f\u00fc\u015flerde ge\u00e7en y\u0131l ger\u00e7ekle\u015fen y\u00fcksek art\u0131\u015flar\u0131n\u0131n baz etkileri g\u00f6r\u00fcld\u00fc. &nbsp; &nbsp; &nbsp;<\/p>\n<p>\u0130hracat miktar olarak 2022 y\u0131l\u0131 a\u011fustos ay\u0131nda bir \u00f6nceki y\u0131l\u0131n a\u011fustos ay\u0131na g\u00f6re kimyasal \u00fcr\u00fcnlerde y\u00fczde&nbsp;<strong>20,9<\/strong>, prefabrik yap\u0131larda ise y\u00fczde&nbsp;<strong>44<\/strong>&nbsp;artt\u0131. Demir \u00e7elik \u00fcr\u00fcnleri ihracat\u0131 miktar olarak y\u00fczde&nbsp;<strong>6,9<\/strong>, mineral, ta\u015f ve toprak \u00fcr\u00fcnlerin ihracat\u0131 y\u00fczde&nbsp;<strong>14,5<\/strong>&nbsp;ve metal bazl\u0131 \u00fcr\u00fcnlerin ihracat\u0131 y\u00fczde&nbsp;<strong>4,4<\/strong>&nbsp;azald\u0131. &nbsp; &nbsp; &nbsp; &nbsp; &nbsp; &nbsp; &nbsp;<\/p>\n<p><strong>Sekiz<\/strong>&nbsp;alt \u00fcr\u00fcn grubunun&nbsp;<strong>yedisinde<\/strong>&nbsp;ihracat 2022 y\u0131l\u0131 a\u011fustos ay\u0131nda 2021 y\u0131l\u0131 a\u011fustos ay\u0131na g\u00f6re de\u011fer olarak y\u00fckseldi. \u0130hracat de\u011fer olarak kimyasal bazl\u0131 \u00fcr\u00fcnlerde y\u00fczde&nbsp;<strong>19,9<\/strong>, prefabrik yap\u0131larda y\u00fczde&nbsp;<strong>55,2<\/strong>, metal bazl\u0131 \u00fcr\u00fcnlerde y\u00fczde&nbsp;<strong>13<\/strong>&nbsp;artarken demir \u00e7elik \u00fcr\u00fcnlerinde y\u00fczde&nbsp;<strong>1,5<\/strong>&nbsp;azald\u0131. &nbsp; &nbsp; &nbsp; &nbsp; &nbsp; &nbsp;&nbsp;<\/p>\n<p><strong>T\u00fcrkiye sanayi ihracat performans\u0131 a\u011fustos ay\u0131nda toparland\u0131 &nbsp;&nbsp;<\/strong><\/p>\n<p>Temmuz ay\u0131nda \u00e7al\u0131\u015fma g\u00fcn say\u0131s\u0131n\u0131n azalmas\u0131 ile d\u00fc\u015fen T\u00fcrkiye\u2019nin sanayi ihracat\u0131, a\u011fustos ay\u0131ndaki normalle\u015fme ile yeniden artt\u0131. Sanayi \u00fcr\u00fcnleri ihracat\u0131 de\u011fer olarak&nbsp;<strong>15,32<\/strong>&nbsp;milyar dolara y\u00fckselmesine ra\u011fmen temmuz ay\u0131 \u00f6ncesine g\u00f6re d\u00fc\u015f\u00fck kald\u0131. Miktar olarak da benzer bir hareketle ihracat a\u011fustosta bir \u00f6nceki aya g\u00f6re artt\u0131 ancak temmuz ay\u0131 \u00f6ncesinin alt\u0131nda ger\u00e7ekle\u015fti.<\/p>\n<p>2022 y\u0131l\u0131 a\u011fustos ay\u0131nda T\u00fcrkiye toplam sanayi \u00fcr\u00fcnleri ihracat\u0131 miktar olarak pazarlardaki yava\u015flamalar\u0131n etkisi alt\u0131nda&nbsp;<strong>9,26<\/strong>&nbsp;milyon ton olarak ger\u00e7ekle\u015fti.<\/p>\n<p>Sanayi mal\u0131 ihracat\u0131nda ortalama birim fiyatlar\u0131 ge\u00e7en y\u0131l a\u011fustos ay\u0131nda&nbsp;<strong>1,47<\/strong>&nbsp;dolar\/kg iken, bu y\u0131l a\u011fustos ay\u0131nda&nbsp;<strong>1,65<\/strong>&nbsp;dolar\/kg\u2019a \u00e7\u0131kt\u0131. Ge\u00e7en y\u0131la g\u00f6re y\u00fcksek olan ihracat birim fiyatlar\u0131n\u0131n ihracata katk\u0131s\u0131 s\u00fcrerken \u00f6n\u00fcm\u00fczdeki aylarda bu etkinin azalmas\u0131 bekleniyor. Sava\u015fla birlikte y\u00fckselen fiyatlar, resesyon endi\u015feleri ile temmuz ay\u0131ndan itibaren gerileme e\u011filimini s\u00fcrd\u00fcr\u00fcyor.<\/p>\n<p>T\u00fcrkiye\u2019nin sanayi mallar\u0131na y\u00f6nelik ilave talep yeni y\u0131l\u0131n ilk yar\u0131s\u0131nda y\u00fcksek ger\u00e7ekle\u015fti. Ancak y\u0131l\u0131n son aylar\u0131nda hem Rusya-Ukrayna sava\u015f\u0131n\u0131n pazarlarda artan etkileri hem de resesyon endi\u015feleri ile sanayi ihracat\u0131ndaki art\u0131\u015f\u0131n yava\u015flamas\u0131, paritelerin de olumsuz etkileri bekleniyor.<\/p>\n","protected":false},"excerpt":{"rendered":"<p>T\u00fcrkiye \u0130n\u015faat Malzemesi Sanayicileri Derne\u011fi\u2019nin (T\u00fcrkiye \u0130MSAD) haz\u0131rlad\u0131\u011f\u0131 D\u0131\u015f Ticaret Endeksi\u2019nin a\u011fustos ay\u0131 sonu\u00e7lar\u0131n\u0131 a\u00e7\u0131klad\u0131. Pazarlardaki yava\u015flamaya ra\u011fmen in\u015faat malzemeleri ihracat performans\u0131 a\u011fustos ay\u0131nda yeniden h\u0131z kazan\u0131rken buna ba\u011fl\u0131 olarak y\u0131ll\u0131k (son 12 ayl\u0131k) ihracat 34,78 milyar dolarla yeni zirvesine ula\u015ft\u0131. \u0130hracat ge\u00e7en y\u0131l\u0131n a\u011fustos ay\u0131na g\u00f6re de\u011fer olarak y\u00fczde 5,5 art\u0131\u015fla 2,99 milyar dolar [&hellip;]<\/p>\n","protected":false},"author":1,"featured_media":40471,"comment_status":"open","ping_status":"open","sticky":false,"template":"","format":"standard","meta":{"ngg_post_thumbnail":0},"categories":[5388],"tags":[8735],"_links":{"self":[{"href":"https:\/\/emlaktuel.com\/index.php?rest_route=\/wp\/v2\/posts\/40470"}],"collection":[{"href":"https:\/\/emlaktuel.com\/index.php?rest_route=\/wp\/v2\/posts"}],"about":[{"href":"https:\/\/emlaktuel.com\/index.php?rest_route=\/wp\/v2\/types\/post"}],"author":[{"embeddable":true,"href":"https:\/\/emlaktuel.com\/index.php?rest_route=\/wp\/v2\/users\/1"}],"replies":[{"embeddable":true,"href":"https:\/\/emlaktuel.com\/index.php?rest_route=%2Fwp%2Fv2%2Fcomments&post=40470"}],"version-history":[{"count":1,"href":"https:\/\/emlaktuel.com\/index.php?rest_route=\/wp\/v2\/posts\/40470\/revisions"}],"predecessor-version":[{"id":40472,"href":"https:\/\/emlaktuel.com\/index.php?rest_route=\/wp\/v2\/posts\/40470\/revisions\/40472"}],"wp:featuredmedia":[{"embeddable":true,"href":"https:\/\/emlaktuel.com\/index.php?rest_route=\/wp\/v2\/media\/40471"}],"wp:attachment":[{"href":"https:\/\/emlaktuel.com\/index.php?rest_route=%2Fwp%2Fv2%2Fmedia&parent=40470"}],"wp:term":[{"taxonomy":"category","embeddable":true,"href":"https:\/\/emlaktuel.com\/index.php?rest_route=%2Fwp%2Fv2%2Fcategories&post=40470"},{"taxonomy":"post_tag","embeddable":true,"href":"https:\/\/emlaktuel.com\/index.php?rest_route=%2Fwp%2Fv2%2Ftags&post=40470"}],"curies":[{"name":"wp","href":"https:\/\/api.w.org\/{rel}","templated":true}]}}