{"id":40466,"date":"2022-10-04T15:53:46","date_gmt":"2022-10-04T12:53:46","guid":{"rendered":"https:\/\/emlaktuel.com\/?p=40466"},"modified":"2022-10-04T15:53:46","modified_gmt":"2022-10-04T12:53:46","slug":"gyoder-17-gayrimenkul-zirvesi-25-ekimde-zorlu-psmde-gerceklesecek-2","status":"publish","type":"post","link":"https:\/\/emlaktuel.com\/?p=40466","title":{"rendered":"GYODER 17. Gayrimenkul Zirvesi 25 Ekim\u2019de Zorlu PSM\u2019de ger\u00e7ekle\u015fecek"},"content":{"rendered":"<p class=\"p2\"><b>GYODER, Gayrimenkul Zirvesi\u2019nin a\u00e7\u0131l\u0131\u015f\u0131n\u0131 \u2018Yeni Rota ve Gelecek\u2019 ile yapacak.<\/b><\/p>\n<p class=\"p1\"><b>GYODER taraf\u0131ndan 2000 y\u0131l\u0131ndan bu yana d\u00fczenlenen ve 25 Ekim 2022\u2019de Zorlu PSM\u2019de ger\u00e7ekle\u015fecek 17. Gayrimenkul Zirvesi\u2019nin a\u00e7\u0131l\u0131\u015f panelinin konusu \u2018Yeni Rota ve Gelecek\u2019 olarak belirlendi.<\/b><\/p>\n<p class=\"p3\">17. kez d\u00fczenlenecek <b>GYODER<\/b> <b>Gayrimenkul Zirvesi\u2019<\/b>nde gayrimenkul sekt\u00f6r\u00fcn\u00fcn g\u00fcndemine dair bir\u00e7ok konu ele al\u0131nacak.<\/p>\n<p class=\"p3\">Zirvedeki ilk panelin konusu <b>\u2018Yeni Rota ve Gelecek\u2019<\/b> olurken; panelde \u201cRota neden yeniden olu\u015fturuluyor?, D\u00fcnyada ve T\u00fcrkiye\u2019de yeni normlar nelerdir?, Gelece\u011fin yap\u0131 ta\u015flar\u0131 nelerdir?, Pandeminin izlerinin finansal, toplumsal ve mimari etkileri neler oldu ve T\u00fcrkiye d\u00fcnyadan nas\u0131l g\u00f6r\u00fcl\u00fcyor?\u201d ba\u015fl\u0131klar\u0131 ele al\u0131nacak.<\/p>\n<p class=\"p3\">Sunuculu\u011funu <b>J\u00fclide Ate\u015f<\/b>\u2019in yapaca\u011f\u0131 zirvede, PwC T\u00fcrkiye Y\u00f6netici Orta\u011f\u0131 ve Sekt\u00f6r Lideri <b>Ersun Bayraktaro\u011flu<\/b>\u2019nun moderat\u00f6rl\u00fc\u011f\u00fcnde ger\u00e7ekle\u015fecek <b>\u201cYeni Rota ve Gelecek\u201d <\/b>panelinin<b> <\/b>konu\u015fmac\u0131lar\u0131 ise; \u0130stanbul Topkap\u0131 \u00dcniversitesi Rekt\u00f6r\u00fc <b>Prof. Dr. Emre Alkin, <\/b>\u0130stinye \u00dcniversitesi Dekan\u0131 <b>Prof. Dr. A. U\u011fur Tanyeli<\/b> ve Konda Ara\u015ft\u0131rma Genel M\u00fcd\u00fcr\u00fc <b>Bekir A\u011f\u0131rd\u0131r <\/b>olacak.<b> <\/b><\/p>\n<p class=\"p3\">GYODER bu zirveyle ana vizyonu olan 4T prensibi ile; <b>Tabiat, Toplum, Teknoloji <\/b>ve<b> Tasar\u0131m<\/b> konular\u0131n\u0131 sahiplenerek amac\u0131n\u0131 ve fark\u0131n\u0131 hem yapt\u0131klar\u0131 hem de s\u00f6ylemleriyle t\u00fcm sekt\u00f6r payda\u015flar\u0131na iletmeyi ama\u00e7l\u0131yor.<\/p>\n<p class=\"p4\">http:\/\/www.gyodergayrimenkulzirvesi.org&#8221; <span class=\"s2\">www.gyodergayrimenkulzirvesi.org<\/span><\/p>\n","protected":false},"excerpt":{"rendered":"<p>GYODER, Gayrimenkul Zirvesi\u2019nin a\u00e7\u0131l\u0131\u015f\u0131n\u0131 \u2018Yeni Rota ve Gelecek\u2019 ile yapacak. GYODER taraf\u0131ndan 2000 y\u0131l\u0131ndan bu yana d\u00fczenlenen ve 25 Ekim 2022\u2019de Zorlu PSM\u2019de ger\u00e7ekle\u015fecek 17. Gayrimenkul Zirvesi\u2019nin a\u00e7\u0131l\u0131\u015f panelinin konusu \u2018Yeni Rota ve Gelecek\u2019 olarak belirlendi. 17. kez d\u00fczenlenecek GYODER Gayrimenkul Zirvesi\u2019nde gayrimenkul sekt\u00f6r\u00fcn\u00fcn g\u00fcndemine dair bir\u00e7ok konu ele al\u0131nacak. Zirvedeki ilk panelin konusu \u2018Yeni [&hellip;]<\/p>\n","protected":false},"author":1,"featured_media":40467,"comment_status":"open","ping_status":"open","sticky":false,"template":"","format":"standard","meta":{"ngg_post_thumbnail":0},"categories":[5388],"tags":[2241],"_links":{"self":[{"href":"https:\/\/emlaktuel.com\/index.php?rest_route=\/wp\/v2\/posts\/40466"}],"collection":[{"href":"https:\/\/emlaktuel.com\/index.php?rest_route=\/wp\/v2\/posts"}],"about":[{"href":"https:\/\/emlaktuel.com\/index.php?rest_route=\/wp\/v2\/types\/post"}],"author":[{"embeddable":true,"href":"https:\/\/emlaktuel.com\/index.php?rest_route=\/wp\/v2\/users\/1"}],"replies":[{"embeddable":true,"href":"https:\/\/emlaktuel.com\/index.php?rest_route=%2Fwp%2Fv2%2Fcomments&post=40466"}],"version-history":[{"count":1,"href":"https:\/\/emlaktuel.com\/index.php?rest_route=\/wp\/v2\/posts\/40466\/revisions"}],"predecessor-version":[{"id":40468,"href":"https:\/\/emlaktuel.com\/index.php?rest_route=\/wp\/v2\/posts\/40466\/revisions\/40468"}],"wp:featuredmedia":[{"embeddable":true,"href":"https:\/\/emlaktuel.com\/index.php?rest_route=\/wp\/v2\/media\/40467"}],"wp:attachment":[{"href":"https:\/\/emlaktuel.com\/index.php?rest_route=%2Fwp%2Fv2%2Fmedia&parent=40466"}],"wp:term":[{"taxonomy":"category","embeddable":true,"href":"https:\/\/emlaktuel.com\/index.php?rest_route=%2Fwp%2Fv2%2Fcategories&post=40466"},{"taxonomy":"post_tag","embeddable":true,"href":"https:\/\/emlaktuel.com\/index.php?rest_route=%2Fwp%2Fv2%2Ftags&post=40466"}],"curies":[{"name":"wp","href":"https:\/\/api.w.org\/{rel}","templated":true}]}}